{"id":514856,"date":"2021-07-23T00:12:02","date_gmt":"2021-07-23T05:12:02","guid":{"rendered":"https:\/\/www.diarioimagen.net\/?p=514856"},"modified":"2021-07-26T04:19:33","modified_gmt":"2021-07-26T09:19:33","slug":"senadores-de-morena-van-por-requisitos-claros-en-partidos-para-la-seleccion-de-candidatos","status":"publish","type":"post","link":"https:\/\/www.diarioimagen.net\/?p=514856","title":{"rendered":"Senadores de Morena van por requisitos claros en partidos para la selecci\u00f3n de candidatos"},"content":{"rendered":"<h2>Tras la puerta del poder<\/h2>\n<h5>Roberto Vizca\u00edno<\/h5>\n<p>&nbsp;<\/p>\n<p>Si <strong>Andr\u00e9s Manuel L\u00f3pez Obrador<\/strong>, <strong>Mario Delgado<\/strong> y los de la lista presidencial oficial (<strong>Ebrard<\/strong> y <strong>Sheinbaum<\/strong>) pensaban que podr\u00edan mantener bajo control y lejos de la contienda presidencial del 2024 a <strong>Ricardo Monreal<\/strong>, se equivocaron.<\/p>\n<p>Ayer, uno de sus m\u00e1s cercanos, el senador morenista poblano <strong>Alejandro Armenta<\/strong> propuso incluir en la inminente reforma pol\u00edtico-electoral una iniciativa para transparentar la <strong>definici\u00f3n de candidatos.<\/strong><\/p>\n<p>Ello obligar\u00eda a los partidos pol\u00edticos -oigan bien <strong>AMLO<\/strong> y <strong>Mario Delgado<\/strong>-, incluido Morena, a cumplir criterios y <strong>requisitos claros de elegibilidad. <\/strong><\/p>\n<p>Claro que eso acercar\u00eda definitivamente a <strong>Monreal <\/strong>a la candidatura presidencial de Morena en 2024.<\/p>\n<p>Cero encuestas <em>patito<\/em>. Nada de elegidos por <em>dedazo ma\u00f1anero<\/em>.<\/p>\n<p>Y, para empezar, deber\u00e1n respetar y permitir la participaci\u00f3n de militantes, simpatizantes y todos aquellos <em>con reconocida personalidad<\/em> en cada instituto pol\u00edtico.<\/p>\n<p><strong>Armenta<\/strong>, presidente de la Comisi\u00f3n de Hacienda, considera que, ante el c\u00famulo de quejas de militantes y aspirantes a cargos de elecci\u00f3n, que son sometidos en sus partidos a muy dudosos y cuestionables procesos de selecci\u00f3n de candidatos, es imperativo legislar para garantizar que en las elecciones internas de los partidos pol\u00edticos se respeten, mediante procedimientos y reglas transparentes, los derechos constitucionales de todas las personas que participen para candidatos de elecci\u00f3n popular.<\/p>\n<p>Al presentar su iniciativa durante el pleno de la Comisi\u00f3n Permanente, <strong>Armenta<\/strong> indic\u00f3 que es necesario impulsar esta reforma para garantizar se acaten los principios constitucionales de <strong><em>certeza, legalidad, imparcialidad, independencia y equidad<\/em><\/strong>.<\/p>\n<p>La reforma permitir\u00e1 a cualquier aspirante defenderse ante los \u00f3rganos competentes de cualquier violaci\u00f3n a sus derechos pol\u00edticos electorales.<\/p>\n<p>La iniciativa de <strong>Armenta<\/strong> buscar\u00e1 que el apartado (d) del Art\u00edculo 34 de la Ley General de Partidos Pol\u00edticos, que ahora establece que: Los procedimientos y requisitos; \u201ces asunto interno de cada partido\u201d, sea sustituido por el siguiente texto:<\/p>\n<p>\u201cLos procedimientos y requisitos para la selecci\u00f3n de sus precandidatos y candidatos a cargos de elecci\u00f3n popular se realicen de manera clara y sucinta con convocatorias abiertas y reglas claras, permitiendo la participaci\u00f3n y elegibilidad a los militantes, simpatizantes y todos aquellos que ostenten alguna personalidad reconocida dentro del ente pol\u00edtico\u201d.<\/p>\n<p>Esta obligaci\u00f3n, indica el senador poblano, no violar\u00eda la autonom\u00eda de cada partido pol\u00edtico porque no se contrapone a los principios constitucionales de certeza, legalidad, independencia, imparcialidad, m\u00e1xima publicidad, objetividad, transparencia y equidad\u201d.<\/p>\n<p>El legislador poblano considera que los partidos deben respetar y permitir que sus militantes, simpatizantes y todos aquellos que ostenten alguna personalidad puedan acceder a su derecho de votar y ser votado.<\/p>\n<p>Adem\u00e1s, agreg\u00f3, en el apartado 6 del mismo art\u00edculo 34 se enfatiza la importancia de \u201cacatar y ponderar en los procedimientos los principios constitucionales, con el objeto de preservar los derechos pol\u00edticos electorales de cada uno de los aspirantes\u201d.<\/p>\n<p>De esta manera, afirm\u00f3, desde el Senado se fortalece el marco legal para consolidar una democracia participativa donde todos los ciudadanos y ciudadanas tengan las mismas oportunidades de elegir y ser elegido a cargos de elecci\u00f3n popular, y bajo mecanismos que privilegian la equidad y la transparencia.<\/p>\n<p>Creo que no est\u00e1 por dem\u00e1s recordar que <strong>Ricardo Monreal, <\/strong>l\u00edder de la mayor\u00eda de Morena en el Senado -y quien la semana anterior (en el refuego de una sucesi\u00f3n presidencial muy adelantada) afirm\u00f3 que \u00e9l estar\u00e1 en la boleta de la contienda presidencial del 2024, <strong><em>preferentemente, pero no forzosamente<\/em><\/strong> como candidato de Morena-, ha dicho que no participar\u00eda en un proceso dentro de Morena para la selecci\u00f3n de candidatos presidenciales v\u00eda encuestas, por ser este un mecanismo no s\u00f3lo muy cuestionado sino muy desgastado.<\/p>\n<p>Bueno, pues aqu\u00ed est\u00e1 su respuesta.<\/p>\n<p>POSTDATA: Mensaje en redes sociales de <strong>Monreal<\/strong>: \u201cDesde ayer por la noche mi n\u00famero de celular fue hackeado, impidi\u00e9ndome acceder a cualquier aplicaci\u00f3n, por lo que pido ignorar todo mensaje que pudieran recibir del mismo, ya sea por WhatsApp u otro medio. Estamos tratando de solucionar el problema, las y los mantendr\u00e9 al tanto\u201d.<\/p>\n<p>\u00bfComenz\u00f3 el juego rudo?<\/p>\n<p><em><a href=\"mailto:rvizcainoa@gmail.com\" target=\"_blank\" rel=\"noopener noreferrer\">rvizcainoa@gmail.com<\/a><br \/>\n<u><a href=\"http:\/\/endirecto.mx\" target=\"_blank\" rel=\"noopener noreferrer\">www.endirecto.mx<\/a><br \/>\n<a href=\"https:\/\/twitter.com\/_rvizcaino\" target=\"_blank\" rel=\"noopener noreferrer\">@_RVizcaino<\/a><br \/>\n<a href=\"https:\/\/www.facebook.com\/rvizcainoa\" target=\"_blank\" rel=\"noopener noreferrer\">facebook.com\/rvizcainoa<\/a><\/u><\/em><\/p>\n","protected":false},"excerpt":{"rendered":"<p><span style=\"color: #005497;\"><strong>Roberto Vizca\u00edno<\/strong><\/span><br \/>\n<br \/>\nSi <strong>Andr\u00e9s Manuel L\u00f3pez Obrador<\/strong>, <strong>Mario Delgado<\/strong> y los de la lista presidencial oficial (<strong>Ebrard<\/strong> y <strong>Sheinbaum<\/strong>) pensaban que podr\u00edan mantener bajo control y lejos de la contienda presidencial del 2024 a <strong>Ricardo Monreal<\/strong>, se equivocaron.<\/p>\n","protected":false},"author":3,"featured_media":0,"comment_status":"open","ping_status":"open","sticky":false,"template":"","format":"standard","meta":{"_monsterinsights_skip_tracking":false,"_monsterinsights_sitenote_active":false,"_monsterinsights_sitenote_note":"","_monsterinsights_sitenote_category":0,"footnotes":""},"categories":[136],"tags":[],"class_list":["post-514856","post","type-post","status-publish","format-standard","hentry","category-roberto-vizcaino-opinion"],"_links":{"self":[{"href":"https:\/\/www.diarioimagen.net\/index.php?rest_route=\/wp\/v2\/posts\/514856","targetHints":{"allow":["GET"]}}],"collection":[{"href":"https:\/\/www.diarioimagen.net\/index.php?rest_route=\/wp\/v2\/posts"}],"about":[{"href":"https:\/\/www.diarioimagen.net\/index.php?rest_route=\/wp\/v2\/types\/post"}],"author":[{"embeddable":true,"href":"https:\/\/www.diarioimagen.net\/index.php?rest_route=\/wp\/v2\/users\/3"}],"replies":[{"embeddable":true,"href":"https:\/\/www.diarioimagen.net\/index.php?rest_route=%2Fwp%2Fv2%2Fcomments&post=514856"}],"version-history":[{"count":0,"href":"https:\/\/www.diarioimagen.net\/index.php?rest_route=\/wp\/v2\/posts\/514856\/revisions"}],"wp:attachment":[{"href":"https:\/\/www.diarioimagen.net\/index.php?rest_route=%2Fwp%2Fv2%2Fmedia&parent=514856"}],"wp:term":[{"taxonomy":"category","embeddable":true,"href":"https:\/\/www.diarioimagen.net\/index.php?rest_route=%2Fwp%2Fv2%2Fcategories&post=514856"},{"taxonomy":"post_tag","embeddable":true,"href":"https:\/\/www.diarioimagen.net\/index.php?rest_route=%2Fwp%2Fv2%2Ftags&post=514856"}],"curies":[{"name":"wp","href":"https:\/\/api.w.org\/{rel}","templated":true}]}}