{"id":514923,"date":"2021-07-26T00:01:05","date_gmt":"2021-07-26T05:01:05","guid":{"rendered":"https:\/\/www.diarioimagen.net\/?p=514923"},"modified":"2021-07-26T05:27:57","modified_gmt":"2021-07-26T10:27:57","slug":"abastur-cambia-de-fecha-sera-29-30-de-septiembre-y-1-de-octubre-en-centro-citibanamex","status":"publish","type":"post","link":"https:\/\/www.diarioimagen.net\/?p=514923","title":{"rendered":"ABASTUR cambia de fecha ser\u00e1: 29, 30 de septiembre y 1 de octubre en Centro Citibanamex"},"content":{"rendered":"<h2>De cinco estrellas<\/h2>\n<h5>Victoria Gonz\u00e1lez Prado<\/h5>\n<p>&nbsp;<\/p>\n<ul>\n<li><strong>Upload@Home<em> nuevo servicio que asiste a pasajeros de KLM para viajar sin inconvenientes<\/em><\/strong><\/li>\n<li><strong><em>La aerol\u00ednea de bandera alemana, Lufthansa, aceptar\u00e1 c\u00f3digos QR como prueba de vacunaci\u00f3n<\/em><\/strong><\/li>\n<li><strong><em>Ser\u00e1 en 2024 cuando, a nivel mundial, se de la recuperaci\u00f3n econ\u00f3mica del sector tur\u00edstico: UAEM<\/em><\/strong><\/li>\n<\/ul>\n<p>&nbsp;<\/p>\n<div id=\"attachment_515022\" style=\"width: 470px\" class=\"wp-caption aligncenter\"><a href=\"https:\/\/www.diarioimagen.net\/?attachment_id=515022\" rel=\"attachment wp-att-515022\"><img loading=\"lazy\" decoding=\"async\" aria-describedby=\"caption-attachment-515022\" class=\"size-full wp-image-515022\" src=\"https:\/\/www.diarioimagen.net\/wp-content\/uploads\/2021\/07\/turismo-10.jpg\" alt=\"\" width=\"460\" height=\"270\" \/><\/a><p id=\"caption-attachment-515022\" class=\"wp-caption-text\">Cambia de fecha ABASTUR.<\/p><\/div>\n<p>&nbsp;<\/p>\n<p>ABASTUR, proveedor de hoteles, restaurantes, cafeter\u00edas y <em>catering,<\/em><strong>\u00a0<\/strong>se compromete a proporcionar la mejor experiencia posible, para garantizar volver con seguridad y \u00e9xito a las interacciones cara a cara, por lo que anunci\u00f3 nuevas fechas para su edici\u00f3n de 2021: 29, 30 de septiembre y 1 de octubre en Centro Citibanamex.<\/p>\n<p>De acuerdo con los organizadores, esta decisi\u00f3n se tom\u00f3 despu\u00e9s de escuchar a la comunidad que nueva fecha infundir\u00eda la confianza necesaria para tener evento exitoso para todos los involucrados.<\/p>\n<p>De esta forma ABASTUR se adherir\u00e1 al Plan <em>AllSecure<\/em> de Informa para garantizar los m\u00e1s altos est\u00e1ndares de seguridad, higiene, limpieza y eficiencia operativa para el evento presencial.<\/p>\n<p>Para aquellos que no puedan asistir en persona, tendr\u00e1n componente virtual junto con el evento para garantizar que toda la comunidad de la industria de la hospitalidad pueda aprender y reconectarse. Tambi\u00e9n volver\u00e1n a centrar esfuerzos en c\u00f3mo construir nuevas oportunidades para que la industria se conecte este a\u00f1o, y como parte de esta comunidad unida, se de la bienvenida a sus ideas y comentarios de c\u00f3mo seguir ofreciendo valiosas conexiones de negocios durante todo el a\u00f1o.<\/p>\n<p>\u2730\u2730\u2730\u2730\u2730 La plataforma <em>Upload@Home<\/em> es nuevo servicio que asiste a los pasajeros de KLM para viajar sin inconvenientes a destinos seleccionados y, puedan hacer que los documentos de viaje Covid-19 se verifiquen con anticipaci\u00f3n.<\/p>\n<p>Si bien las reglas cambian de un pa\u00eds a otro, la validaci\u00f3n previa de los documentos requeridos por los destinos, a trav\u00e9s de <em>Upload@Home<\/em>, significa que los clientes pueden estar seguros de que su documentaci\u00f3n est\u00e1 en orden. Adem\u00e1s, verificar los documentos Covid-19 con antelaci\u00f3n puede acelerar el proceso de documentaci\u00f3n en el aeropuerto.<\/p>\n<p>El uso de <em>Upload@Home <\/em>es gratuito y voluntario. Con este innovador autoservicio digital, KLM quiere asistir a sus pasajeros de la mejor manera posible con las regulaciones de entrada al pa\u00eds de destino, con respecto a los documentos de viaje Covid-19.<\/p>\n<p>La plataforma de control de documentos de la aerol\u00ednea ya est\u00e1 disponible para los vuelos de KLM a Curazao, Dub\u00e1i y Lima. Se espera que el n\u00famero de destinos para los que <em>Upload@Home<\/em> este disponible aumente en el futuro pr\u00f3ximo. Los pasajeros que hayan reservado vuelo a uno de estos destinos y sean elegibles para este servicio recibir\u00e1n invitaci\u00f3n para participar. Los pasajeros reunir\u00e1n los documentos requeridos y los ingresar\u00e1n a la plataforma hasta cinco horas antes de la salida. Se les enviar\u00e1 el resultado por correo electr\u00f3nico, en aproximadamente una hora. El personal de la compa\u00f1\u00eda a\u00e9rea que realizar\u00e1 la verificaci\u00f3n estar\u00e1 disponible entre las 6:00 y las 22:00 horas (hora de Europa central).<\/p>\n<p>Todos los viajeros que deban presentar documentos de viaje, relacionados con el Covid-19, podr\u00e1n recuperar su pase de abordar y documentar su equipaje en los mostradores de <em>check-in<\/em> del aeropuerto. Si verificaron con antelaci\u00f3n sus documentos a trav\u00e9s de <em>Upload@Home<\/em>, lo que har\u00e1n es mostrar su pasaporte, y visa en caso de necesitarla para su destino final. KLM recomienda a los pasajeros siempre contar con copias impresas de los documentos requeridos relacionados con el Covid-19, ya que es posible que deban mostrarlos al llegar a su destino.<\/p>\n<p><strong>Boet Kreiken<\/strong>, vicepresidente ejecutivo del \u00e1rea de <em>Customer Experience<\/em> en KLM, asegur\u00f3: <em>\u201c<\/em><em>Upload@Home<\/em> es innovador servicio ayuda a que los pasajeros lleguen al aeropuerto con tranquilidad, porque tendr\u00e1n la certeza de contar con los documentos de viaje Covid-19 necesarios\u201d.<\/p>\n<p>\u201cLa plataforma de control de documentos Covid-19 es ejemplo de c\u00f3mo la digitalizaci\u00f3n y el trabajo humano pueden ir de la mano para ofrecer al cliente la mejor experiencia posible. Este innovador autoservicio se desarroll\u00f3 de forma r\u00e1pida e interna. En un futuro cercano, veremos a qu\u00e9 nuevos destinos podemos ofrecer <em>Upload@Home<\/em>\u201d, agreg\u00f3 <strong>Pieter Groeneveld<\/strong>, vicepresidente senior del \u00e1rea Digital.<\/p>\n<p>\u2730\u2730\u2730\u2730\u2730 La aerol\u00ednea de bandera alemana <em>Lufthansa\u00a0<\/em>aceptar\u00e1 la prueba digital de vacunaci\u00f3n de los pasajeros, lo que elimina la necesidad de que muestren certificado de vacunaci\u00f3n impreso as\u00ed reduce la posibilidad de que los certificados sean fraudulentos. En Alemania, las personas vacunadas reciben ahora c\u00f3digo QR como prueba de vacunaci\u00f3n. La aerol\u00ednea, permitir\u00e1 a los viajeros mostrar ese c\u00f3digo QR, ya sea en su tel\u00e9fono o en copia impresa, al facturar en el aeropuerto. Cuando se escanea el c\u00f3digo, el sistema compara los datos del certificado con los de la reserva, los del pasajero y emite la tarjeta de embarque.<\/p>\n<p>La l\u00ednea a\u00e9rea dice que pronto ser\u00e1 posible escanear los certificados de vacunaci\u00f3n QR con la aplicaci\u00f3n de <em>Lufthansa <\/em>o cargarlos digitalmente en la aplicaci\u00f3n. Una vez que se reconoce el c\u00f3digo, se emite la tarjeta de embarque.<\/p>\n<p>Para los viajeros que no quieran esperar hasta llegar al aeropuerto para confirmar que tienen las credenciales correctas, la compa\u00f1\u00eda a\u00e9rea dice que pueden hacer que se verifiquen sus pruebas de pruebas y vacunas en el Centro de Servicios de la aerol\u00ednea en determinados vuelos hasta 72 horas antes de la salida.<\/p>\n<p>\u2730\u2730\u2730\u2730\u2730 La recuperaci\u00f3n econ\u00f3mica del sector tur\u00edstico, a nivel mundial, ser\u00e1 hasta 2024 y, en M\u00e9xico ser\u00e1 gradual y depender\u00e1 de que se cumplan los protocolos de seguridad sanitaria. Visitantes y turistas deben aprendar a viajar y disfrutar de los sitios de inter\u00e9s bajo esos esquemas, consider\u00f3 <strong>Elva Esther Vargas Mart\u00ednez<\/strong>, investigadora de la Universidad Aut\u00f3noma del Estado de M\u00e9xico (UAEM).<\/p>\n<p>\u201cComo turistas debemos ser muy cautelosos, porque la pandemia no se ha acabado. Debemos aprender a viajar con la sana distancia, los protocolos de seguridad, protegernos y proteger a los dem\u00e1s\u201d, dijo.<\/p>\n<p>En M\u00e9xico, ser\u00e1n los propios mexicanos quienes reactivar\u00e1n la econom\u00eda del sector, siendo los destinos nacionales m\u00e1s cercanos a los visitantes los beneficiados y aquellos que cuyo precio de hospedaje, gastronom\u00eda y entretenimiento sean accesibles al bolsillo.<\/p>\n<p>El periodo vacacional de verano, dijo, ser\u00e1 la primera oportunidad de reactivaci\u00f3n, debido a que distintas entidades se encuentran en color verde del sem\u00e1foro de riesgo epidemiol\u00f3gico y se ha avanzado en la vacunaci\u00f3n, aunado a que los sitios tur\u00edsticos ya han generado medidas de seguridad sanitaria para sus trabajadores y visitantes.<\/p>\n<p><strong>Vargas Mart\u00ednez<\/strong>, indic\u00f3 que el turismo sostenible se abre paso como el futuro de este sector ante las medidas de contingencia sanitaria, al impulsar destinos amigables con el medio ambiente y el entorno, tener menor cantidad de visitantes en un solo lugar y privilegiar los espacios abiertos que son opci\u00f3n viable durante esta pandemia.<\/p>\n<p>Por \u00faltimo, se\u00f1al\u00f3 que la reactivaci\u00f3n de la econom\u00eda en M\u00e9xico y de sectores como el tur\u00edstico podr\u00e1 ser realidad siempre y cuando la sociedad se comprometa a mantener las medidas de higiene y sanidad por la pandemia del Covid-19, privilegiar lugares sin multitudes y optar por aquellos donde se pueda convivir con la naturaleza en espacios al aire libre que reduzcan el riesgo de contagio.<\/p>\n<p>&nbsp;<\/p>\n<blockquote>\n<p style=\"text-align: right;\">\u201c<strong>El<\/strong> <strong>\u00e1ngel de la fama tiene sus alas hechas de papel&#8230; peri\u00f3dico\u201d.<br \/>\n<\/strong><\/p>\n<\/blockquote>\n<p>&nbsp;<\/p>\n<p><em><span class=\"Apple-converted-space\"><a href=\"mailto:victoriagprado@gmail.com\" target=\"_blank\" rel=\"noopener noreferrer\">victoriagprado@gmail.com<\/a><br \/>\nTwitter: <a href=\"https:\/\/twitter.com\/victoriagprado\" target=\"_blank\" rel=\"noopener noreferrer\">@victoriagprado<\/a><\/span><\/em><\/p>\n","protected":false},"excerpt":{"rendered":"<p>ABASTUR, proveedor de hoteles, restaurantes, cafeter\u00edas y catering,\u00a0se compromete a proporcionar la mejor experiencia posible, para garantizar volver con seguridad y \u00e9xito a las interacciones cara a cara, por lo que anunci\u00f3 nuevas fechas para su edici\u00f3n de 2021: 29, 30 de septiembre y 1 de octubre en Centro Citibanamex.<\/p>\n","protected":false},"author":3,"featured_media":515022,"comment_status":"open","ping_status":"open","sticky":false,"template":"","format":"standard","meta":{"_monsterinsights_skip_tracking":false,"_monsterinsights_sitenote_active":false,"_monsterinsights_sitenote_note":"","_monsterinsights_sitenote_category":0,"footnotes":""},"categories":[11],"tags":[107,43674,43681,106],"class_list":["post-514923","post","type-post","status-publish","format-standard","has-post-thumbnail","hentry","category-turismo","tag-de-cinco-estrellas","tag-opinion","tag-turismo","tag-victoria-gonzalez-prado"],"_links":{"self":[{"href":"https:\/\/www.diarioimagen.net\/index.php?rest_route=\/wp\/v2\/posts\/514923","targetHints":{"allow":["GET"]}}],"collection":[{"href":"https:\/\/www.diarioimagen.net\/index.php?rest_route=\/wp\/v2\/posts"}],"about":[{"href":"https:\/\/www.diarioimagen.net\/index.php?rest_route=\/wp\/v2\/types\/post"}],"author":[{"embeddable":true,"href":"https:\/\/www.diarioimagen.net\/index.php?rest_route=\/wp\/v2\/users\/3"}],"replies":[{"embeddable":true,"href":"https:\/\/www.diarioimagen.net\/index.php?rest_route=%2Fwp%2Fv2%2Fcomments&post=514923"}],"version-history":[{"count":0,"href":"https:\/\/www.diarioimagen.net\/index.php?rest_route=\/wp\/v2\/posts\/514923\/revisions"}],"wp:featuredmedia":[{"embeddable":true,"href":"https:\/\/www.diarioimagen.net\/index.php?rest_route=\/wp\/v2\/media\/515022"}],"wp:attachment":[{"href":"https:\/\/www.diarioimagen.net\/index.php?rest_route=%2Fwp%2Fv2%2Fmedia&parent=514923"}],"wp:term":[{"taxonomy":"category","embeddable":true,"href":"https:\/\/www.diarioimagen.net\/index.php?rest_route=%2Fwp%2Fv2%2Fcategories&post=514923"},{"taxonomy":"post_tag","embeddable":true,"href":"https:\/\/www.diarioimagen.net\/index.php?rest_route=%2Fwp%2Fv2%2Ftags&post=514923"}],"curies":[{"name":"wp","href":"https:\/\/api.w.org\/{rel}","templated":true}]}}