{"id":514938,"date":"2021-07-26T00:04:06","date_gmt":"2021-07-26T05:04:06","guid":{"rendered":"https:\/\/www.diarioimagen.net\/?p=514938"},"modified":"2021-07-26T05:30:49","modified_gmt":"2021-07-26T10:30:49","slug":"inmunizan-contra-el-nuevo-coronavirus-a-los-cuautitlenses-del-rango-de-30-a-39","status":"publish","type":"post","link":"https:\/\/www.diarioimagen.net\/?p=514938","title":{"rendered":"Inmunizan contra el nuevo coronavirus a los cuautitlenses del rango de 30 a 39"},"content":{"rendered":"<p>&nbsp;<\/p>\n<ul>\n<li><strong><em>Continuidad al Plan Nacional de Vacunaci\u00f3n<\/em><\/strong><\/li>\n<\/ul>\n<p>&nbsp;<\/p>\n<div id=\"attachment_515025\" style=\"width: 470px\" class=\"wp-caption aligncenter\"><a href=\"https:\/\/www.diarioimagen.net\/?attachment_id=515025\" rel=\"attachment wp-att-515025\"><img loading=\"lazy\" decoding=\"async\" aria-describedby=\"caption-attachment-515025\" class=\"size-full wp-image-515025\" src=\"https:\/\/www.diarioimagen.net\/wp-content\/uploads\/2021\/07\/cuautitlan-8.jpg\" alt=\"\" width=\"460\" height=\"270\" \/><\/a><p id=\"caption-attachment-515025\" class=\"wp-caption-text\">Se realiz\u00f3 la jornada de vacunaci\u00f3n contra el Covid-19 para adultos de 30 a 39 a\u00f1os, habitantes del municipio de Cuautitl\u00e1n.<\/p><\/div>\n<p>&nbsp;<\/p>\n<p><strong>Cuautitl\u00e1n, Estado de M\u00e9xico<\/strong>.- Dando continuidad al Plan Nacional de Vacunaci\u00f3n que se lleva a cabo en todo el pa\u00eds, del 22 al 24 de julio, se realiz\u00f3 la jornada de vacunaci\u00f3n contra el Covid-19 para adultos de 30 a 39 a\u00f1os, habitantes del municipio de Cuautitl\u00e1n.<\/p>\n<p>En su d\u00eda de arranque de la jornada dentro de las instalaciones de la Facultad de Estudios Superiores Cuautitl\u00e1n UNAM Campo 4, ubicadas sobre la carretera Cuautitl\u00e1n\u2013Teoloyucan, donde se han realizado las anteriores vacunaciones, se cont\u00f3 con la asistencia del personal de salud, apoyados con las dependencias federales, estatales y municipales.<\/p>\n<p>De acuerdo a la calendarizaci\u00f3n los vecinos cuyo apellido paterno comience de la letra A a la E, deber\u00e1n acudir este jueves 22 de julio; de la letra F a la K, el d\u00eda viernes 23; de la L a la Q, el s\u00e1bado 24 y de la R a la Z el domingo 25, en un horario de 09:00 a las 17:00 horas.<\/p>\n<p>Se recomend\u00f3 a los asistentes acudir desayunados y bien hidratados, si tomaba medicamentos, realizarlo en su horario habitual y el uso de cubre bocas, gel antibacterial y careta; adem\u00e1s de cuidar la sana distancia entre los asistentes.<\/p>\n<p>Durante esta jornada las mujeres embarazadas a partir de las 9 (nueve) semanas de gestaci\u00f3n pudieron vacunarse y cualquier persona que requer\u00eda de alg\u00fan apoyo pudo ir con un acompa\u00f1ante para facilitar su movilidad dentro de las instalaciones.<\/p>\n<p>Lo hicieron en auto sobre la avenida Jes\u00fas Jim\u00e9nez Gallardo y a pie sobre el acceso peatonal (bah\u00eda de autobuses) sobre la carretera Cuautitl\u00e1n- Teoloyucan.<\/p>\n<p>Los interesados deber\u00e1n llevar el formulario de vacunaci\u00f3n (llenarlo con tinta azul), y lo pueden descargar de la p\u00e1gina oficial: www.mivacuna.salud.gob.mx, una identificaci\u00f3n INE y CURP.<\/p>\n","protected":false},"excerpt":{"rendered":"<p>Dando continuidad al Plan Nacional de Vacunaci\u00f3n que se lleva a cabo en todo el pa\u00eds, del 22 al 24 de julio, se realiz\u00f3 la jornada de vacunaci\u00f3n contra el Covid-19 para adultos de 30 a 39 a\u00f1os, habitantes del municipio de Cuautitl\u00e1n.<\/p>\n","protected":false},"author":3,"featured_media":515025,"comment_status":"open","ping_status":"open","sticky":false,"template":"","format":"standard","meta":{"_monsterinsights_skip_tracking":false,"_monsterinsights_sitenote_active":false,"_monsterinsights_sitenote_note":"","_monsterinsights_sitenote_category":0,"footnotes":""},"categories":[5],"tags":[681,43675,93386],"class_list":["post-514938","post","type-post","status-publish","format-standard","has-post-thumbnail","hentry","category-estado-de-mexico","tag-cuautitlan","tag-estado-de-mexico","tag-inmunizan"],"_links":{"self":[{"href":"https:\/\/www.diarioimagen.net\/index.php?rest_route=\/wp\/v2\/posts\/514938","targetHints":{"allow":["GET"]}}],"collection":[{"href":"https:\/\/www.diarioimagen.net\/index.php?rest_route=\/wp\/v2\/posts"}],"about":[{"href":"https:\/\/www.diarioimagen.net\/index.php?rest_route=\/wp\/v2\/types\/post"}],"author":[{"embeddable":true,"href":"https:\/\/www.diarioimagen.net\/index.php?rest_route=\/wp\/v2\/users\/3"}],"replies":[{"embeddable":true,"href":"https:\/\/www.diarioimagen.net\/index.php?rest_route=%2Fwp%2Fv2%2Fcomments&post=514938"}],"version-history":[{"count":0,"href":"https:\/\/www.diarioimagen.net\/index.php?rest_route=\/wp\/v2\/posts\/514938\/revisions"}],"wp:featuredmedia":[{"embeddable":true,"href":"https:\/\/www.diarioimagen.net\/index.php?rest_route=\/wp\/v2\/media\/515025"}],"wp:attachment":[{"href":"https:\/\/www.diarioimagen.net\/index.php?rest_route=%2Fwp%2Fv2%2Fmedia&parent=514938"}],"wp:term":[{"taxonomy":"category","embeddable":true,"href":"https:\/\/www.diarioimagen.net\/index.php?rest_route=%2Fwp%2Fv2%2Fcategories&post=514938"},{"taxonomy":"post_tag","embeddable":true,"href":"https:\/\/www.diarioimagen.net\/index.php?rest_route=%2Fwp%2Fv2%2Ftags&post=514938"}],"curies":[{"name":"wp","href":"https:\/\/api.w.org\/{rel}","templated":true}]}}