{"id":514940,"date":"2021-07-26T00:02:28","date_gmt":"2021-07-26T05:02:28","guid":{"rendered":"https:\/\/www.diarioimagen.net\/?p=514940"},"modified":"2021-07-26T05:58:46","modified_gmt":"2021-07-26T10:58:46","slug":"concluyo-en-nicolas-romero-el-esquema-de-vacunacion-para-adultos-de-50-a-59-anos","status":"publish","type":"post","link":"https:\/\/www.diarioimagen.net\/?p=514940","title":{"rendered":"Concluy\u00f3 en Nicol\u00e1s Romero el esquema de vacunaci\u00f3n para adultos de 50 a 59 a\u00f1os"},"content":{"rendered":"<p>&nbsp;<\/p>\n<ul>\n<li><strong><em>Tambi\u00e9n se atendi\u00f3 a rezagados<\/em><\/strong><\/li>\n<\/ul>\n<p>&nbsp;<\/p>\n<div id=\"attachment_515029\" style=\"width: 470px\" class=\"wp-caption aligncenter\"><a href=\"https:\/\/www.diarioimagen.net\/?attachment_id=515029\" rel=\"attachment wp-att-515029\"><img loading=\"lazy\" decoding=\"async\" aria-describedby=\"caption-attachment-515029\" class=\"size-full wp-image-515029\" src=\"https:\/\/www.diarioimagen.net\/wp-content\/uploads\/2021\/07\/nicolas-6.jpg\" alt=\"\" width=\"460\" height=\"270\" \/><\/a><p id=\"caption-attachment-515029\" class=\"wp-caption-text\">Personas de 50 a 59 a\u00f1os de Nicol\u00e1s Romero recibieron la segunda dosis de inmunizaci\u00f3n para fortalecer su sistema inmunol\u00f3gico, proteger su salud y la de sus familias.<\/p><\/div>\n<p>&nbsp;<\/p>\n<p><strong>Nicol\u00e1s Romero, Estado de M\u00e9xico<\/strong>.- Concluy\u00f3 jornada de vacunaci\u00f3n contra Covid-19, en la que las personas de 50 a 59 a\u00f1os del jueves 22 al 24 de julio recibieron la segunda dosis de inmunizaci\u00f3n para fortalecer su sistema inmunol\u00f3gico, proteger su salud y la de sus familias.<\/p>\n<p>El gobierno municipal inform\u00f3 que en esta fase de la aplicaci\u00f3n de vacunas contra el virus SARS-CoV-2, en coordinaci\u00f3n con autoridades federales y estatales, correspondi\u00f3 a los apellidos con las letras A, B, C, D, E, F, G, H, I, presentarse el primer d\u00eda, mientras que en el segundo, acudieron los ciudadanos cuyo apellido inicie con J, K, L, M, N, \u00d1, O, P, Q.<\/p>\n<p>En el tercer d\u00eda de vacunaci\u00f3n, quienes ten\u00edan apellidos que comiencen con letras R, S, T, U, V, W, X, Y, Z, ser\u00e1n quienes tendr\u00e1n que estar presentes para ser inoculados.<\/p>\n<p>La jornada para vacunar por segunda ocasi\u00f3n a los nicolasromerenses de 50 a 59 a\u00f1os, se llev\u00f3 a cabo en el estacionamiento de Palacio Municipal, mismo que al igual que los accesos, fue previamente sanitizado.<\/p>\n<p>La actual administraci\u00f3n se\u00f1al\u00f3 que esta jornada no fue la excepci\u00f3n en la aplicaci\u00f3n de las medidas sanitarias, tal y como se ha hecho en las anteriores, con la aplicaci\u00f3n de gel antibacterial y uso obligatorio de cubrebocas.<\/p>\n<p>Cabe mencionar, que las personas que ten\u00edan pendiente la segunda dosis de su vacuna, aunque sean de diferente edad, pudieron vacunarse en esta jornada, al igual que las que no tuvieron oportunidad el d\u00eda que les correspondi\u00f3, conforme a su apellido.<\/p>\n","protected":false},"excerpt":{"rendered":"<p>Concluy\u00f3 jornada de vacunaci\u00f3n contra Covid-19, en la que las personas de 50 a 59 a\u00f1os del jueves 22 al 24 de julio recibieron la segunda dosis de inmunizaci\u00f3n para fortalecer su sistema inmunol\u00f3gico, proteger su salud y la de sus familias.<\/p>\n","protected":false},"author":3,"featured_media":515029,"comment_status":"open","ping_status":"open","sticky":false,"template":"","format":"standard","meta":{"_monsterinsights_skip_tracking":false,"_monsterinsights_sitenote_active":false,"_monsterinsights_sitenote_note":"","_monsterinsights_sitenote_category":0,"footnotes":""},"categories":[5],"tags":[93387,43675,752,2643],"class_list":["post-514940","post","type-post","status-publish","format-standard","has-post-thumbnail","hentry","category-estado-de-mexico","tag-adulto-maor","tag-estado-de-mexico","tag-nicolas-romero","tag-vacunacion"],"_links":{"self":[{"href":"https:\/\/www.diarioimagen.net\/index.php?rest_route=\/wp\/v2\/posts\/514940","targetHints":{"allow":["GET"]}}],"collection":[{"href":"https:\/\/www.diarioimagen.net\/index.php?rest_route=\/wp\/v2\/posts"}],"about":[{"href":"https:\/\/www.diarioimagen.net\/index.php?rest_route=\/wp\/v2\/types\/post"}],"author":[{"embeddable":true,"href":"https:\/\/www.diarioimagen.net\/index.php?rest_route=\/wp\/v2\/users\/3"}],"replies":[{"embeddable":true,"href":"https:\/\/www.diarioimagen.net\/index.php?rest_route=%2Fwp%2Fv2%2Fcomments&post=514940"}],"version-history":[{"count":0,"href":"https:\/\/www.diarioimagen.net\/index.php?rest_route=\/wp\/v2\/posts\/514940\/revisions"}],"wp:featuredmedia":[{"embeddable":true,"href":"https:\/\/www.diarioimagen.net\/index.php?rest_route=\/wp\/v2\/media\/515029"}],"wp:attachment":[{"href":"https:\/\/www.diarioimagen.net\/index.php?rest_route=%2Fwp%2Fv2%2Fmedia&parent=514940"}],"wp:term":[{"taxonomy":"category","embeddable":true,"href":"https:\/\/www.diarioimagen.net\/index.php?rest_route=%2Fwp%2Fv2%2Fcategories&post=514940"},{"taxonomy":"post_tag","embeddable":true,"href":"https:\/\/www.diarioimagen.net\/index.php?rest_route=%2Fwp%2Fv2%2Ftags&post=514940"}],"curies":[{"name":"wp","href":"https:\/\/api.w.org\/{rel}","templated":true}]}}