{"id":514942,"date":"2021-07-26T00:03:00","date_gmt":"2021-07-26T05:03:00","guid":{"rendered":"https:\/\/www.diarioimagen.net\/?p=514942"},"modified":"2021-07-26T05:56:03","modified_gmt":"2021-07-26T10:56:03","slug":"gran-participacion-en-vacunacion-anti-covid-de-personas-de-30-a-39-anos-en-huixquilucan","status":"publish","type":"post","link":"https:\/\/www.diarioimagen.net\/?p=514942","title":{"rendered":"Gran participaci\u00f3n en vacunaci\u00f3n anti-Covid de personas de 30 a 39 a\u00f1os, en Huixquilucan"},"content":{"rendered":"<p>&nbsp;<\/p>\n<ul>\n<li><strong><em>En el Complejo Rosa M\u00edstica y en la Universidad An\u00e1huac<\/em><\/strong><\/li>\n<\/ul>\n<p>&nbsp;<\/p>\n<div id=\"attachment_515031\" style=\"width: 470px\" class=\"wp-caption aligncenter\"><a href=\"https:\/\/www.diarioimagen.net\/?attachment_id=515031\" rel=\"attachment wp-att-515031\"><img loading=\"lazy\" decoding=\"async\" aria-describedby=\"caption-attachment-515031\" class=\"size-full wp-image-515031\" src=\"https:\/\/www.diarioimagen.net\/wp-content\/uploads\/2021\/07\/huix-6.jpg\" alt=\"\" width=\"460\" height=\"270\" \/><\/a><p id=\"caption-attachment-515031\" class=\"wp-caption-text\">Concluy\u00f3 la jornada de vacunaci\u00f3n contra la Covid-19 entre las personas de 30 a 39 a\u00f1os en Huixquilucan, en donde se inmuniz\u00f3 a 33 mil 600 personas.<\/p><\/div>\n<p>&nbsp;<\/p>\n<p><strong>Huixquilucan, Estado de M\u00e9xico<\/strong>.- Con gran participaci\u00f3n, concluy\u00f3 la jornada de vacunaci\u00f3n contra la Covid-19 entre las personas de 30 a 39 a\u00f1os en Huixquilucan, en donde se inmuniz\u00f3 a 33 mil 600 personas.<\/p>\n<p>Los centros de vacunaci\u00f3n que se instalaron en el Complejo Rosa M\u00edstica y en la Universidad An\u00e1huac abrieron sus puertas para comenzar a aplicar la primera dosis del biol\u00f3gico de AstraZeneca.<\/p>\n<p>En el centro de vacunaci\u00f3n con acceso vehicular de la Universidad An\u00e1huac, el gobierno municipal convoc\u00f3 a los j\u00f3venes a no bajar la guardia y aplicarse la primera dosis, ya que esto permitir\u00e1 hacerle frente a la tercera ola de contagios que se registra en M\u00e9xico y que desafortunadamente est\u00e1 creciendo.<\/p>\n<p>Cabe mencionar que en Huixquilucan, se han\u00a0 aplicado m\u00e1s de cien mil dosis a personas de 40 a\u00f1os y m\u00e1s que ya cuentan con sus dos dosis aplicadas, lo que es de reconocer,\u00a0 ya que habla de la responsabilidad de los ciudadanos por cuidar su salud y la de su familia.<\/p>\n<p>El gobierno municipal reconoci\u00f3 la labor que realizan los servidores p\u00fablicos para llevar a cabo esta jornada, ya que de manera voluntaria, suspendieron su periodo vacacional para apoyar en la vacunaci\u00f3n para este sector de la poblaci\u00f3n.<\/p>\n<p>Este viernes y s\u00e1bado continuar\u00e1 la vacunaci\u00f3n para las personas de 30 a 39 a\u00f1os para aquellos cuya primera letra de su apellido inicia con las letras de la H a la O, y el s\u00e1bado, para quienes su apellido comienza de la P a la Z y rezagados. El horario de atenci\u00f3n es de las 08:00 a las 16:00 horas.<\/p>\n","protected":false},"excerpt":{"rendered":"<p>Con gran participaci\u00f3n, concluy\u00f3 la jornada de vacunaci\u00f3n contra la Covid-19 entre las personas de 30 a 39 a\u00f1os en Huixquilucan, en donde se inmuniz\u00f3 a 33 mil 600 personas.<\/p>\n","protected":false},"author":3,"featured_media":515031,"comment_status":"open","ping_status":"open","sticky":false,"template":"","format":"standard","meta":{"_monsterinsights_skip_tracking":false,"_monsterinsights_sitenote_active":false,"_monsterinsights_sitenote_note":"","_monsterinsights_sitenote_category":0,"footnotes":""},"categories":[5],"tags":[43675,1097],"class_list":["post-514942","post","type-post","status-publish","format-standard","has-post-thumbnail","hentry","category-estado-de-mexico","tag-estado-de-mexico","tag-huixquilucan"],"_links":{"self":[{"href":"https:\/\/www.diarioimagen.net\/index.php?rest_route=\/wp\/v2\/posts\/514942","targetHints":{"allow":["GET"]}}],"collection":[{"href":"https:\/\/www.diarioimagen.net\/index.php?rest_route=\/wp\/v2\/posts"}],"about":[{"href":"https:\/\/www.diarioimagen.net\/index.php?rest_route=\/wp\/v2\/types\/post"}],"author":[{"embeddable":true,"href":"https:\/\/www.diarioimagen.net\/index.php?rest_route=\/wp\/v2\/users\/3"}],"replies":[{"embeddable":true,"href":"https:\/\/www.diarioimagen.net\/index.php?rest_route=%2Fwp%2Fv2%2Fcomments&post=514942"}],"version-history":[{"count":0,"href":"https:\/\/www.diarioimagen.net\/index.php?rest_route=\/wp\/v2\/posts\/514942\/revisions"}],"wp:featuredmedia":[{"embeddable":true,"href":"https:\/\/www.diarioimagen.net\/index.php?rest_route=\/wp\/v2\/media\/515031"}],"wp:attachment":[{"href":"https:\/\/www.diarioimagen.net\/index.php?rest_route=%2Fwp%2Fv2%2Fmedia&parent=514942"}],"wp:term":[{"taxonomy":"category","embeddable":true,"href":"https:\/\/www.diarioimagen.net\/index.php?rest_route=%2Fwp%2Fv2%2Fcategories&post=514942"},{"taxonomy":"post_tag","embeddable":true,"href":"https:\/\/www.diarioimagen.net\/index.php?rest_route=%2Fwp%2Fv2%2Ftags&post=514942"}],"curies":[{"name":"wp","href":"https:\/\/api.w.org\/{rel}","templated":true}]}}