{"id":514944,"date":"2021-07-26T00:01:22","date_gmt":"2021-07-26T05:01:22","guid":{"rendered":"https:\/\/www.diarioimagen.net\/?p=514944"},"modified":"2021-07-26T05:57:13","modified_gmt":"2021-07-26T10:57:13","slug":"finalizo-vacunacion-contra-sars-cov-2-a-gente-de-30-a-39","status":"publish","type":"post","link":"https:\/\/www.diarioimagen.net\/?p=514944","title":{"rendered":"Finaliz\u00f3 vacunaci\u00f3n contra SARS-CoV-2 a gente de 30 a 39"},"content":{"rendered":"<p>&nbsp;<\/p>\n<p><a href=\"https:\/\/www.diarioimagen.net\/?attachment_id=515033\" rel=\"attachment wp-att-515033\"><img loading=\"lazy\" decoding=\"async\" class=\"aligncenter size-full wp-image-515033\" src=\"https:\/\/www.diarioimagen.net\/wp-content\/uploads\/2021\/07\/tlalnepantla-12.jpg\" alt=\"\" width=\"460\" height=\"270\" \/><\/a><\/p>\n<p>&nbsp;<\/p>\n<p><strong>Tlalnepantla, Estado de M\u00e9xico<\/strong>.<strong>&#8211; <\/strong>Concluy\u00f3 el \u00faltimo d\u00eda de aplicaci\u00f3n de la vacuna contra Covid-19 para personas de 30 a 39 a\u00f1os, residentes de Tlalnepantla. Mantente informado para recibir la segunda dosis.<\/p>\n","protected":false},"excerpt":{"rendered":"<p>Concluy\u00f3 el \u00faltimo d\u00eda de aplicaci\u00f3n de la vacuna contra Covid-19 para personas de 30 a 39 a\u00f1os, residentes de Tlalnepantla. Mantente informado para recibir la segunda dosis.<\/p>\n","protected":false},"author":3,"featured_media":515033,"comment_status":"open","ping_status":"open","sticky":false,"template":"","format":"standard","meta":{"_monsterinsights_skip_tracking":false,"_monsterinsights_sitenote_active":false,"_monsterinsights_sitenote_note":"","_monsterinsights_sitenote_category":0,"footnotes":""},"categories":[5],"tags":[91213,43675,169,2643],"class_list":["post-514944","post","type-post","status-publish","format-standard","has-post-thumbnail","hentry","category-estado-de-mexico","tag-concluyo","tag-estado-de-mexico","tag-tlalnepantla","tag-vacunacion"],"_links":{"self":[{"href":"https:\/\/www.diarioimagen.net\/index.php?rest_route=\/wp\/v2\/posts\/514944","targetHints":{"allow":["GET"]}}],"collection":[{"href":"https:\/\/www.diarioimagen.net\/index.php?rest_route=\/wp\/v2\/posts"}],"about":[{"href":"https:\/\/www.diarioimagen.net\/index.php?rest_route=\/wp\/v2\/types\/post"}],"author":[{"embeddable":true,"href":"https:\/\/www.diarioimagen.net\/index.php?rest_route=\/wp\/v2\/users\/3"}],"replies":[{"embeddable":true,"href":"https:\/\/www.diarioimagen.net\/index.php?rest_route=%2Fwp%2Fv2%2Fcomments&post=514944"}],"version-history":[{"count":0,"href":"https:\/\/www.diarioimagen.net\/index.php?rest_route=\/wp\/v2\/posts\/514944\/revisions"}],"wp:featuredmedia":[{"embeddable":true,"href":"https:\/\/www.diarioimagen.net\/index.php?rest_route=\/wp\/v2\/media\/515033"}],"wp:attachment":[{"href":"https:\/\/www.diarioimagen.net\/index.php?rest_route=%2Fwp%2Fv2%2Fmedia&parent=514944"}],"wp:term":[{"taxonomy":"category","embeddable":true,"href":"https:\/\/www.diarioimagen.net\/index.php?rest_route=%2Fwp%2Fv2%2Fcategories&post=514944"},{"taxonomy":"post_tag","embeddable":true,"href":"https:\/\/www.diarioimagen.net\/index.php?rest_route=%2Fwp%2Fv2%2Ftags&post=514944"}],"curies":[{"name":"wp","href":"https:\/\/api.w.org\/{rel}","templated":true}]}}