{"id":514963,"date":"2021-07-26T00:02:58","date_gmt":"2021-07-26T05:02:58","guid":{"rendered":"https:\/\/www.diarioimagen.net\/?p=514963"},"modified":"2021-07-26T03:28:38","modified_gmt":"2021-07-26T08:28:38","slug":"alcaldesa-electa-denuncia-que-patricia-aceves-obstaculiza-transicion-en-tlalpan","status":"publish","type":"post","link":"https:\/\/www.diarioimagen.net\/?p=514963","title":{"rendered":"Alcaldesa electa denuncia que Patricia Aceves obstaculiza transici\u00f3n en Tlalpan"},"content":{"rendered":"<h2>La Retaguardia<\/h2>\n<h5>Adriana Moreno Cordero<\/h5>\n<p><em>\u00a0<\/em><\/p>\n<ul>\n<li><strong><em>Sigue la cerraz\u00f3n en el gobierno de la Ciudad de M\u00e9xico<\/em><\/strong><\/li>\n<\/ul>\n<p>&nbsp;<\/p>\n<p>Fue el pasado viernes, cuando <strong>Alfa Gonz\u00e1lez<\/strong>, alcaldesa electa de Tlalpan, expuso en sus redes sociales\u00a0que el proceso de transici\u00f3n para los ediles electos no ha sido igual entre los de la UNACDMX, es decir la coalici\u00f3n que conformaron PRI-PAN-PRD y los de Morena, por lo que consider\u00f3 innecesaria la reuni\u00f3n con el secretario de Gobierno de la CDMX, <strong>Mart\u00ed Batres<\/strong>, quien como se sabe, acaba de llegar a ese puesto para lo cual, pidi\u00f3 licencia en el Senado de la Rep\u00fablica.<\/p>\n<p>Lo que es un hecho, es que la jefa del Gobierno capitalino, <strong>Claudia Sheinbaum<\/strong>, ha incumplido su promesa de llevar a cabo en las alcald\u00edas una transici\u00f3n en los mejores t\u00e9rminos posibles y m\u00e1s bien se ha dedicado a obstaculizar y detener dicho proceso, por ello, se convoca a los alcaldes, -especialmente no surgidos de Morena-, a una serie de reuniones est\u00e9riles que no conllevan a un di\u00e1logo concreto.<\/p>\n<p>Alfa Gonz\u00e1lez ha denunciado adem\u00e1s que <strong>Patricia Aceves<\/strong>, actual alcaldesa en Tlalpan,\u00a0 rompi\u00f3\u0301 el acuerdo que se hab\u00eda planteado para comenzar con el proceso de transici\u00f3n en dicha jurisdicci\u00f3n, el cual se ten\u00eda previsto empezar\u00eda el pasado 15 de julio y cu\u00e1l ser\u00eda la sorpresa, que Aceves se neg\u00f3\u0301 a retomar la comunicaci\u00f3n que ya se hab\u00eda iniciado con quienes la relevar\u00e1n a ella y a su equipo. Lo anterior resulta especialmente preocupante pues lo que considera la alcaldesa electa, es que se requiere una revisi\u00f3n a fondo de la documentaci\u00f3n que tenga la actual alcald\u00eda para iniciar el gobierno.<\/p>\n<p>Es en este punto en el que hay que recordar que las declaraciones de Alfa Gonz\u00e1lez sobre las irregularidades en Tlalpan, involucran varias compras injustificadas a sobreprecio; un deficiente trabajo en atenci\u00f3n al abasto de agua, al mantenimiento del alcantarillado y drenaje p\u00fablico, as\u00ed\u0301 como la creciente inseguridad de la alcald\u00eda en sus distintos niveles, por lo que la negativa de Aceves de acatar lo acordado, hace suponer a Gonz\u00e1lez que tratan de poner en orden las irregularidades que se han denunciado de la actual administraci\u00f3n, sin embargo, lo m\u00e1s probable es que no le d\u00e9 tiempo a la ex rectora de la UAM Xochimilco porque como puede apreciarse a simple vista, son muchas.<\/p>\n<p>La actitud del gobierno de Claudia Sheinbaum ante los nuevos alcaldes que no pertenecen a su partido, ha sido de cerraz\u00f3n, pese a que los alcaldes electos que no son correligionarios suyos, le han hecho llegar un par de escritos en los que le han solicitado entablar un encuentro, a lo que la funcionaria que despacha desde el Antiguo Palacio del Ayuntamiento, se ha negado sistem\u00e1ticamente con evasivas y la explicaci\u00f3n de esta actitud se halla en que, seg\u00fan se sabe, ser\u00edan varias las alcald\u00edas en las que se ha podido detectar gastos totalmente in\u00fatiles e innecesarios, al m\u00e1s puro estilo de Palacio Nacional<\/p>\n<p>Es m\u00e1s, la se\u00f1ora Sheinbaum Pardo pens\u00f3 que la llegada de Mart\u00ed Batres a la secretar\u00eda General de Gobierno, ser\u00eda una especie de \u201ctablita\u201d de salvaci\u00f3n, pero no. El senador con licencia est\u00e1 en esa posici\u00f3n porque busca ser el sucesor de ella en la jefatura de Gobierno de la CDMX y har\u00e1 todo lo posible por conseguirlo, as\u00ed que cuidar\u00e1 los intereses de su jefa, s\u00f3lo en la medida que \u00e9stos le sirvan para llegar a ser, en 2024, el jefe de Gobierno de la CDMX.<\/p>\n<p style=\"text-align: center;\"><strong>Municiones<\/strong><\/p>\n<p>*** El presidente de la Junta de Coordinaci\u00f3n Pol\u00edtica del Senado de la Rep\u00fablica, <strong>Ricardo Monreal<\/strong>, va por seguir fortaleciendo las prestaciones de las fuerzas armadas y por ello present\u00f3 ante la Comisi\u00f3n Permanente, una iniciativa para garantizar que sigan gozando de sus derechos laborales a pesar de haberse retirado. Al argumentar su propuesta, el senador Monreal refiri\u00f3 que la Ley es puntual en establecer que dichas becas se otorgaran siempre que el militar se encuentre en servicio activo, dejando con ello un plano de incertidumbre sobre la situaci\u00f3n para los militares est\u00e9n en situaci\u00f3n retiro y que a su vez no entran en el supuesto de que hayan fallecido, desaparecido o se hayan incapacitado con motivo de actos del servicio o a consecuencia de los mismos. Dicha situaci\u00f3n, consider\u00f3, puede ocasionar que el Instituto niegue el otorgamiento de la beca especial a la hija o hijo del militar, argumentando la literalidad de la Ley, al establecer que dicho beneficio s\u00f3lo se otorgar\u00e1 si los militares est\u00e1n en servicio activo, por lo que al no encontrarse en dicho estado, le ser\u00e1 negado el beneficio, dando paso a que los derechos de las personas con discapacidad sean vulnerados, ya que promueve la desigualdad de oportunidades y de trato, en perjuicio del acceso al derecho a la educaci\u00f3n los educandos, condici\u00f3n necesaria para la inclusi\u00f3n social y econ\u00f3mica, as\u00ed como para su plena participaci\u00f3n en la sociedad. \u201cPor lo anterior, se propone reformar el primer p\u00e1rrafo de la fracci\u00f3n III del art\u00edculo 138 Bis, con el prop\u00f3sito de hacer las siguientes adecuaciones: Se incorpora la expresi\u00f3n \u201chijas\u201d por razones de lenguaje incluyente, se elimina la expresi\u00f3n \u201cpadezcan un grado de discapacidad\u201d, pues los nuevos modelos de aproximaci\u00f3n a esta \u00faltima reiteran que no se trata de un padecimiento o una enfermedad\u201d.<\/p>\n<p>*** En eso de que el presidente <strong>Andr\u00e9s Manuel L\u00f3pez Obrador<\/strong> les entrega a los militares todo, conforme pasan los d\u00edas queda menos duda. De gira por Veracruz, acompa\u00f1ado por su siempre eficiente gobernador consentido, <strong>Cuitl\u00e1huac Garc\u00eda<\/strong>, anunci\u00f3 un mayor presupuesto para la Guardia Nacional, que contar\u00e1 con 50 mil millones de pesos adicionales, seg\u00fan esto, para \u201cperfeccionarse\u201d. Lo interesante es que el tabasque\u00f1o propuso una nueva reforma constitucional con el objetivo de que la GN se convierta en una \u201cnueva rama\u201d, ni m\u00e1s ni menos que de la Secretar\u00eda de la Defensa Nacional porque se supone que esto, as\u00ed como por arte de magia, la har\u00e1 incorruptible. \u00bfSer\u00e1? Por cierto, \u00bfel gobernador veracruzano le habr\u00e1 ense\u00f1ado al Presidente c\u00f3mo el no pagar por el servicio del WC en las gasolineras es un logro de la errada y llamada cuarta transformaci\u00f3n?<\/p>\n<p>*** Legisladoras y Legisladores del PRI pidieron al Gobierno federal dar sustento legal y econ\u00f3mico a la decisi\u00f3n de crear la empresa estatal \u201cGas Bienestar\u201d, por lo que solicitaron a la Secretar\u00eda de Energ\u00eda y a la Profeco, presenten al Congreso de la Uni\u00f3n un informe sobre la repercusi\u00f3n y los beneficios de invertir en infraestructura para que el Estado venda gas LP al menudeo. Mediante un Punto de Acuerdo presentado a la Comisi\u00f3n Permanente, plantearon tres\u00a0 requerimientos en el an\u00e1lisis: La evoluci\u00f3n del precio en el mercado\u00a0a fin de determinar si existe un diferencial entre los precios de venta a las gaseras y al p\u00fablico;\u00a0las acciones emprendidas para controlar y sancionar a las empresas\u00a0 gaseras que distorsionan\u00a0el valor del producto,\u00a0en detrimento del\u00a0consumidor y\u00a0 el estudio de mercado e impacto econ\u00f3mico\u00a0 sobre el que se sustenta la creaci\u00f3n de la nueva paraestatal.<\/p>\n<p><u><a href=\"mailto:morcora@gmail.com\" target=\"_blank\" rel=\"noopener noreferrer\"><em>morcora@gmail.com<\/em><\/a><\/u><\/p>\n","protected":false},"excerpt":{"rendered":"<p><span style=\"color: #005497;\"><strong>Adriana Moreno Cordero<\/strong><\/span><\/p>\n","protected":false},"author":3,"featured_media":0,"comment_status":"open","ping_status":"open","sticky":false,"template":"","format":"standard","meta":{"_monsterinsights_skip_tracking":false,"_monsterinsights_sitenote_active":false,"_monsterinsights_sitenote_note":"","_monsterinsights_sitenote_category":0,"footnotes":""},"categories":[69370],"tags":[69369,69368,43674],"class_list":["post-514963","post","type-post","status-publish","format-standard","hentry","category-adriana-moreno-cordero","tag-adriana-moreno-cordero","tag-la-retaguardia","tag-opinion"],"_links":{"self":[{"href":"https:\/\/www.diarioimagen.net\/index.php?rest_route=\/wp\/v2\/posts\/514963","targetHints":{"allow":["GET"]}}],"collection":[{"href":"https:\/\/www.diarioimagen.net\/index.php?rest_route=\/wp\/v2\/posts"}],"about":[{"href":"https:\/\/www.diarioimagen.net\/index.php?rest_route=\/wp\/v2\/types\/post"}],"author":[{"embeddable":true,"href":"https:\/\/www.diarioimagen.net\/index.php?rest_route=\/wp\/v2\/users\/3"}],"replies":[{"embeddable":true,"href":"https:\/\/www.diarioimagen.net\/index.php?rest_route=%2Fwp%2Fv2%2Fcomments&post=514963"}],"version-history":[{"count":0,"href":"https:\/\/www.diarioimagen.net\/index.php?rest_route=\/wp\/v2\/posts\/514963\/revisions"}],"wp:attachment":[{"href":"https:\/\/www.diarioimagen.net\/index.php?rest_route=%2Fwp%2Fv2%2Fmedia&parent=514963"}],"wp:term":[{"taxonomy":"category","embeddable":true,"href":"https:\/\/www.diarioimagen.net\/index.php?rest_route=%2Fwp%2Fv2%2Fcategories&post=514963"},{"taxonomy":"post_tag","embeddable":true,"href":"https:\/\/www.diarioimagen.net\/index.php?rest_route=%2Fwp%2Fv2%2Ftags&post=514963"}],"curies":[{"name":"wp","href":"https:\/\/api.w.org\/{rel}","templated":true}]}}