{"id":514990,"date":"2021-07-26T00:08:53","date_gmt":"2021-07-26T05:08:53","guid":{"rendered":"https:\/\/www.diarioimagen.net\/?p=514990"},"modified":"2021-07-27T03:33:57","modified_gmt":"2021-07-27T08:33:57","slug":"el-campo-mexicano-sigue-en-espera-de-un-verdadero-rescate","status":"publish","type":"post","link":"https:\/\/www.diarioimagen.net\/?p=514990","title":{"rendered":"El campo mexicano sigue en espera de un verdadero rescate"},"content":{"rendered":"<h2>Clase Pol\u00edtica<\/h2>\n<h5>Miguel \u00c1ngel Rivera<\/h5>\n<p>&nbsp;<\/p>\n<p>Derivado de una baja importante en la producci\u00f3n de ma\u00edz, trigo, sorgo, soya, frijol y arroz, las importaciones de granos en el pa\u00eds han aumentado 14 por ciento en el primer semestre del a\u00f1o con respecto a igual periodo de 2020, se\u00f1al\u00f3 Grupo Consultor de Mercados Agr\u00edcolas (GCMA).<\/p>\n<p>De acuerdo con datos de los consultores, el Servicio de Informaci\u00f3n Agroalimentaria y Pesquera (SIAP) y del Servicio de Administraci\u00f3n Tributaria (SAT), entre enero y junio pasados el pa\u00eds adquiri\u00f3 del extranjero 15 mil 762 millones de toneladas de esos productos agr\u00edcolas, lo que signific\u00f3 una diferencia de mil 940 millones en comparaci\u00f3n con el mismo lapso del a\u00f1o pasado.<\/p>\n<p>El valor de la importaci\u00f3n de granos en el periodo de referencia fue de 5 mil 388 millones de d\u00f3lares, monto que se tradujo en un aumento de 67 por ciento respecto del primer semestre de 2020.<\/p>\n<p>La baja producci\u00f3n de granos en el pa\u00eds no s\u00f3lo provoc\u00f3 que M\u00e9xico incrementara el volumen de importaciones, sino tambi\u00e9n afect\u00f3 la cantidad de granos para exportaci\u00f3n.<\/p>\n<p>Entre enero y junio el pa\u00eds export\u00f3 551 mil toneladas, lo cual representa una reducci\u00f3n de 50.2 por ciento frente a igual lapso del a\u00f1o pasado, cuando se comercializaron al exterior mil 100 millones de toneladas.<\/p>\n<p>La fuente resulta confiable y el medio est\u00e1 lejos de ser enemigo o cr\u00edtico del gobierno de la llamada Cuarta Transformaci\u00f3n. Se trata de una nota del diario <strong><em>La Jornada<\/em><\/strong>.<\/p>\n<p>Esta informaci\u00f3n evidencia que est\u00e1 pendiente de cumplirse otra de las metas que se fij\u00f3 la actual administraci\u00f3n: alcanzar la autosuficiencia alimentaria.<\/p>\n<p>Como ocurre en otras \u00e1reas, seguramente se culpar\u00e1 a los anteriores gobiernos \u201cconservadores y neoliberales\u201d y tambi\u00e9n se puede argumentar la crisis econ\u00f3mica derivada de la pandemia por Covid-19, pero no se puede obviar que ya estamos a menos de dos meses de llegar a la mitad del actual gobierno federal.<\/p>\n<p>Estamos lejos del 10 de abril de 2018, cuando en Jerez, Zacatecas, el entonces candidato presidencial Andr\u00e9s Manuel L\u00f3pez Obrador firm\u00f3 un acuerdo para que se termine el menosprecio, el abandono al campo y se comience una etapa nueva de rescate al campo, a los campesinos y a la actividad productiva.<\/p>\n<p>\u201cLes digo de manera sincera que el rescate al campo es una de las principales prioridades de nuestro gobierno, vamos a impulsar las actividades productivas del campo como no se ha hecho en mucho tiempo, en d\u00e9cadas, vamos a regresar al campo\u201d, coment\u00f3.<\/p>\n<p>En esa oportunidad, L\u00f3pez Obrador expres\u00f3 su deseo de que ya no exista migraci\u00f3n y se\u00f1al\u00f3 que para ello se deben crear las condiciones para \u201cel mexicano pueda trabajar, pueda ser feliz donde naci\u00f3\u201d.<\/p>\n<p>Tres a\u00f1os despu\u00e9s, el pasado d\u00eda 21 del presente mes, julio, durante una gira por Veracruz, en la capital Xalapa, el presidente L\u00f3pez Obrador escuch\u00f3 las quejas de los hombres del campo por falta de apoyo.<\/p>\n<p>Dirigentes de diversas organizaciones de campesinos denunciaron que en los \u00faltimos tres a\u00f1os el sector campesino ha perdido casi el 60 por ciento de recursos econ\u00f3micos y se\u00f1alaron que debido al aumento de importaci\u00f3n de productos b\u00e1sicos se han generado aumentos como el del ma\u00edz y la tortilla.<\/p>\n<p>\u201cEsperemos que, con la siguiente legislatura, cambie la situaci\u00f3n. La esperanza ahora es con los diputados federales y cambien los presupuestos y la pol\u00edtica para el sector campesino, donde le den la importancia que necesita tener\u201d, expres\u00f3 Israel Castilla, de la Uni\u00f3n General de Obreros y Campesinos de M\u00e9xico (UGOCM).<\/p>\n<p>Antes, en febrero de 2021, en Tuxtepec, Oaxaca, productores afiliados a la CNC campesina se quejan de la falta de apoyo y programas para reactivar el campo. En particular se\u00f1alaron que los peque\u00f1os productores carecen de recursos para invertir.<\/p>\n<p>En esa oportunidad, Filogonio Santos G\u00f3mez coment\u00f3 que todos los d\u00edas reciben quejas de productores de los diferentes cultivos que est\u00e1n a espera de programas que les permitan invertir en la producci\u00f3n, principalmente de hule y ca\u00f1a.<\/p>\n<p>Indic\u00f3 que en la regi\u00f3n se producen cerca de 40 cultivos, pero no hay apoyo, la situaci\u00f3n se complic\u00f3 desde el cambio del gobierno federal, anteriormente recib\u00edan un apoyo escaso, pero serv\u00eda para que el productor cubriera algunos gastos.<\/p>\n<p>El representante campesino expuso que programas como el creado por la llamada Cuarta Transformaci\u00f3n, Sembrando Vida, no aterrizaron en el estado a pesar de la insistencia de los productores.<\/p>\n<p>M\u00e1s all\u00e1 de estas expresiones verbales, lo que da constancia de que el campo mexicano requiere m\u00e1s respaldo oficial son las cifras de aumento de las importaciones, as\u00ed como la baja en las exportaciones del sector agropecuario, las cuales confirman que estamos lejos de la tan anhelada autosuficiencia alimentaria.<\/p>\n<p style=\"text-align: center;\"><strong>\u00a0\u201cDios nos agarre confesados\u201d, ante el retorno a las clases presenciales<\/strong><\/p>\n<p>\u201cReducir las restricciones y las medidas para prevenir contagios de Covid-19 es jugar a una loter\u00eda mortal, advirtieron expertos de la Organizaci\u00f3n Mundial de la Salud (OMS), apenas el pasado d\u00eda 19, los cuales tambi\u00e9n se\u00f1alaron que \u201cmientras la mayor parte de la poblaci\u00f3n no est\u00e9 inmunizada, el virus seguir\u00e1 circulando y mutando\u201d.<\/p>\n<p>La epidemi\u00f3loga y jefa de la Unidad T\u00e9cnica Anti-Covid de la OMS, Maria Van Kerkhove, tambi\u00e9n se\u00f1al\u00f3 que \u201ces fundamental, que las vacunas lleguen al mayor n\u00famero de pa\u00edses, no s\u00f3lo a los desarrollados, no s\u00f3lo a Occidente\u201d, ya que mientras se mantenga la actual situaci\u00f3n, \u201cla vacunaci\u00f3n no supondr\u00e1 el fin de la pandemia porque los vacunados pueden contagiarse y transmitir el virus\u201d a las personas que todav\u00eda no han sido inmunizadas contra Covid-19.<\/p>\n<p>En nuestro pa\u00eds, el pasado fin de semana, el Informe T\u00e9cnico Diario que da a conocer la Secretar\u00eda de Salud, correspondiente a la semana epidemiol\u00f3gica 27 -que comprende del 4 al 10 de julio- cerr\u00f3 con 48 por ciento de incremento en el n\u00famero de casos estimados en comparaci\u00f3n con la semana previa, y 112 mil 261 casos activos, que representan 3.8 por ciento del total.<\/p>\n<p>Adem\u00e1s, la mencionada dependencia inform\u00f3 que el Sem\u00e1foro Epidemiol\u00f3gico Covid-19 reubica a Sinaloa en rojo, m\u00e1ximo riesgo, mientras que s\u00f3lo se mantienen en verde Coahuila, Chiapas y Aguascalientes. Otras trece entidades se mantienen en naranja: Baja California Sur, Tamaulipas, Nuevo Le\u00f3n, Nayarit, Jalisco, Colima, Hidalgo, Veracruz, Estado de M\u00e9xico, CDMX, Guerrero, Oaxaca y Quintana Roo.<\/p>\n<p>En el nivel medio de riesgo, amarillo, estar\u00e1n 15 estados: Baja California, Sonora, Chihuahua, Durango, San Luis Potos\u00ed, Zacatecas, Guanajuato, Quer\u00e9taro, Michoac\u00e1n, Morelos, Tlaxcala, Puebla, Campeche, Tabasco y Yucat\u00e1n.<\/p>\n<p>Como se aprecia, los pron\u00f3sticos no son muy halagadores. M\u00e1s bien, los especialistas recomiendan precauci\u00f3n y mantener las medidas de protecci\u00f3n, como evitar sitios p\u00fablicos, mantener la \u201csana distancia\u201d y el uso de cubrebocas, adem\u00e1s de la vacunaci\u00f3n para los estratos sociales a los que llega esa medicina preventiva.<\/p>\n<p>Sin embargo, fiel a su tradici\u00f3n de \u201ctener otros datos\u201d y de mantener la convicci\u00f3n de que el ataque del coronavirus no es tan grave o que se puede contener con detentes, el presidente L\u00f3pez Obrador reafirm\u00f3 este fin de semana que el retorno a clases presenciales en escuelas p\u00fablicas del pa\u00eds ser\u00e1 a finales de agosto, \u201cllueva, truene o relampaguee\u201d.<\/p>\n<p>L\u00f3pez Obrador ha insistido en que nada sustituye a las clases presenciales, pese al buen resultado que dio el sistema de educaci\u00f3n a distancia.<\/p>\n<p>En el aspecto puramente educativo tiene raz\u00f3n. Sin embargo, la hacer un balance general, el nivel educativo queda por debajo de la salud y la vida.<\/p>\n<p>Cuando nuestro pa\u00eds parece inmerso en lo que parece una tercera ola o en un nuevo \u201cpico\u201d de la pandemia, lo m\u00e1s indicado ser\u00eda mejor esperar signos claros de que el padecimiento ha cedido un poco.<\/p>\n<p>Los experimentos hasta ahora realizados, como en Campeche y en la Ciudad de M\u00e9xico, han puesto de manifiesto que la pandemia afecta tambi\u00e9n a los menores y pone en riesgo de contagios a sus maestros y a sus familias.<\/p>\n<p>En consecuencia, lo indicado ser\u00eda esperar primero un confiable estudio de especialistas que aconsejan la vuelta a clases presenciales. Por supuesto, est\u00e1 descartado cualquier dictamen del subsecretario de Salud Hugo L\u00f3pez Gatell, quien lejos de evidenciar capacidad cient\u00edfica ha dejado constancia de que su principal preocupaci\u00f3n es, si se puede calificar de pol\u00edtica, \u201cquedar bien\u201d con su jefe, el Presidente de la Rep\u00fablica.<\/p>\n<p><a href=\"mailto:riparcangel@hotmail.com\" target=\"_blank\" rel=\"noopener noreferrer\"><em>riparcangel@hotmail.com<\/em><\/a><\/p>\n","protected":false},"excerpt":{"rendered":"<p><span style=\"color: #005497;\"><strong>Miguel \u00c1ngel Rivera<\/strong><\/span><\/p>\n","protected":false},"author":3,"featured_media":0,"comment_status":"open","ping_status":"open","sticky":false,"template":"","format":"standard","meta":{"_monsterinsights_skip_tracking":false,"_monsterinsights_sitenote_active":false,"_monsterinsights_sitenote_note":"","_monsterinsights_sitenote_category":0,"footnotes":""},"categories":[84119],"tags":[84120,84121,43674],"class_list":["post-514990","post","type-post","status-publish","format-standard","hentry","category-miguel-angel-rivera","tag-clase-politica","tag-miguel-angel-rivera","tag-opinion"],"_links":{"self":[{"href":"https:\/\/www.diarioimagen.net\/index.php?rest_route=\/wp\/v2\/posts\/514990","targetHints":{"allow":["GET"]}}],"collection":[{"href":"https:\/\/www.diarioimagen.net\/index.php?rest_route=\/wp\/v2\/posts"}],"about":[{"href":"https:\/\/www.diarioimagen.net\/index.php?rest_route=\/wp\/v2\/types\/post"}],"author":[{"embeddable":true,"href":"https:\/\/www.diarioimagen.net\/index.php?rest_route=\/wp\/v2\/users\/3"}],"replies":[{"embeddable":true,"href":"https:\/\/www.diarioimagen.net\/index.php?rest_route=%2Fwp%2Fv2%2Fcomments&post=514990"}],"version-history":[{"count":0,"href":"https:\/\/www.diarioimagen.net\/index.php?rest_route=\/wp\/v2\/posts\/514990\/revisions"}],"wp:attachment":[{"href":"https:\/\/www.diarioimagen.net\/index.php?rest_route=%2Fwp%2Fv2%2Fmedia&parent=514990"}],"wp:term":[{"taxonomy":"category","embeddable":true,"href":"https:\/\/www.diarioimagen.net\/index.php?rest_route=%2Fwp%2Fv2%2Fcategories&post=514990"},{"taxonomy":"post_tag","embeddable":true,"href":"https:\/\/www.diarioimagen.net\/index.php?rest_route=%2Fwp%2Fv2%2Ftags&post=514990"}],"curies":[{"name":"wp","href":"https:\/\/api.w.org\/{rel}","templated":true}]}}