{"id":515069,"date":"2021-07-27T00:03:57","date_gmt":"2021-07-27T05:03:57","guid":{"rendered":"https:\/\/www.diarioimagen.net\/?p=515069"},"modified":"2021-07-27T05:38:09","modified_gmt":"2021-07-27T10:38:09","slug":"gobierno-de-huixquilucan-numero-uno-en-las-jornadas-de-vacunacion-contra-covid-19","status":"publish","type":"post","link":"https:\/\/www.diarioimagen.net\/?p=515069","title":{"rendered":"Gobierno de Huixquilucan, n\u00famero uno en las jornadas de vacunaci\u00f3n contra Covid-19"},"content":{"rendered":"<p>&nbsp;<\/p>\n<ul>\n<li><strong><em>En equipo con Guardia Nacional e ISEM<\/em><\/strong><\/li>\n<\/ul>\n<p>&nbsp;<\/p>\n<div id=\"attachment_515166\" style=\"width: 470px\" class=\"wp-caption aligncenter\"><a href=\"https:\/\/www.diarioimagen.net\/?attachment_id=515166\" rel=\"attachment wp-att-515166\"><img loading=\"lazy\" decoding=\"async\" aria-describedby=\"caption-attachment-515166\" class=\"size-full wp-image-515166\" src=\"https:\/\/www.diarioimagen.net\/wp-content\/uploads\/2021\/07\/huix-7.jpg\" alt=\"\" width=\"460\" height=\"270\" \/><\/a><p id=\"caption-attachment-515166\" class=\"wp-caption-text\">El gobierno de\u00a0Huixquilucan se coloca como el n\u00famero uno en la entidad en jornadas de vacunaci\u00f3n, gracias al trabajo en equipo de la Guardia Nacional, ISEM y del municipio.<\/p><\/div>\n<p>&nbsp;<\/p>\n<p><strong>Huixquilucan, Estado de M\u00e9xico<\/strong>.- Al concluir la jornada de vacunaci\u00f3n para personas de 30 a 39 a\u00f1os, el gobierno municipal de Huixquilucan agradeci\u00f3 a la poblaci\u00f3n por haber acudido a inocularse y con ello evitar m\u00e1s contagios.<\/p>\n<p>Luego de finalizar la primera dosis contra el SARS-Cov-2 para este sector de la poblaci\u00f3n, el gobierno de\u00a0 Huixquilucan se coloca como el n\u00famero uno en la entidad en jornadas de vacunaci\u00f3n, lo anterior, gracias al trabajo en equipo de la Guardia Nacional, ISEM y del municipio.<\/p>\n<p>El gobierno de Huixquilucan reconoci\u00f3 el compromiso de los servidores p\u00fablicos, que a pesar de estar de vacaciones, pusieron todo su empe\u00f1o durante estos tres d\u00edas de vacunaci\u00f3n, para atender a los y las huixquiluquenses que se dieron cita en el Complejo de salud Rosa M\u00edstica, Ciudad Salud y en la Universidad An\u00e1huac campus Norte.<\/p>\n<p>Ante la tercer ola de contagios que vive el pa\u00eds, la autoridad municipal exhort\u00f3 a la poblaci\u00f3n a no bajar la guardia y seguir las medidas de seguridad e higiene ya conocidas y con ello cuidar la salud de las familias.<\/p>\n<p>Con esta jornada de vacunaci\u00f3n, en Huixquilucan, se han aplicado m\u00e1s de cien mil dosis a personas de 40 a\u00f1os y m\u00e1s que ya cuentan con su esquema completo a los que se suman las personas de 30 a 39 a\u00f1os con la primera dosis.<\/p>\n","protected":false},"excerpt":{"rendered":"<p>Al concluir la jornada de vacunaci\u00f3n para personas de 30 a 39 a\u00f1os, el gobierno municipal de Huixquilucan agradeci\u00f3 a la poblaci\u00f3n por haber acudido a inocularse y con ello evitar m\u00e1s contagios.<\/p>\n","protected":false},"author":3,"featured_media":515166,"comment_status":"open","ping_status":"open","sticky":false,"template":"","format":"standard","meta":{"_monsterinsights_skip_tracking":false,"_monsterinsights_sitenote_active":false,"_monsterinsights_sitenote_note":"","_monsterinsights_sitenote_category":0,"footnotes":""},"categories":[5],"tags":[43675,1097],"class_list":["post-515069","post","type-post","status-publish","format-standard","has-post-thumbnail","hentry","category-estado-de-mexico","tag-estado-de-mexico","tag-huixquilucan"],"_links":{"self":[{"href":"https:\/\/www.diarioimagen.net\/index.php?rest_route=\/wp\/v2\/posts\/515069","targetHints":{"allow":["GET"]}}],"collection":[{"href":"https:\/\/www.diarioimagen.net\/index.php?rest_route=\/wp\/v2\/posts"}],"about":[{"href":"https:\/\/www.diarioimagen.net\/index.php?rest_route=\/wp\/v2\/types\/post"}],"author":[{"embeddable":true,"href":"https:\/\/www.diarioimagen.net\/index.php?rest_route=\/wp\/v2\/users\/3"}],"replies":[{"embeddable":true,"href":"https:\/\/www.diarioimagen.net\/index.php?rest_route=%2Fwp%2Fv2%2Fcomments&post=515069"}],"version-history":[{"count":0,"href":"https:\/\/www.diarioimagen.net\/index.php?rest_route=\/wp\/v2\/posts\/515069\/revisions"}],"wp:featuredmedia":[{"embeddable":true,"href":"https:\/\/www.diarioimagen.net\/index.php?rest_route=\/wp\/v2\/media\/515166"}],"wp:attachment":[{"href":"https:\/\/www.diarioimagen.net\/index.php?rest_route=%2Fwp%2Fv2%2Fmedia&parent=515069"}],"wp:term":[{"taxonomy":"category","embeddable":true,"href":"https:\/\/www.diarioimagen.net\/index.php?rest_route=%2Fwp%2Fv2%2Fcategories&post=515069"},{"taxonomy":"post_tag","embeddable":true,"href":"https:\/\/www.diarioimagen.net\/index.php?rest_route=%2Fwp%2Fv2%2Ftags&post=515069"}],"curies":[{"name":"wp","href":"https:\/\/api.w.org\/{rel}","templated":true}]}}