{"id":515101,"date":"2021-07-27T00:08:16","date_gmt":"2021-07-27T05:08:16","guid":{"rendered":"https:\/\/www.diarioimagen.net\/?p=515101"},"modified":"2021-07-27T03:19:01","modified_gmt":"2021-07-27T08:19:01","slug":"aprender-a-convivir-con-el-virus","status":"publish","type":"post","link":"https:\/\/www.diarioimagen.net\/?p=515101","title":{"rendered":"Aprender a convivir con el virus"},"content":{"rendered":"<h2>Punto por punto<\/h2>\n<h5>Augusto Corro<\/h5>\n<p>&nbsp;<\/p>\n<p>Son m\u00faltiples razones las que nos obligan a aceptar que tenemos que convivir con la Covid-19 por tiempo indefinido, sino es que para siempre.<\/p>\n<p>Un sinn\u00famero de personas ya vacunadas contra el bicho pregunta si deben continuar con el uso del cubrebocas.<\/p>\n<p>La respuesta es que s\u00ed, seg\u00fan los expertos. Para empezar, es necesario saber que una vacuna no protege al ciento por ciento.<\/p>\n<p>Adem\u00e1s, con las variantes de la Covid-19, como la Delta, son muchas veces m\u00e1s contagiosas.<\/p>\n<p>As\u00ed pues, el uso del cubrebocas debe seguir como una medida efectiva para controlar la pandemia.<\/p>\n<p>Por otra parte, ya estamos en la tercera ola de contagios y a las autoridades no les preocupa tanto esa situaci\u00f3n.<\/p>\n<p>Confirmaron que se incrementar\u00e1 la vacunaci\u00f3n, pero ya sabemos que esa medida no es suficiente.<\/p>\n<p>Por ejemplo, en las urbes, como la Ciudad de M\u00e9xico, segmentos importantes de la poblaci\u00f3n siguen expuestos al contagio.<\/p>\n<p>Por el ejemplo, quienes se dedican al comercio informal, los que viajan en transporte p\u00fablico, etc\u00e9tera, no todos se preocupan por las medidas sanitarias preventivas.<\/p>\n<p>Parece que en los grandes centros de poblaci\u00f3n la aplicaci\u00f3n de los colores del sem\u00e1foro sanitario es a la carta.<\/p>\n<p>En ese sentido, nos encontramos bajo el color amarillo, pero podemos activarnos como si estuvi\u00e9ramos en el verde.<\/p>\n<p>Por otra parte, al gobierno le urge que los ni\u00f1os regresen a la escuela.<\/p>\n<p>Ni siquiera pretenden las autoridades esperar los resultados da\u00f1inos de la tercera ola.\u00a0 Con unos meses m\u00e1s lejos de las aulas no se va a acabar el mundo.<\/p>\n<p>\u00bfUsted mandar\u00eda a sus hijos a las clases presenciales?<\/p>\n<p>En fin, la pandemia nos oblig\u00f3 a vivir una situaci\u00f3n diferente; a una situaci\u00f3n in\u00e9dita, en la que tenemos que poner todo nuestro empe\u00f1o para superar los obst\u00e1culos que se nos presenten.<\/p>\n<p>Es muy importante que la poblaci\u00f3n se vacune para evitar da\u00f1os irreparables. Mientras no estemos todos protegidos, seguiremos con la amenaza del contagio.<\/p>\n<p>En s\u00edntesis, vamos a aprender a vivir con el coronavirus, con acciones sensatas: a usar el cubrebocas, a lavarnos las manos y a practicar la sana distancia.<\/p>\n<p>Por cierto, dijo el presidente Andr\u00e9s Manuel L\u00f3pez Obrador que durante la pandemia se ha actuado con prudencia equilibrando la libertad, la econom\u00eda y la salud.<\/p>\n<p>\u00bfUsted qu\u00e9 opina amable lector?<\/p>\n<p><strong>El juicio a ex presidentes<\/strong><\/p>\n<p>El domingo 1 de agosto votar\u00e1n por un si o un no del juicio a los ex presidentes.<\/p>\n<p>Aunque el texto de la boleta casi no se entiende, en el fondo es saber si usted est\u00e1 de acuerdo o no que se juzgue a Carlos Salinas de Gortari, Ernesto Zedillo, Vicente Fox, Felipe Calder\u00f3n y Enrique Pe\u00f1a Nieto.<\/p>\n<p>Como se dec\u00eda no hace mucho tiempo: ya corrieron r\u00edos de tinta sobre el asunto y no se le ve fin. Ni se ver\u00e1.\u00a0 S\u00ed ser\u00e1 interesante saber el resultado de la votaci\u00f3n. Ya se dijo que ser\u00e1 dif\u00edcil alcanzar el n\u00famero de votos para llevar a cabo el juicio.<\/p>\n<p>No se alcanzar\u00e1 la cifra, pero s\u00ed ser\u00e1n millones de personas que votar\u00e1n a favor de que se realice, que los ex presidentes respondan de los presuntos delitos de los que son acusados.\u00a0 Una vez juzgados, \u00bfcu\u00e1les ser\u00e1n las penas, las sentencias que les apliquen a los ex mandatarios?<\/p>\n<p>Eso es lo que nos falta conocer. Porque si van a salir las autoridades con un \u201custed perdone\u201d, es mejor dejar las cosas como est\u00e1n.<\/p>\n<p>Ya en otra ocasi\u00f3n dijimos que era m\u00e1s importante el juicio de la Historia, con may\u00fascula, y ese ya se llev\u00f3 a cabo.\u00a0 Ojal\u00e1 y el juicio no termine en una vacilada o tomadura de pelo.<\/p>\n<p>\u00bfUsted qu\u00e9 opina amable lector?<\/p>\n<p><a href=\"mailto:aco2742@hotmail.com\" target=\"_blank\" rel=\"noopener noreferrer\"><em>aco2742@hotmail.com<\/em><\/a><\/p>\n","protected":false},"excerpt":{"rendered":"<p><span style=\"color: #005497;\"><strong>Augusto Corro<\/strong><\/span><\/p>\n","protected":false},"author":3,"featured_media":0,"comment_status":"open","ping_status":"open","sticky":false,"template":"","format":"standard","meta":{"_monsterinsights_skip_tracking":false,"_monsterinsights_sitenote_active":false,"_monsterinsights_sitenote_note":"","_monsterinsights_sitenote_category":0,"footnotes":""},"categories":[157],"tags":[43686,43674,11515],"class_list":["post-515101","post","type-post","status-publish","format-standard","hentry","category-augusto-corro","tag-augusto-corro","tag-opinion","tag-punto-por-punto"],"_links":{"self":[{"href":"https:\/\/www.diarioimagen.net\/index.php?rest_route=\/wp\/v2\/posts\/515101","targetHints":{"allow":["GET"]}}],"collection":[{"href":"https:\/\/www.diarioimagen.net\/index.php?rest_route=\/wp\/v2\/posts"}],"about":[{"href":"https:\/\/www.diarioimagen.net\/index.php?rest_route=\/wp\/v2\/types\/post"}],"author":[{"embeddable":true,"href":"https:\/\/www.diarioimagen.net\/index.php?rest_route=\/wp\/v2\/users\/3"}],"replies":[{"embeddable":true,"href":"https:\/\/www.diarioimagen.net\/index.php?rest_route=%2Fwp%2Fv2%2Fcomments&post=515101"}],"version-history":[{"count":0,"href":"https:\/\/www.diarioimagen.net\/index.php?rest_route=\/wp\/v2\/posts\/515101\/revisions"}],"wp:attachment":[{"href":"https:\/\/www.diarioimagen.net\/index.php?rest_route=%2Fwp%2Fv2%2Fmedia&parent=515101"}],"wp:term":[{"taxonomy":"category","embeddable":true,"href":"https:\/\/www.diarioimagen.net\/index.php?rest_route=%2Fwp%2Fv2%2Fcategories&post=515101"},{"taxonomy":"post_tag","embeddable":true,"href":"https:\/\/www.diarioimagen.net\/index.php?rest_route=%2Fwp%2Fv2%2Ftags&post=515101"}],"curies":[{"name":"wp","href":"https:\/\/api.w.org\/{rel}","templated":true}]}}