{"id":515212,"date":"2021-07-28T00:01:34","date_gmt":"2021-07-28T05:01:34","guid":{"rendered":"https:\/\/www.diarioimagen.net\/?p=515212"},"modified":"2021-07-28T06:34:37","modified_gmt":"2021-07-28T11:34:37","slug":"tony-gutierrez-quien-destaco-en-la-industria-turistica-se-nos-adelanto-en-el-camino","status":"publish","type":"post","link":"https:\/\/www.diarioimagen.net\/?p=515212","title":{"rendered":"Tony Guti\u00e9rrez, quien destac\u00f3 en la industria tur\u00edstica, se nos adelant\u00f3 en el camino"},"content":{"rendered":"<h2>De cinco estrellas<\/h2>\n<h5>Victoria Gonz\u00e1lez Prado<\/h5>\n<p>&nbsp;<\/p>\n<ul>\n<li><strong>Wayam Mundo Imperial<\/strong><em><strong>, en M\u00e9rida, ofrece alta tecnolog\u00eda e innovaci\u00f3n sostenible<\/strong><\/em><\/li>\n<li><strong>C<\/strong><strong>ultourFair<\/strong><em><strong>se celebrar\u00e1 \u00a0del 15 al 17\u00a0de septiembre en Madrid, Espa\u00f1a<\/strong><\/em><\/li>\n<li><em><strong>Los d\u00edas 5 y 6 de agosto, Delta reanudar\u00e1 vuelos desde Atlanta a Barcelona y Madrid<\/strong><\/em><\/li>\n<\/ul>\n<p>&nbsp;<\/p>\n<div id=\"attachment_515333\" style=\"width: 470px\" class=\"wp-caption aligncenter\"><a href=\"https:\/\/www.diarioimagen.net\/?attachment_id=515333\" rel=\"attachment wp-att-515333\"><img loading=\"lazy\" decoding=\"async\" aria-describedby=\"caption-attachment-515333\" class=\"size-full wp-image-515333\" src=\"https:\/\/www.diarioimagen.net\/wp-content\/uploads\/2021\/07\/1.jpg\" alt=\"\" width=\"460\" height=\"270\" \/><\/a><p id=\"caption-attachment-515333\" class=\"wp-caption-text\">Tony Guti\u00e9rrez.<\/p><\/div>\n<p>&nbsp;<\/p>\n<p>El domingo por la tarde recib\u00ed la noticia del fallecimiento de <strong>Tony Guti\u00e9rrez<\/strong>, quien destac\u00f3 en la industria tur\u00edstica, por ser la primera mujer en ocupar la direcci\u00f3n general de <em>American Airlines<\/em> en M\u00e9xico, compa\u00f1\u00eda a\u00e9rea internacional.<\/p>\n<p><strong>Tony<\/strong> Inici\u00f3 su trabajo en esa empresa en 1974 y ah\u00ed inici\u00f3 carrera que le llev\u00f3 a ocupar la direcci\u00f3n de la aerol\u00ednea. En 1995 fue nombrada directora Comercial. En 2012 se convirti\u00f3 en la directora general para M\u00e9xico y as\u00ed se convirti\u00f3 en la primera mujer en ocupar ese puesto para una aerol\u00ednea internacional.<\/p>\n<p>En 2013 estuvo involucrada en la fusi\u00f3n que concretaron\u00a0<em>American Airlines<\/em>\u00a0y\u00a0<em>US Airways,<\/em>\u00a0quiz\u00e1 uno de sus m\u00e1s supremos logros. En mayo del 2018, tras 43 a\u00f1os de servicio, <strong>Tony<\/strong> decidi\u00f3 dejar su cargo en esa que fuera su casa durante tantos a\u00f1os.<\/p>\n<p>Recibi\u00f3, a lo largo de su trayectoria innumerables reconocimientos entre los\u00a0que destacan:\u00a050 Mujeres m\u00e1s Poderosas;\u00a0<em>Chairman\u00b4s Award<\/em>;<em>\u00a0American Airlines<\/em><em> 2014;<\/em>\u00a0Presea Leo Cortina, AFEET 2015; Premio CIMA al l\u00edder del a\u00f1o; Universidad An\u00e1huac del Norte 2016, y Las 100 mujeres m\u00e1s poderosas de M\u00e9xico, entre otros.<\/p>\n<p>Me uno a la pena que embarga a la familia de <strong>Tony Guii\u00e9rrez<\/strong> y deseo que tengan pronta resignaci\u00f3n y cconsuelo. Solo se nos adelant\u00f3 en el camino. Descanse en paz.<\/p>\n<p>\u2730\u2730\u2730\u2730\u2730 El hotel <em>Wayam Mundo Imperial<\/em>, ubicado en la ciudad de M\u00e9rida fue inaugurado hace unos d\u00edas y luego se devel\u00f3 la placa conmemorativa y el grupo hotelero reconoci\u00f3 al gobernador de Yucat\u00e1n, <strong>Mauricio Vila Dosal<\/strong> por su apoyo y contribuci\u00f3n al crecimiento de la oferta hotelera en la entidad.<\/p>\n<p><strong>Michelle Fridman Hirsch<\/strong>, secretaria de Fomento Tur\u00edstico de Yucat\u00e1n en su oportunidad, destac\u00f3 que la entidad ha recuperado gradualmente el turismo y lo ejemplific\u00f3 al hablar de la conectividad a\u00e9rea que a la semana ofrece 27 mil asientos disponibles, 80 por ciento de lo que se ten\u00eda previo al Covid. 70 por ciento de las rutas dom\u00e9sticas ya est\u00e1n recuperadas y m\u00e1s del 100 por ciento de rutas internacionales, con los vuelos provenientes de Oakland y Dallas, incluso, se incrementaron frecuencias con destinos como Houston y Miami hacia M\u00e9rida.<\/p>\n<p>La titular de la Sefotur, agreg\u00f3 que los turistas viajan a Yucat\u00e1n por tres razones: \u201cprimero, por la maravilla de la oferta tur\u00edstica del estado, es diverso como ning\u00fan otro; es milenario, pero con infraestructura de primer mundo y reconocido por su seguridad y ahora, por la bioseguridad\u201d, finaliz\u00f3.<\/p>\n<p>Cabe destacar que<em> Wayam Mundo Imperial, <\/em>cuenta con 52 suites, carril de nado, bar en <em>roof top<\/em>, entre otros servicios de \u00faltima generaci\u00f3n con sofisticaci\u00f3n y alta tecnolog\u00eda; dise\u00f1o urbano e innovaci\u00f3n sostenible, es el lugar ideal para vivir experiencia \u00fanica en medio de ambiente moderno y exclusivo.<\/p>\n<p>Cuna, restaurante del hotel, que dirige el chef venezolano <strong>Maycoll Calder\u00f3n, <\/strong>ofrece cocina caracterizada por el respeto a cada insumo que pasa por sus manos. La zona es reconocida por su incre\u00edble espacio, terraza y uni\u00f3n con naturaleza.<\/p>\n<p>Entre esa tradici\u00f3n y arquitectura moderna, <em>Wayam <\/em>tiende puente entre aparentes opuestos. Ecolog\u00eda y confort, hotel boutique y de negocios, lo innovador y lo cl\u00e1sico.<\/p>\n<p>Desde su apertura se implementa el programa de calidad y sanidad <em>Imperial Clean<\/em> con los m\u00e1s altos est\u00e1ndares de limpieza y desinfecci\u00f3n, basados en normativas tur\u00edsticas internacionales y nacionales, que funcionan como gu\u00eda y son herramienta e instructivo para las buenas pr\u00e1cticas en las empresas o centros de trabajo del sector tur\u00edstico.<\/p>\n<p>Por su parte, <strong>Juan Antonio Hern\u00e1ndez Venegas<\/strong>, presidente del Consejo de Grupo Autofin M\u00e9xico y Mundo Imperial, hizo \u00e9nfasis en la importancia del crecimiento de M\u00e9rida y reiter\u00f3 su compromiso para el beneficio de M\u00e9xico y el estado: \u201cconvoco a todos mis compa\u00f1eros liderados por <strong>Seyed Rezvani<\/strong>, director general de Mundo Imperial para que nos entreguemos al m\u00e1ximo. Tenemos que capacitarnos constantemente y superar las expectativas\u201d.<\/p>\n<p>\u2730\u2730\u2730\u2730\u2730 La\u00a0octava edici\u00f3n de <em>CultourFair<\/em><em>,<\/em> la \u00fanica feria B2B destinada a la industria del turismo cultural, se celebrar\u00e1 en el <em>Hotel\u00a0VP Plaza de Espa\u00f1a Design<\/em>, en Madrid, del 15 al 17\u00a0de septiembre en el marco de la celebraci\u00f3n de la\u00a0Capital Iberoamericana de la Cultura Gastron\u00f3mica, t\u00edtulo que este a\u00f1o ostenta la\u00a0capital espa\u00f1ola.<\/p>\n<p>Gracias al patrocinio de la aerol\u00ednea Iberia los participantes se beneficiar\u00e1n con 10 por ciento de descuento de cualquier tarifa promocional con tasas incluidas para asistir al evento, que congregar\u00e1 a m\u00e1s de 100 directivos de turismo de m\u00e1s de 30 pa\u00edses.<\/p>\n<p><em>C<\/em><em>ultourFair<\/em><em>,<\/em> congregar\u00e1 a expositores especializados de todo el mundo junto con compradores internacionales rigurosamente seleccionados: turoperadores y agencias especializadas en viajes de lujo, eventos con contenido cultural y experiencias gourmet, <em>city-breaks<\/em>, patrimonio, gastronom\u00eda, enol\u00f3gico, folklore, conciertos, religioso, etc\u00e9tera.<\/p>\n<p>Las jornadas se completar\u00e1n con\u00a0programa de <em>networking<\/em>\u00a0de alto <em>standing<\/em><em>.<\/em><\/p>\n<p><em>\u2730\u2730\u2730\u2730\u2730<\/em>\u00a0Los d\u00edas 5 y 6 de agosto, Delta\u00a0reanudar\u00e1 vuelos sin escala desde Atlanta a Barcelona y Madrid con cuatro y tres veces por semana, respectivamente, los vuelos complementan los servicios sin escalas existentes de la l\u00ednea a\u00e9rea desde Nueva York-JFK, ofreciendo hasta 16 vuelos semanales desde los mayores centros de operaciones de la aerol\u00ednea en EE. UU. a las dos ciudades m\u00e1s grandes de Espa\u00f1a.<\/p>\n<p>Informaci\u00f3n del Instituto Nacional de Estad\u00edstica a principios de este mes muestran que el turismo entrante en Espa\u00f1a aument\u00f3 significativamente en mayo, mostrando impacto inmediato del levantamiento de las restricciones fronterizas.<\/p>\n<p>Los vuelos de Delta desde Atlanta a Barcelona se operar\u00e1n con el <em>Boeing 767-400<\/em>, en sus cuatro clases:<em> One<\/em>, <em>Premium Select<\/em>, <em>Comfort+<\/em> y <em>Main Cabin<\/em>. Los servicios de Atlanta a Madrid est\u00e1n programados en el <em>Boeing 767-300<\/em>, con las clases: <em>One,<\/em> <em>Comfort+<\/em> y <em>Main Cabin<\/em>. Quienes vuelen entre Estados Unidos y Espa\u00f1a tambi\u00e9n pueden conectar a trav\u00e9s de los <em>hubs<\/em> de la l\u00ednea a\u00b4\u00e9rea en Par\u00eds y \u00c1msterdam. Todos los servicios de la l\u00ednea a\u00e9rea a Espa\u00f1a se operan en conjunto con sus socios <em>Air France, KLM<\/em> y <em>Virgin Atlantic.<\/em><\/p>\n<p>La compa\u00f1\u00eda da prioridad a la salud y seguridad de clientes, empleados y de las comunidades a las que vuela. Adem\u00e1s de viaje m\u00e1s seguro como parte del<em> CareStandard<\/em> quienes vuelen entre Estados Unidos y Espa\u00f1a disfrutar\u00e1n de nuevas opciones de entretenimiento a bordo en pantallas personales en el respaldo del asiento y tecnolog\u00eda sin contacto a trav\u00e9s de la aplicaci\u00f3n <em>Fly Delta.<\/em><\/p>\n<p>&nbsp;<\/p>\n<blockquote>\n<p style=\"text-align: right;\">\u201c<strong>El<\/strong> <strong>\u00e1ngel de la fama tiene sus alas hechas de papel&#8230; peri\u00f3dico\u201d.<br \/>\n<\/strong><\/p>\n<\/blockquote>\n<p>&nbsp;<\/p>\n<p><em><span class=\"Apple-converted-space\"><a href=\"mailto:victoriagprado@gmail.com\" target=\"_blank\" rel=\"noopener noreferrer\">victoriagprado@gmail.com<\/a><br \/>\nTwitter: <a href=\"https:\/\/twitter.com\/victoriagprado\" target=\"_blank\" rel=\"noopener noreferrer\">@victoriagprado<\/a><\/span><\/em><\/p>\n","protected":false},"excerpt":{"rendered":"<p>El domingo por la tarde recib\u00ed la noticia del fallecimiento de <strong>Tony Guti\u00e9rrez<\/strong>, quien destac\u00f3 en la industria tur\u00edstica, por ser la primera mujer en ocupar la direcci\u00f3n general de <em>American Airlines<\/em> en M\u00e9xico, compa\u00f1\u00eda a\u00e9rea internacional.<\/p>\n","protected":false},"author":3,"featured_media":515333,"comment_status":"open","ping_status":"open","sticky":false,"template":"","format":"standard","meta":{"_monsterinsights_skip_tracking":false,"_monsterinsights_sitenote_active":false,"_monsterinsights_sitenote_note":"","_monsterinsights_sitenote_category":0,"footnotes":""},"categories":[11],"tags":[107,43674,106],"class_list":["post-515212","post","type-post","status-publish","format-standard","has-post-thumbnail","hentry","category-turismo","tag-de-cinco-estrellas","tag-opinion","tag-victoria-gonzalez-prado"],"_links":{"self":[{"href":"https:\/\/www.diarioimagen.net\/index.php?rest_route=\/wp\/v2\/posts\/515212","targetHints":{"allow":["GET"]}}],"collection":[{"href":"https:\/\/www.diarioimagen.net\/index.php?rest_route=\/wp\/v2\/posts"}],"about":[{"href":"https:\/\/www.diarioimagen.net\/index.php?rest_route=\/wp\/v2\/types\/post"}],"author":[{"embeddable":true,"href":"https:\/\/www.diarioimagen.net\/index.php?rest_route=\/wp\/v2\/users\/3"}],"replies":[{"embeddable":true,"href":"https:\/\/www.diarioimagen.net\/index.php?rest_route=%2Fwp%2Fv2%2Fcomments&post=515212"}],"version-history":[{"count":0,"href":"https:\/\/www.diarioimagen.net\/index.php?rest_route=\/wp\/v2\/posts\/515212\/revisions"}],"wp:featuredmedia":[{"embeddable":true,"href":"https:\/\/www.diarioimagen.net\/index.php?rest_route=\/wp\/v2\/media\/515333"}],"wp:attachment":[{"href":"https:\/\/www.diarioimagen.net\/index.php?rest_route=%2Fwp%2Fv2%2Fmedia&parent=515212"}],"wp:term":[{"taxonomy":"category","embeddable":true,"href":"https:\/\/www.diarioimagen.net\/index.php?rest_route=%2Fwp%2Fv2%2Fcategories&post=515212"},{"taxonomy":"post_tag","embeddable":true,"href":"https:\/\/www.diarioimagen.net\/index.php?rest_route=%2Fwp%2Fv2%2Ftags&post=515212"}],"curies":[{"name":"wp","href":"https:\/\/api.w.org\/{rel}","templated":true}]}}