{"id":515412,"date":"2021-07-29T00:09:11","date_gmt":"2021-07-29T05:09:11","guid":{"rendered":"https:\/\/www.diarioimagen.net\/?p=515412"},"modified":"2021-07-29T08:43:27","modified_gmt":"2021-07-29T13:43:27","slug":"mexico-suma-239-mil-616-muertes-por-nuevo-coronavirus","status":"publish","type":"post","link":"https:\/\/www.diarioimagen.net\/?p=515412","title":{"rendered":"M\u00e9xico suma 239 mil 616 muertes por nuevo coronavirus"},"content":{"rendered":"<p>&nbsp;<\/p>\n<ul>\n<li><strong><em>Hubo 537 fallecimientos y 19 mil 28 contagios en 24 hrs<\/em><\/strong><\/li>\n<\/ul>\n<p>&nbsp;<\/p>\n<p><a href=\"https:\/\/www.diarioimagen.net\/?attachment_id=515494\" rel=\"attachment wp-att-515494\"><img loading=\"lazy\" decoding=\"async\" class=\"aligncenter wp-image-515494 size-full\" src=\"https:\/\/www.diarioimagen.net\/wp-content\/uploads\/2021\/07\/covid-1.jpg\" alt=\"\" width=\"460\" height=\"270\" \/><\/a><\/p>\n<p>&nbsp;<\/p>\n<p>La Secretar\u00eda de Salud federal (Ssa) inform\u00f3 que, hasta este mi\u00e9rcoles, M\u00e9xico suma 239 mil 616 muertes por Covid-19.<\/p>\n<p>Esto significa que el pa\u00eds registr\u00f3 537 decesos por coronavirus, m\u00e1s que el pasado martes. Asimismo, acumul\u00f3 2 millones 790 mil 874 casos positivos por esta enfermedad, al reportar 19 mil 28 contagios en las \u00faltimas 24 horas.<\/p>\n<p>Adem\u00e1s, la Ssa contabiliz\u00f3 465 mil 998 casos sospechosos y 5 millones 60 mil 298 casos negativos. La dependencia federal dio a conocer que hasta este mi\u00e9rcoles se registraron 12 mil 290 defunciones sospechosas por Covid-19, que incluyen las pendientes por laboratorio y las que est\u00e1n en proceso de asociaci\u00f3n.<\/p>\n<p>Las 10 primeras entidades que acumularon el mayor n\u00famero de casos son: Ciudad de M\u00e9xico, el Estado de M\u00e9xico, Jalisco, Nuevo Le\u00f3n, Veracruz, Sinaloa, Quintana Roo, Tabasco, Guerrero y Nayarit, que en conjunto conforman m\u00e1s de dos tercios de todos los casos acumulados en el pa\u00eds.<\/p>\n<p>La capital del pa\u00eds contin\u00faa siendo la entidad con m\u00e1s casos acumulados del pa\u00eds. Por su parte, el subsecretario de Prevenci\u00f3n y Promoci\u00f3n de la Salud, Hugo L\u00f3pez-Gatell, detall\u00f3 que la vacunaci\u00f3n avanza y se fortalece, luego de que este martes, 27 de julio, se alcanzara un nuevo r\u00e9cord con la aplicaci\u00f3n de un mill\u00f3n 453 mil 638 dosis.<\/p>\n<p>En consecuencia, el total de la inmunizaci\u00f3n ascendi\u00f3 a\u00a0 63 millones 313 mil 203 vacunas,\u00a0 las cuales, se administraron a 44 millones\u00a0 188 mil 943 personas, lo que equivale al 49 por ciento del total de adultos en el pa\u00eds. No obstante, s\u00f3lo 24 millones 856 mil 170 personas tienen el esquema completo de vacunaci\u00f3n y 19 millones 332 mil 773 cuentan con medio esquema. Al momento, solo tres entidades tienen\u00a0 m\u00e1s del 70 por ciento de su poblaci\u00f3n adulta vacunada:\u00a0 Baja California con 79 por ciento, Baja California Sur con 75 por ciento y\u00a0\u00a0 la\u00a0 Ciudad de M\u00e9xico con 76 por ciento.<\/p>\n","protected":false},"excerpt":{"rendered":"<p>La Secretar\u00eda de Salud federal (Ssa) inform\u00f3 que, hasta este mi\u00e9rcoles, M\u00e9xico suma 239 mil 616 muertes por Covid-19. Esto significa que el pa\u00eds registr\u00f3 537 decesos por coronavirus, m\u00e1s que el pasado martes. Asimismo, acumul\u00f3 2 millones 790 mil 874 casos positivos por esta enfermedad, al reportar 19 mil 28 contagios en las \u00faltimas 24 horas.<\/p>\n","protected":false},"author":3,"featured_media":515494,"comment_status":"open","ping_status":"open","sticky":false,"template":"","format":"standard","meta":{"_monsterinsights_skip_tracking":false,"_monsterinsights_sitenote_active":false,"_monsterinsights_sitenote_note":"","_monsterinsights_sitenote_category":0,"footnotes":""},"categories":[877],"tags":[89658,12518,44,29516,43692],"class_list":["post-515412","post","type-post","status-publish","format-standard","has-post-thumbnail","hentry","category-salud","tag-coronavirus","tag-decesos","tag-mexico","tag-pandemia","tag-salud"],"_links":{"self":[{"href":"https:\/\/www.diarioimagen.net\/index.php?rest_route=\/wp\/v2\/posts\/515412","targetHints":{"allow":["GET"]}}],"collection":[{"href":"https:\/\/www.diarioimagen.net\/index.php?rest_route=\/wp\/v2\/posts"}],"about":[{"href":"https:\/\/www.diarioimagen.net\/index.php?rest_route=\/wp\/v2\/types\/post"}],"author":[{"embeddable":true,"href":"https:\/\/www.diarioimagen.net\/index.php?rest_route=\/wp\/v2\/users\/3"}],"replies":[{"embeddable":true,"href":"https:\/\/www.diarioimagen.net\/index.php?rest_route=%2Fwp%2Fv2%2Fcomments&post=515412"}],"version-history":[{"count":0,"href":"https:\/\/www.diarioimagen.net\/index.php?rest_route=\/wp\/v2\/posts\/515412\/revisions"}],"wp:featuredmedia":[{"embeddable":true,"href":"https:\/\/www.diarioimagen.net\/index.php?rest_route=\/wp\/v2\/media\/515494"}],"wp:attachment":[{"href":"https:\/\/www.diarioimagen.net\/index.php?rest_route=%2Fwp%2Fv2%2Fmedia&parent=515412"}],"wp:term":[{"taxonomy":"category","embeddable":true,"href":"https:\/\/www.diarioimagen.net\/index.php?rest_route=%2Fwp%2Fv2%2Fcategories&post=515412"},{"taxonomy":"post_tag","embeddable":true,"href":"https:\/\/www.diarioimagen.net\/index.php?rest_route=%2Fwp%2Fv2%2Ftags&post=515412"}],"curies":[{"name":"wp","href":"https:\/\/api.w.org\/{rel}","templated":true}]}}