{"id":515434,"date":"2021-07-29T00:08:01","date_gmt":"2021-07-29T05:08:01","guid":{"rendered":"https:\/\/www.diarioimagen.net\/?p=515434"},"modified":"2021-07-29T03:37:27","modified_gmt":"2021-07-29T08:37:27","slug":"muchas-denuncias-por-espionaje-pero-nadie-es-llevado-ante-un-juez","status":"publish","type":"post","link":"https:\/\/www.diarioimagen.net\/?p=515434","title":{"rendered":"Muchas denuncias por espionaje, pero nadie es llevado ante un juez"},"content":{"rendered":"<h2>Clase Pol\u00edtica<\/h2>\n<h5>Miguel \u00c1ngel Rivera<\/h5>\n<p>&nbsp;<\/p>\n<p>A ra\u00edz del redescubrimiento del espionaje patrocinado desde el gobierno federal con el software <em>Pegasus<\/em>, todos los d\u00edas, el gobierno del presidente Andr\u00e9s Manuel L\u00f3pez Obrador se regodea al dar a conocer nuevos datos acerca de esas irregularidades, que por lo menos involucran dos delitos: uno violaci\u00f3n de los derechos fundamentales de cientos, tal vez miles de personas en nuestro pa\u00eds y, segundo, el ilegal desv\u00edo de recursos p\u00fablicos.<\/p>\n<p>Se trata de delitos perfectamente tipificados y, por lo mismo, si se tienen las pruebas acerca de las irregularidades cometidas, aparentemente durante los gobiernos de los ex presidentes Felipe Calder\u00f3n y Enrique Pe\u00f1a Nieto, surge de inmediato una pregunta: \u00bfpor qu\u00e9 no se conoce ninguna denuncia?<\/p>\n<p>Con esas informaciones era suficiente para que la otras veces implacable y \u201caut\u00f3noma\u201d Fiscal\u00eda General de la Rep\u00fablica (FGR) hubiera consignado, o por lo menos -como se dice ahora- abierto una carpeta de investigaci\u00f3n para establecer posibles responsables de las ilegalidades.<\/p>\n<p>Pero no ocurre as\u00ed. Lo cual lleva a otra interrogante: \u00bfest\u00e1n esperando al resultado de la tan pregonada \u201cconsulta popular\u201d para recibir la autorizaci\u00f3n para proceder penalmente contra los ex funcionarios responsables?<\/p>\n<p>En este terreno, cualquier estudiante de Derecho, por lo no decir que un abogado con experiencia, contestar\u00eda con un principio que se ha repetido hasta el cansancio desde que se anunci\u00f3 esa \u201cconsulta\u201d y se present\u00f3 como una forma de pedir la anuencia del pueblo para juzgar a ex presidentes de la Rep\u00fablica: \u201cla aplicaci\u00f3n de la ley no se consulta\u201d.<\/p>\n<p>Esto obliga especialmente a los gobernantes. Si alg\u00fan funcionario p\u00fablico conoce alguna ilegalidad debe reportarla a la autoridad correspondiente, pues de otra forma incurre en encubrimiento.<\/p>\n<p>En consecuencia, estamos en espera de que esas autoridades tan implacables anuncien que ya solicitaron \u00f3rdenes de aprehensi\u00f3n en contra de los posibles culpables, incluido uno o dos ex presidentes de la Rep\u00fablica, quienes de acuerdo con la Constituci\u00f3n (art\u00edculo 108) \u201cdurante el tiempo de su encargo, s\u00f3lo podr\u00e1(n) ser acusado(s) por traici\u00f3n a la patria y delitos graves del orden com\u00fan\u201d, pero al t\u00e9rmino de su mandato est\u00e1n en la misma situaci\u00f3n que cualquier ciudadano.<\/p>\n<p>Vale insistir, los presidentes de la Rep\u00fablica no est\u00e1n al margen de la aplicaci\u00f3n de la ley. Inclusive en funciones pueden ser llevados juicio si se les prueban \u201cdelitos graves del orden com\u00fan\u201d y sin duda caben en esa clasificaci\u00f3n las violaciones a los derechos humanos, como la grabaci\u00f3n de conversaciones privadas sin autorizaci\u00f3n de un juez y, obviamente, el desv\u00edo de recursos p\u00fablicos para beneficio personal o de allegados.<\/p>\n<p>En consecuencia, a pesar de la insistencia del presidente L\u00f3pez Obrador y de su partido, Morena, la tan pregonada -y previsiblemente desairada- \u201cconsulta popular\u201d sale sobrando y representa un gasto in\u00fatil. Si el gobierno de la llamada Cuarta Transformaci\u00f3n, de verdad quiere castigar a ex funcionarios, incluidos ex mandatarios, s\u00f3lo tiene que aplicar la ley.<\/p>\n<p style=\"text-align: center;\"><strong>Con esos aliados, para qu\u00e9 quieres enemigos<\/strong><\/p>\n<p>Esta sentencia aplica en la actualidad para Morena, que se esfuerza por sacar adelante un acuerdo en el Congreso para convocar a periodos extraordinarios de sesiones de las c\u00e1maras de Diputados y Senadores para dar salida a asuntos pendientes como el desafuero de dos diputados y un funcionario estatal, as\u00ed como nombramientos de funcionarios p\u00fablicos y sobre todo la necesidad de ampliar el plazo para que las empresas de outsorsing o subcontrataci\u00f3n se pongan al corriente, conforme a la nueva ley en la materia. Pero adem\u00e1s de objeciones de la oposici\u00f3n, ha visto obstaculizado ese camino por su \u201caliado\u201d, el PT y hasta por algunos que se dicen militantes del partido oficial.<\/p>\n<p>Esto se debe a que el PT se opone al desafuero de su diputado Mauricio Toledo, quien fue acusado de enriquecimiento il\u00edcito por la Fiscal\u00eda Genera de la Ciudad de M\u00e9xico y la secci\u00f3n instructora de la C\u00e1mara de Diputados determin\u00f3 que procede el desafuero, pero para que sea efectivo se requiere de la votaci\u00f3n de pleno de la C\u00e1mara de Diputados y, en esta situaci\u00f3n particular, se debe convocar a un periodo extraordinario.<\/p>\n<p>El problema es que Morena y sus aliados fieles no han logrado reunir en la Comisi\u00f3n Permanente el m\u00ednimo de votos necesario para llamar a las c\u00e1maras.<\/p>\n<p>En la sesi\u00f3n de la Permanente de pasado martes Morena qued\u00f3 a cuatro puntos de lograr la mayor\u00eda calificada necesaria, pues con una asistencia de 35 legisladores, se necesitaban era de 24 votos a favor. Pero esta vez, su aliado del PT esta vez no lo secund\u00f3, por defender a Toledo y, lo peor, dos \u201cmorenas\u201d, las senadoras Bertha Caraveo y Margarita Valdez, se abstuvieron. En cambio, los senadores del PAN, Dami\u00e1n Zepeda y X\u00f3chitl G\u00e1lvez, votaron favor, bajo el argumento de que no puede permitirse la impunidad de los diputados Huerta y Toledo, pero ni as\u00ed se alcanz\u00f3 la necesaria mayor\u00eda calificada.<\/p>\n<p>Parec\u00eda que con eso quedaba sepultada la posibilidad del extraordinario para este mes, necesaria para evitar que gran parte de las empresas de subcontrataci\u00f3n queden en falta porque no ha habido tiempo para que puedan cumplir con la ley.<\/p>\n<p>En principio parec\u00eda un asunto totalmente desechado, pero los partidarios de buscar una soluci\u00f3n negociada abrieron un resquicio, al lograr que el dictamen fuera devuelto a comisiones en vez de desecharlo por completo.<\/p>\n<p>Esta bando partidario de buscar acuerdos lo encabeza el coordinador de los senadores de Morena y presidente de la Junta de Coordinaci\u00f3n Pol\u00edtica de su C\u00e1mara, Ricardo Monreal, logr\u00f3 ayer un nuevo cambio al conseguir que la siguiente sesi\u00f3n de la Permanente que, en principio, se hab\u00eda programado para la semana venidera, ya en agosto, se cambiara para hoy, jueves 29 de abril, con dos d\u00edas para modificar el art\u00edculo transitorio de la ley sobre subcontrataci\u00f3n que pone como fecha l\u00edmite el \u00faltimo d\u00eda de julio para cumplir con el registro de sus datos ante las autoridades laborales.<\/p>\n<p>En efecto ayer se public\u00f3 la nueva convocatoria, firmada por el presidente del Senado y de la Permanente, Eduardo Ram\u00edrez de Aguilar, para iniciar labores a las 13 horas.<\/p>\n<p>Es de suponer que Monreal ya concret\u00f3 el acuerdo para ampliar el plazo a las empresas de subcontrataci\u00f3n. De hecho nadie se opone a conceder m\u00e1s tiempo a las empresas afectadas. Las diferencias est\u00e1n en que los legisladores de Morena -claro, con el benepl\u00e1cito del gobierno federal-\u00a0 quieren pasar la fecha fatal al \u00faltimo d\u00eda de agosto, mientras que la bancada del PAN, m\u00e1s realista al juzgar las capacidades de la burocracia nacional, recomienda que de plano la pr\u00f3rroga se corra hasta el final del presente a\u00f1o.<\/p>\n<p>En su af\u00e1n de evitar conflictos, Monreal se ha negado a condenar la actuaci\u00f3n de sus \u201caliados\u201d<\/p>\n<p>\u201cNo hay ning\u00fan reclamo a nadie, ellos asumieron su posici\u00f3n y nosotros la respetamos\u201d, dijo el coordinador de los senadores \u201cmorenos\u201d en referencia al PT que impidi\u00f3 reunir la mayor\u00eda calificada para convocar al extraordinario.<\/p>\n<p>Monreal asegur\u00f3 que el PT sigue siendo aliado en el Senado de la Rep\u00fablica. \u201cHan caminado siempre con nosotros, por eso no tengo ninguna declaraci\u00f3n en contra de ellos, los respetamos y ellos hicieron lo que consideraron conveniente\u201d.<\/p>\n<p>Tambi\u00e9n evit\u00f3 censurar a la oposici\u00f3n. Dijo que respeta su posici\u00f3n y su estrategia. \u201cLo que lamento es que al incluir los asuntos y al darles el mismo tratamiento, se deja en un problema serio a las empresas de M\u00e9xico\u201d en caso de que no se pueda modificar los transitorios de la ley laboral en materia de outsourcing, de subcontrataci\u00f3n, indic\u00f3.<\/p>\n<p>El coordinador de Morena expuso asimismo que la consecuencia jur\u00eddica de no aprobarse el Extraordinario es que en la ley en materia de outsourcing quedan los plazos firmes que la reforma dispone. Hasta el d\u00eda 1 de agosto las empresas deben de registrarse en la Secretar\u00eda de Trabajo para darse de alta en el Seguro Social, en el SAT e iniciar sus obligaciones fiscales y en otras dependencias.<\/p>\n<p>Otro asunto pendiente es el de las adecuaciones a la ley para la consulta de renovaci\u00f3n del mandato, que desean tratar tambi\u00e9n algunos legisladores de la llamada Cuarta Transformaci\u00f3n, pero que es rechazado por la oposici\u00f3n, pues considera que ese tema no es urgente y s\u00f3lo sirve para alimentar la permanente campa\u00f1a pol\u00edtica del presidente L\u00f3pez Obrador.<\/p>\n<p><a href=\"mailto:riparcangel@hotmail.com\" target=\"_blank\" rel=\"noopener noreferrer\"><em>riparcangel@hotmail.com<\/em><\/a><\/p>\n","protected":false},"excerpt":{"rendered":"<p><span style=\"color: #005497;\"><strong>Miguel \u00c1ngel Rivera<\/strong><\/span><\/p>\n","protected":false},"author":3,"featured_media":0,"comment_status":"open","ping_status":"open","sticky":false,"template":"","format":"standard","meta":{"_monsterinsights_skip_tracking":false,"_monsterinsights_sitenote_active":false,"_monsterinsights_sitenote_note":"","_monsterinsights_sitenote_category":0,"footnotes":""},"categories":[84119],"tags":[84120,84121,43674],"class_list":["post-515434","post","type-post","status-publish","format-standard","hentry","category-miguel-angel-rivera","tag-clase-politica","tag-miguel-angel-rivera","tag-opinion"],"_links":{"self":[{"href":"https:\/\/www.diarioimagen.net\/index.php?rest_route=\/wp\/v2\/posts\/515434","targetHints":{"allow":["GET"]}}],"collection":[{"href":"https:\/\/www.diarioimagen.net\/index.php?rest_route=\/wp\/v2\/posts"}],"about":[{"href":"https:\/\/www.diarioimagen.net\/index.php?rest_route=\/wp\/v2\/types\/post"}],"author":[{"embeddable":true,"href":"https:\/\/www.diarioimagen.net\/index.php?rest_route=\/wp\/v2\/users\/3"}],"replies":[{"embeddable":true,"href":"https:\/\/www.diarioimagen.net\/index.php?rest_route=%2Fwp%2Fv2%2Fcomments&post=515434"}],"version-history":[{"count":0,"href":"https:\/\/www.diarioimagen.net\/index.php?rest_route=\/wp\/v2\/posts\/515434\/revisions"}],"wp:attachment":[{"href":"https:\/\/www.diarioimagen.net\/index.php?rest_route=%2Fwp%2Fv2%2Fmedia&parent=515434"}],"wp:term":[{"taxonomy":"category","embeddable":true,"href":"https:\/\/www.diarioimagen.net\/index.php?rest_route=%2Fwp%2Fv2%2Fcategories&post=515434"},{"taxonomy":"post_tag","embeddable":true,"href":"https:\/\/www.diarioimagen.net\/index.php?rest_route=%2Fwp%2Fv2%2Ftags&post=515434"}],"curies":[{"name":"wp","href":"https:\/\/api.w.org\/{rel}","templated":true}]}}