{"id":515646,"date":"2021-07-30T00:08:10","date_gmt":"2021-07-30T05:08:10","guid":{"rendered":"https:\/\/www.diarioimagen.net\/?p=515646"},"modified":"2021-07-30T07:22:49","modified_gmt":"2021-07-30T12:22:49","slug":"el-sentido-comun","status":"publish","type":"post","link":"https:\/\/www.diarioimagen.net\/?p=515646","title":{"rendered":"El sentido com\u00fan"},"content":{"rendered":"<h2>Punto por punto<\/h2>\n<h5>Augusto Corro<\/h5>\n<p>&nbsp;<\/p>\n<p>La lucha contra la pandemia de la Covid-19 continuar\u00e1 por tiempo indefinido. No se contempla el fin de la pesadilla. Ya estamos en la tercera ola de contagios. La invasi\u00f3n de la enfermedad terminar\u00e1 hasta que la mayor\u00eda de la poblaci\u00f3n sea vacunada. Y eso no es seguro, pero es mejor ser optimista.<\/p>\n<p>Reflexionamos sobre este tema porque a un mes de que empez\u00f3 el aumento acelerado de contagios de Covid-19, los expertos no ven una estrategia para enfrentar la pandemia.<\/p>\n<p>\u00bfQu\u00e9 se debe hacer?<\/p>\n<p>Para empezar, acelerar la vacunaci\u00f3n, aumentar pruebas de detecci\u00f3n para tener diagn\u00f3sticos a tiempo y una mayor participaci\u00f3n de la sociedad.\u00a0 S\u00f3lo que la gente empez\u00f3 a vivir de acuerdo con su conveniencia. Cansados de acciones para evitar el contagio los ciudadanos optaron por decidir sus acciones personales.<\/p>\n<p>La poblaci\u00f3n cay\u00f3 en la incertidumbre. La informaci\u00f3n que env\u00edan las autoridades no ofrece confianza, sino incertidumbre.<\/p>\n<p>El sem\u00e1foro sanitario es manejado conforme a los intereses del gobierno que busca rescatar la econom\u00eda da\u00f1ada por la pandemia. Se anunci\u00f3 el color amarillo, pero vivimos con el verde.<\/p>\n<p>Es l\u00f3gico que al desempe\u00f1ar nuestras actividades con cierto relajamiento de las medidas sanitarias, corremos el riesgo de contagiarnos.<\/p>\n<p>Entonces, el juego del sem\u00e1foro epidemiol\u00f3gico podr\u00eda cancelarse. Se cambia de colores; pero no disminuyen las actividades.<\/p>\n<p>\u00bfC\u00f3mo involucrar plenamente a la sociedad en la lucha contra la Covid-19? Parece dif\u00edcil, casi imposible, mientras las autoridades no muestren responsabilidad y seriedad.<\/p>\n<p>Los ciudadanos sin la orientaci\u00f3n adecuada optamos por lo que mejor nos conviene. Inclusive actuamos como si nunca hubi\u00e9ramos padecido la pandemia.<\/p>\n<p>Los voceros de las autoridades sanitarias perdieron credibilidad con sus informaciones sesgadas o con verdades a medias.<\/p>\n<p>El asunto que tenemos ahora es complejo. El presidente L\u00f3pez Obrador dijo que llueva, truene o relampaguee habr\u00e1 clases presenciales en agosto. El mandatario no se cansa de repetirlo. Ser\u00e1 muy interesante saber que tan seguras son las medidas sanitarias para el regreso a las aulas.\u00a0 Para nadie es un secreto las p\u00e9simas condiciones de higiene que hay en los centros escolares, con sus debidas excepciones.<\/p>\n<p>Si en tiempos normales, escaseaba el agua, si los bebedores no se instalaron, si despu\u00e9s de un a\u00f1o se deterioraron las instalaciones, \u00bfqui\u00e9n se encarg\u00f3 o se encargar\u00e1 de ponerlas a funcionar al cien por ciento?<\/p>\n<p>Es obligaci\u00f3n de las autoridades ofrecer salones de clase seguros, higi\u00e9nicos, etc. \u00bfY las medidas sanitarias? \u00bfQui\u00e9n vigilar\u00e1 a millones de alumnos de todos los niveles escolares?<\/p>\n<p>\u00bfQui\u00e9n me puede decir que ya termin\u00f3 para el mes de agosto la tercera ola de contagios?<\/p>\n<p>Seg\u00fan las encuestas, la mayor\u00eda de personas entrevistadas no quieren que regresen sus hijos a las clases presenciales. No en agosto. Si ya se decidi\u00f3 el gobierno la reanudaci\u00f3n de clases presenciales, \u00bfcu\u00e1les ser\u00e1n las medidas que se aplicar\u00e1n para evitar contagios?<\/p>\n<p>Si se va a guardar la sana distancia, el espacio en las aulas ser\u00e1 insuficiente. Para el lavado de manos, seguro que habr\u00e1 colas de alumnos en espera de su turno.<\/p>\n<p>La semana pr\u00f3xima se conocer\u00e1 el criterio de la Secretar\u00eda de Educaci\u00f3n sobre el retorno a las escuelas. Un sector del magisterio no est\u00e1 de acuerdo con la reanudaci\u00f3n de clases presenciales.<\/p>\n<p>Aunque al conocerse el punto de vista de L\u00f3pez Obrador se reconfirma el regreso a las escuelas.<\/p>\n<p>\u00bfQu\u00e9 les queda a los padres de familia? Pues como est\u00e1 la situaci\u00f3n llena de incertidumbre lo que m\u00e1s conviene es actuar con sentido com\u00fan frente a la pandemia.<\/p>\n<p>El sentido com\u00fan, de acuerdo con los libros, comprende normas escritas y no escritas. Nos permite manejarnos las m\u00e1s variadas situaciones con prudencia y sensatez. Nos ayuda a saber qu\u00e9 es m\u00e1s adecuado decir o hacer en determinadas situaciones.<\/p>\n<p>\u00bfUsted qu\u00e9 opina amable lector?<\/p>\n<p><a href=\"mailto:aco2742@hotmail.com\" target=\"_blank\" rel=\"noopener noreferrer\"><em>aco2742@hotmail.com<\/em><\/a><\/p>\n","protected":false},"excerpt":{"rendered":"<p><span style=\"color: #005497;\"><strong>Augusto Corro<\/strong><\/span><\/p>\n","protected":false},"author":3,"featured_media":0,"comment_status":"open","ping_status":"open","sticky":false,"template":"","format":"standard","meta":{"_monsterinsights_skip_tracking":false,"_monsterinsights_sitenote_active":false,"_monsterinsights_sitenote_note":"","_monsterinsights_sitenote_category":0,"footnotes":""},"categories":[157],"tags":[43674,93415],"class_list":["post-515646","post","type-post","status-publish","format-standard","hentry","category-augusto-corro","tag-opinion","tag-punto-por-punt"],"_links":{"self":[{"href":"https:\/\/www.diarioimagen.net\/index.php?rest_route=\/wp\/v2\/posts\/515646","targetHints":{"allow":["GET"]}}],"collection":[{"href":"https:\/\/www.diarioimagen.net\/index.php?rest_route=\/wp\/v2\/posts"}],"about":[{"href":"https:\/\/www.diarioimagen.net\/index.php?rest_route=\/wp\/v2\/types\/post"}],"author":[{"embeddable":true,"href":"https:\/\/www.diarioimagen.net\/index.php?rest_route=\/wp\/v2\/users\/3"}],"replies":[{"embeddable":true,"href":"https:\/\/www.diarioimagen.net\/index.php?rest_route=%2Fwp%2Fv2%2Fcomments&post=515646"}],"version-history":[{"count":0,"href":"https:\/\/www.diarioimagen.net\/index.php?rest_route=\/wp\/v2\/posts\/515646\/revisions"}],"wp:attachment":[{"href":"https:\/\/www.diarioimagen.net\/index.php?rest_route=%2Fwp%2Fv2%2Fmedia&parent=515646"}],"wp:term":[{"taxonomy":"category","embeddable":true,"href":"https:\/\/www.diarioimagen.net\/index.php?rest_route=%2Fwp%2Fv2%2Fcategories&post=515646"},{"taxonomy":"post_tag","embeddable":true,"href":"https:\/\/www.diarioimagen.net\/index.php?rest_route=%2Fwp%2Fv2%2Ftags&post=515646"}],"curies":[{"name":"wp","href":"https:\/\/api.w.org\/{rel}","templated":true}]}}