{"id":515661,"date":"2021-07-30T00:00:15","date_gmt":"2021-07-30T05:00:15","guid":{"rendered":"https:\/\/www.diarioimagen.net\/?p=515661"},"modified":"2021-07-30T07:34:50","modified_gmt":"2021-07-30T12:34:50","slug":"candados-contra-trapacerias-en-reservas-naturales","status":"publish","type":"post","link":"https:\/\/www.diarioimagen.net\/?p=515661","title":{"rendered":"Candados contra trapacer\u00edas en reservas naturales"},"content":{"rendered":"<h2>Hora 14<\/h2>\n<h5>Mauricio Conde Olivares<\/h5>\n<p>&nbsp;<\/p>\n<p>En \u00e9pocas de reactivaci\u00f3n econ\u00f3mica tras las cuarentenas ocasionadas por la pandemia, las empresas tienen el reto inaplazable de conseguir un equilibrio entre la productividad y la salud f\u00edsica y mental de sus colaboradores. Eso significa ofrecer acceso a servicios de salud y bienestar que se adapten al ritmo de vida de los trabajadores y de la empresa, y hacerlo de una manera que todos los miembros de la organizaci\u00f3n se puedan beneficiar, sin importar en qu\u00e9 etapa de su progresi\u00f3n profesional est\u00e9n.<\/p>\n<p>Para afrontar este reto, muchas compa\u00f1\u00edas en M\u00e9xico, Colombia, Per\u00fa y Ecuador han optado por aliarse con IDOC3; como su respaldo en servicios de telemedicina que ofrece acceso a trav\u00e9s de una app m\u00f3vil y web a servicios de medicina general, nutrici\u00f3n, psicolog\u00eda y salud sexual y reproductiva a un costo muy asequible para las compa\u00f1\u00edas.<\/p>\n<p>Dada la importancia de la protecci\u00f3n de la salud mental y bienestar de los colaboradores, IDOC3 ha robustecido su l\u00ednea de atenci\u00f3n psicol\u00f3gica, donde brinda gu\u00eda, apoyo y contenci\u00f3n emocional en temas tales como gesti\u00f3n relaciones laborales e interpersonales, manejo del estr\u00e9s y la ansiedad y apoyo en el manejo del duelo, entre otros. Por medio de este servicio los colaboradores\u00a0 cuentan con un plan de continuidad y seguimiento con su psic\u00f3logo, que los ayuda a mejorar su calidad de vida.<\/p>\n<p>Desde su aparici\u00f3n en 2014, 1DOC3 ha evolucionado su portafolio de servicios, llegando hoy a realizar m\u00e1s de 10 millones de atenciones m\u00e9dicas. La plataforma permite a sus usuarios acceder, en menos de un minuto a una consulta m\u00e9dica o psicol\u00f3gica con m\u00e9dicos certificados a trav\u00e9s de un chat o videollamada, evitando contratiempos y gastos relacionados con visitas m\u00e9dicas presenciales. De esa manera pueden recibir un diagn\u00f3stico y plan de tratamiento inmediato, o si el caso lo amerita, ser remitidos a un especialista presencial. Adem\u00e1s, los usuarios tienen toda la informaci\u00f3n de salud en una sola pantalla, y tienen\u00a0 a la mano las recomendaciones que les hacen los profesionales de la salud.<\/p>\n<p>En lugar de tener que acudir a una consulta urgente con un m\u00e9dico, 1DOC3 permite resolver las dificultades m\u00e1s frecuentes de salud con una sesi\u00f3n de chat y una videollamada, desde cualquier lugar y en cualquier momento. \u201cSomos una soluci\u00f3n para el 95% de las personas, que no tienen seguro privado y experimentan las dificultades de acceder a un m\u00e9dico en el momento justo\u201d, indic\u00f3 Javier Cardona, CEO y cofundador de 1DOC3. La plataforma ofrece la posibilidad de cubrir no solo a los colaboradores, sino tambi\u00e9n a sus familias, lo que facilita sus vidas y alivia algunas de sus cargas cotidianas.<\/p>\n<p>Para las empresas, los beneficios de ofrecer 1DOC3 a sus equipos se ven reflejados en un menor ausentismo, una reducci\u00f3n del estr\u00e9s, incremento de productividad y un mejoramiento del clima laboral y sentido de pertenencia con las empresas. \u201cLos empleados sienten que de verdad la empresa se preocupa por ellos, algo que es vital en un momento como estos\u201d, dijo Cardona. Los usuarios califican el servicio con un puntaje de 4.8 sobre 5, y valoran su amplia disponibilidad y su inmediatez.<\/p>\n<p>Adem\u00e1s, 1DOC3 permite a los departamentos de recursos humanos monitorear la salud de sus empleados, pues a trav\u00e9s de un tablero en l\u00ednea les muestra la informaci\u00f3n sobre el impacto en tiempo y dinero del servicio adem\u00e1s de informaci\u00f3n agregada de los principales motivos de consulta m\u00e9dica de los empleados. De esta manera, pueden identificar posibles tendencias de morbilidad y poner en marcha programas de prevenci\u00f3n, si lo consideran pertinente.<\/p>\n<p>Al tratarse de datos sensibles sobre la salud de las personas, 1DOC3 utiliza altos est\u00e1ndares de seguridad para almacenar y procesar la informaci\u00f3n de sus usuarios: los datos y las comunicaciones est\u00e1n cifradas y almacenadas con altos est\u00e1ndares de privacidad, y los usuarios requieren doble autenticaci\u00f3n para entrar a la plataforma. Adem\u00e1s, los empleadores, los otros miembros de tu familia, ni nadie externo pueden ver la informaci\u00f3n de cada usuario. \u201cTu consulta siempre es privada\u201d, asegur\u00f3 Cardona.<\/p>\n<p>Compa\u00f1\u00edas como Movistar, Dupre\u00e9, Aldeamo, Valemas, Hogaru y Fluvip, entre otras, han elegido a 1DOC3 como parte de los beneficios para sus colaboradores; pues en medio de la pandemia, la salud de los colaboradores de las empresas ocupa un rol central en la productividad y la motivaci\u00f3n de los equipos. Eso llev\u00f3 a Aldeamo a buscar opciones para que nuestros empleados pudieran tener conversaciones m\u00e9dicas remotas e inmediatas\u201d, narr\u00f3 su CEO, Alfredo \u00c1ngel.<\/p>\n<p>Para esa compa\u00f1\u00eda, 1DOC3 ofrece un balance ideal entre cuidado y productividad. \u201cEncontramos un aliado que nos ha ayudado a proteger la salud mental y f\u00edsica de nuestros empleados y sus familias de una forma cercana y f\u00e1cil para ellos, y a costos asequibles para nosotros\u201d, finaliz\u00f3 \u00c1ngel.<\/p>\n<p>En otro orden, le participo los principales resultados de la Encuesta Nacional de Ingresos y Gastos de los Hogares (ENIGH) 2020.<\/p>\n<p>Resulta que en 2020, el promedio del ingreso corriente trimestral por hogar fue de 50 mil 309 pesos, a diferencia del promedio de 53 418 pesos observado en 2018, lo que representa una disminuci\u00f3n de 5.8 por ciento.<\/p>\n<p>La principal fuente de ingreso es por trabajo con 32 mil 106 pesos, promedio que presenta una disminuci\u00f3n de 10.7% con respecto a 2018.<\/p>\n<p>El gasto corriente monetario promedio trimestral por hogar fue de 29 mil 910 pesos, con una disminuci\u00f3n de 12.9%, respecto a 2018 que fue de 34 329 pesos.<\/p>\n<p>En los hogares se dio una disminuci\u00f3n del gasto corriente monetario trimestral en el rubro de educaci\u00f3n y esparcimiento1 de 44.8%, en vestido y calzado2 de 42%, as\u00ed como del transporte y comunicaci\u00f3n3 en 18.9 por ciento.<\/p>\n<p>Por su parte, el gasto promedio en el rubro de salud tuvo un aumento de 40.5% con respecto a 2018.<\/p>\n<p>Nuevo Le\u00f3n (72 931), Baja California (67 821) y Ciudad de M\u00e9xico (67 357) reportan el ingreso promedio trimestral m\u00e1s alto, en contraste, Chiapas (29 168), Guerrero (32 516) y Veracruz (35 126) reportan el ingreso m\u00e1s bajo.<\/p>\n<p>Tambi\u00e9n le cuento que en conferencia de prensa matutina, el jefe del Ejecutivo record\u00f3 que la actual administraci\u00f3n no otorga nuevas concesiones para la explotaci\u00f3n minera y que dicha actividad no debe compararse con la creaci\u00f3n de un \u00c1rea Natural Protegida.<\/p>\n<p>\u201cNo voy a afectar ninguna \u00e1rea natural, sea protegida formalmente o no, nosotros no vamos a dar ninguna concesi\u00f3n, ning\u00fan permiso, que vaya en contra del ambiente. Hasta ahora, hasta el d\u00eda de hoy, no hemos actuado de esa manera y no lo vamos a hacer por convicci\u00f3n. No somos iguales\u201d, remarc\u00f3.<\/p>\n<p>\u201cYo no estoy aqu\u00ed para servir a grupos de intereses creados. Yo no represento al sector empresarial, a los inmobiliarios, a los potentados. Yo represento al pueblo de M\u00e9xico, para eso me eligieron. Por convicci\u00f3n, porque llevo muchos a\u00f1os luchando, no vamos a traicionar al pueblo, no le vamos a fallar al pueblo y no nos vamos a traicionar a nosotros mismos\u201d, agreg\u00f3.<\/p>\n<p>La secretaria de Medio Ambiente y Recursos Naturales, Mar\u00eda Luisa Albores Gonz\u00e1lez, refrend\u00f3 que en San Luis Potos\u00ed ni en ninguna parte del pa\u00eds el gobierno federal autorizar\u00e1 proyectos que da\u00f1en los ecosistemas.<\/p>\n<p>En este sentido, la Secretar\u00eda de Medio Ambiente y Recursos Naturales y la Unidad de Inteligencia Financiera (UIF), perteneciente a la Secretar\u00eda de Hacienda y Cr\u00e9dito P\u00fablico, firmaron un convenio de colaboraci\u00f3n para prevenir y combatir posibles actos y delitos que pudieran vincularse a los de operaciones con recursos de procedencia il\u00edcita en el \u00e1rea ambiental.<\/p>\n<p>La titular de la Semarnat, Mar\u00eda Luisa Albores, se\u00f1al\u00f3 que con este convenio se coadyuvar\u00e1 desde el sector ambiental a la transparencia, la rendici\u00f3n de cuentas y el ejercicio responsable de los recursos p\u00fablicos, al tiempo que se trazar\u00e1n l\u00edneas de acci\u00f3n para combatir este tipo de delitos ambientales vinculados incluso al crimen organizado, y que atentan contra los recursos naturales (aire, agua, tierra, flora y fauna). Como ejemplo puntual de estas acciones, mencion\u00f3 la atenci\u00f3n contra la tala ilegal y el tr\u00e1fico de especies.<\/p>\n<p>En tanto, el titular de la UIF, Santiago Nieto Castillo, dijo que este convenio permitir\u00e1 un intercambio de informaci\u00f3n entre las partes firmantes para contar con los elementos necesarios para investigar posibles actos de corrupci\u00f3n y erradicar la impunidad, y as\u00ed cumplir con uno de los objetivos base del presente gobierno.<\/p>\n<p>En ese sentido, se busca generar vinculaci\u00f3n interinstitucional en torno a la identificaci\u00f3n de actos y delitos ambientales que pudieran vincularse a los de operaciones con recursos de procedencia il\u00edcita y financiamiento al terrorismo; de este modo, se coadyuvar\u00e1 en la prevenci\u00f3n y el combate de dichos il\u00edcitos\u201d; empero, lo anterior ser\u00e1 motivo de posterior an\u00e1lisis en otra entrega de <strong><em>Hora 14<\/em><\/strong>.<\/p>\n<p><em><a href=\"mailto:%20mauricio_conde@msn.com\" target=\"_blank\" rel=\"noopener noreferrer\">mauricioconde59@outlook.com<\/a><\/em><br \/>\n<em><a href=\"https:\/\/twitter.com\/mauconde007\" target=\"_blank\" rel=\"noopener noreferrer\">@mauconde007<\/a> <\/em><br \/>\n<em><a href=\"https:\/\/mauriciocondeblog.wordpress.com\" target=\"_blank\" rel=\"noopener noreferrer\">https:\/\/mauriciocondeblog.wordpress.com<\/a><\/em><\/p>\n","protected":false},"excerpt":{"rendered":"<p><span style=\"color: #005497;\"><strong>Mauricio Conde Olivares<\/strong><\/span><\/p>\n","protected":false},"author":3,"featured_media":0,"comment_status":"open","ping_status":"open","sticky":false,"template":"","format":"standard","meta":{"_monsterinsights_skip_tracking":false,"_monsterinsights_sitenote_active":false,"_monsterinsights_sitenote_note":"","_monsterinsights_sitenote_category":0,"footnotes":""},"categories":[35889],"tags":[75367,43712,43674,44860],"class_list":["post-515661","post","type-post","status-publish","format-standard","hentry","category-mauricio-conde-olivares","tag-k","tag-mauricio-conde-olivares","tag-opinion","tag-hora-14"],"_links":{"self":[{"href":"https:\/\/www.diarioimagen.net\/index.php?rest_route=\/wp\/v2\/posts\/515661","targetHints":{"allow":["GET"]}}],"collection":[{"href":"https:\/\/www.diarioimagen.net\/index.php?rest_route=\/wp\/v2\/posts"}],"about":[{"href":"https:\/\/www.diarioimagen.net\/index.php?rest_route=\/wp\/v2\/types\/post"}],"author":[{"embeddable":true,"href":"https:\/\/www.diarioimagen.net\/index.php?rest_route=\/wp\/v2\/users\/3"}],"replies":[{"embeddable":true,"href":"https:\/\/www.diarioimagen.net\/index.php?rest_route=%2Fwp%2Fv2%2Fcomments&post=515661"}],"version-history":[{"count":0,"href":"https:\/\/www.diarioimagen.net\/index.php?rest_route=\/wp\/v2\/posts\/515661\/revisions"}],"wp:attachment":[{"href":"https:\/\/www.diarioimagen.net\/index.php?rest_route=%2Fwp%2Fv2%2Fmedia&parent=515661"}],"wp:term":[{"taxonomy":"category","embeddable":true,"href":"https:\/\/www.diarioimagen.net\/index.php?rest_route=%2Fwp%2Fv2%2Fcategories&post=515661"},{"taxonomy":"post_tag","embeddable":true,"href":"https:\/\/www.diarioimagen.net\/index.php?rest_route=%2Fwp%2Fv2%2Ftags&post=515661"}],"curies":[{"name":"wp","href":"https:\/\/api.w.org\/{rel}","templated":true}]}}