{"id":515781,"date":"2021-08-02T00:03:14","date_gmt":"2021-08-02T05:03:14","guid":{"rendered":"https:\/\/www.diarioimagen.net\/?p=515781"},"modified":"2021-08-02T04:49:31","modified_gmt":"2021-08-02T09:49:31","slug":"lo-escribi-yo-primero","status":"publish","type":"post","link":"https:\/\/www.diarioimagen.net\/?p=515781","title":{"rendered":"Lo escrib\u00ed yo primero"},"content":{"rendered":"<h2>Espacio Electoral<\/h2>\n<h5>Eleazar Flores<\/h5>\n<p><strong><em>\u00a0<\/em><\/strong><\/p>\n<p><strong><em>TOPO GIGIO-.<\/em><\/strong> Seguramente dlos cuarentones en adelante\u00a0 recuerdan la infaltable frase del personaje de la televisi\u00f3n <em>Topo Gigio<\/em> y su pareja Ra\u00fal Astor, uno de cuyos di\u00e1logos infaltables era \u201clo dije yo primero, lo dije yo primero\u201d.<\/p>\n<p>Palabra que da coraje atinarle, pero vale recordar que quienes se molestan en leer este espacio recordar\u00e1n \u201cdos que tres\u201d temas adelantados y confirmados.<\/p>\n<p><strong>INE Y FISCALES-.<\/strong> Le anticip\u00e9 hasta en dos ocasiones, la \u00faltima en versi\u00f3n de operativos del Instituto Nacional Electoral, que la consulta de ayer iba a servir para maldita la cosa -o sea para nada-, pero eso s\u00ed tuvieron que gastarse 528 millones\u00a0 para instalar 57 mil mesas receptoras de sufragios.<\/p>\n<p>El s\u00e1bado, \u00faltimo d\u00eda de julio, el presidente consejero del INE, Lorenzo C\u00f3rdova, precis\u00f3 que este ejercicio de ayer domingo no era precisamente para enjuiciar a los ex presidentes.<\/p>\n<p>As\u00ed es pues, la redacci\u00f3n de la pregunta a satisfacci\u00f3n del Poder Judicial y del padre de la Cuarta Transformaci\u00f3n dec\u00eda claramente \u201cactores pol\u00edticos del pasado\u201d.<\/p>\n<p>En estricta interpretaci\u00f3n literaria, \u201cactores pol\u00edticos del pasado\u201d cabr\u00edan hasta los dos \u00faltimos ex secretarios de Hacienda, el ex de Comunicaciones y Transportes y la reci\u00e9n destituida de la Funci\u00f3n P\u00fablica, \u00bfo no?, tambi\u00e9n el ex de Protecci\u00f3n Civil, entregador de fondos a P\u00edo L\u00f3pez Obrador.<\/p>\n<p><strong>PROCURADORES O FISCALES-.<\/strong> Para lo que hacen o mejor dicho dejan de hacer, tanto el fiscal general de la Rep\u00fablica, Alejandro Gertz Manero, como el del Estado de M\u00e9xico, Alejandro Jaime G\u00f3mez S\u00e1nchez, empatan primer lugar en ineficiencia, con ejemplos de acciones por parte de \u00e9ste \u00faltimo.<\/p>\n<p>Le recuerdo que al final de una entrega de la semana pasada cit\u00e9 los casos de la muerte del periodista Enrique Garc\u00eda, que cumple seis semanas sin que la fiscal\u00eda mexiquense d\u00e9 con \u00e9l o los culpables del crimen, ni tampoco informe de lo hasta hoy realizado por su dependencia.<\/p>\n<p>Agregu\u00e9 que a esta misma dependencia lleg\u00f3 el caso de dos individuos que mataron a un perro y que corr\u00eda yo el riesgo de atinarle en el sentido de que dar\u00edan primero con los culpables de la muerte del can que con quienes le quitaron la vida al compa\u00f1ero Enrique Garc\u00eda, dejando una viuda e hijos en orfandad.<\/p>\n<p>Pues resulta que en 48 horas la fiscal\u00eda mexiquense dio con los culpables de la muerte del perro, hecho ocurrido en Tlalnepantla y ampliamente difundido por la dependencia.<\/p>\n<p>Esta misma instancia es la que lleva mes y medio sin siquiera dar a conocer avances, ni a la familia ni al gremio, no obstante las peticiones planteadas.<\/p>\n<p>Como persona m\u00e1s prudente, juzgue usted y compare, para no tildarnos como enemigos de los canes.<\/p>\n<p><em><a href=\"mailto:elefa44@gmail.com\" target=\"_blank\" rel=\"noopener noreferrer\">elefa44@gmail.com<\/a><\/em><\/p>\n","protected":false},"excerpt":{"rendered":"<p><span style=\"color: #005497;\"><strong>Eleazar Flores<\/strong><\/span><\/p>\n","protected":false},"author":3,"featured_media":0,"comment_status":"open","ping_status":"open","sticky":false,"template":"","format":"standard","meta":{"_monsterinsights_skip_tracking":false,"_monsterinsights_sitenote_active":false,"_monsterinsights_sitenote_note":"","_monsterinsights_sitenote_category":0,"footnotes":""},"categories":[81743],"tags":[81744,81776,43674],"class_list":["post-515781","post","type-post","status-publish","format-standard","hentry","category-eleazar-flores","tag-eleazar-flores","tag-espacio-electoral","tag-opinion"],"_links":{"self":[{"href":"https:\/\/www.diarioimagen.net\/index.php?rest_route=\/wp\/v2\/posts\/515781","targetHints":{"allow":["GET"]}}],"collection":[{"href":"https:\/\/www.diarioimagen.net\/index.php?rest_route=\/wp\/v2\/posts"}],"about":[{"href":"https:\/\/www.diarioimagen.net\/index.php?rest_route=\/wp\/v2\/types\/post"}],"author":[{"embeddable":true,"href":"https:\/\/www.diarioimagen.net\/index.php?rest_route=\/wp\/v2\/users\/3"}],"replies":[{"embeddable":true,"href":"https:\/\/www.diarioimagen.net\/index.php?rest_route=%2Fwp%2Fv2%2Fcomments&post=515781"}],"version-history":[{"count":0,"href":"https:\/\/www.diarioimagen.net\/index.php?rest_route=\/wp\/v2\/posts\/515781\/revisions"}],"wp:attachment":[{"href":"https:\/\/www.diarioimagen.net\/index.php?rest_route=%2Fwp%2Fv2%2Fmedia&parent=515781"}],"wp:term":[{"taxonomy":"category","embeddable":true,"href":"https:\/\/www.diarioimagen.net\/index.php?rest_route=%2Fwp%2Fv2%2Fcategories&post=515781"},{"taxonomy":"post_tag","embeddable":true,"href":"https:\/\/www.diarioimagen.net\/index.php?rest_route=%2Fwp%2Fv2%2Ftags&post=515781"}],"curies":[{"name":"wp","href":"https:\/\/api.w.org\/{rel}","templated":true}]}}