{"id":515885,"date":"2021-08-03T00:01:36","date_gmt":"2021-08-03T05:01:36","guid":{"rendered":"https:\/\/www.diarioimagen.net\/?p=515885"},"modified":"2021-08-03T04:15:58","modified_gmt":"2021-08-03T09:15:58","slug":"daran-este-martes-el-segundo-informe-del-peritaje-sobre-tragedia-en-linea-12","status":"publish","type":"post","link":"https:\/\/www.diarioimagen.net\/?p=515885","title":{"rendered":"Dar\u00e1n este martes el segundo informe del peritaje sobre tragedia en L\u00ednea 12"},"content":{"rendered":"<p>&nbsp;<\/p>\n<ul>\n<li><strong><em>A tres meses del tr\u00e1gico desplome<\/em><\/strong><\/li>\n<\/ul>\n<p>&nbsp;<\/p>\n<div id=\"attachment_515960\" style=\"width: 470px\" class=\"wp-caption aligncenter\"><a href=\"https:\/\/www.diarioimagen.net\/?attachment_id=515960\" rel=\"attachment wp-att-515960\"><img loading=\"lazy\" decoding=\"async\" aria-describedby=\"caption-attachment-515960\" class=\"size-full wp-image-515960\" src=\"https:\/\/www.diarioimagen.net\/wp-content\/uploads\/2021\/08\/LINEA12.jpg\" alt=\"\" width=\"460\" height=\"270\" \/><\/a><p id=\"caption-attachment-515960\" class=\"wp-caption-text\">Este martes se dar\u00e1 a conocer el plan de rehabilitaci\u00f3n total de la L\u00ednea 12 del Metro.<\/p><\/div>\n<p>&nbsp;<\/p>\n<p>Este martes se dar\u00e1 un informe especial a tres meses del desplome de tramo elevado de la L\u00ednea 12 del Metro, y tambi\u00e9n se infotmar\u00e1 sobre el plan de rehabilitaci\u00f3n para su funcionamiento total, anunci\u00f3 la jefa de Gobierno de la Ciudad de M\u00e9xico, Claudia Sheinbaum.<\/p>\n<p>\u201cEl d\u00eda de ma\u00f1ana se cumplen 3 meses y queremos decirles que estamos atendiendo a las v\u00edctimas, va a ver un informe especial por parte de la Comisi\u00f3n de V\u00edctimas de la Ciudad de M\u00e9xico, tambi\u00e9n del secretario de Obras y Servicios, y de la secretaria de Protecci\u00f3n Civil sobre los avances en t\u00e9rminos de los estudios que se est\u00e1n haciendo y la atenci\u00f3n personalizada que hemos estado dando a todas las v\u00edctimas\u201d, coment\u00f3 ayer en conferencia de prensa.<\/p>\n<p>Se\u00f1al\u00f3 que el objetivo es que este mes puedan dar a conocer la manera en que se va a rehabilitar la L\u00ednea 12, la cual va de Mixcoac a Tl\u00e1huac, tanto en su tramo elevado como en su tramo subterr\u00e1neo y los distintos elementos de la propia l\u00ednea.<\/p>\n<p>\u201cNo hemos dejado el tema, tanto como los secretarios como personalmente y vamos a dar toda la informaci\u00f3n, como lo he dicho lo primero es la atenci\u00f3n a las v\u00edctimas, la justicia que est\u00e1 en manos de la Fiscal\u00eda General de Justicia de la Ciudad de M\u00e9xico y por otro lado la rehabilitaci\u00f3n que sea en el menor tiempo pero sobre todo poniendo la seguridad de los usuarios\u201d.<\/p>\n","protected":false},"excerpt":{"rendered":"<p>Este martes se dar\u00e1 un informe especial a tres meses del desplome de tramo elevado de la L\u00ednea 12 del Metro, y tambi\u00e9n se infotmar\u00e1 sobre el plan de rehabilitaci\u00f3n para su funcionamiento total, anunci\u00f3 la jefa de Gobierno de la Ciudad de M\u00e9xico, Claudia Sheinbaum.<\/p>\n","protected":false},"author":3,"featured_media":515960,"comment_status":"open","ping_status":"open","sticky":false,"template":"","format":"standard","meta":{"_monsterinsights_skip_tracking":false,"_monsterinsights_sitenote_active":false,"_monsterinsights_sitenote_note":"","_monsterinsights_sitenote_category":0,"footnotes":""},"categories":[6],"tags":[204,72207,8433],"class_list":["post-515885","post","type-post","status-publish","format-standard","has-post-thumbnail","hentry","category-cd-de-mexico","tag-ciudad-de-mexico","tag-claudia-sheinbaum-pardo","tag-linea-12"],"_links":{"self":[{"href":"https:\/\/www.diarioimagen.net\/index.php?rest_route=\/wp\/v2\/posts\/515885","targetHints":{"allow":["GET"]}}],"collection":[{"href":"https:\/\/www.diarioimagen.net\/index.php?rest_route=\/wp\/v2\/posts"}],"about":[{"href":"https:\/\/www.diarioimagen.net\/index.php?rest_route=\/wp\/v2\/types\/post"}],"author":[{"embeddable":true,"href":"https:\/\/www.diarioimagen.net\/index.php?rest_route=\/wp\/v2\/users\/3"}],"replies":[{"embeddable":true,"href":"https:\/\/www.diarioimagen.net\/index.php?rest_route=%2Fwp%2Fv2%2Fcomments&post=515885"}],"version-history":[{"count":0,"href":"https:\/\/www.diarioimagen.net\/index.php?rest_route=\/wp\/v2\/posts\/515885\/revisions"}],"wp:featuredmedia":[{"embeddable":true,"href":"https:\/\/www.diarioimagen.net\/index.php?rest_route=\/wp\/v2\/media\/515960"}],"wp:attachment":[{"href":"https:\/\/www.diarioimagen.net\/index.php?rest_route=%2Fwp%2Fv2%2Fmedia&parent=515885"}],"wp:term":[{"taxonomy":"category","embeddable":true,"href":"https:\/\/www.diarioimagen.net\/index.php?rest_route=%2Fwp%2Fv2%2Fcategories&post=515885"},{"taxonomy":"post_tag","embeddable":true,"href":"https:\/\/www.diarioimagen.net\/index.php?rest_route=%2Fwp%2Fv2%2Ftags&post=515885"}],"curies":[{"name":"wp","href":"https:\/\/api.w.org\/{rel}","templated":true}]}}