{"id":515894,"date":"2021-08-03T00:04:07","date_gmt":"2021-08-03T05:04:07","guid":{"rendered":"https:\/\/www.diarioimagen.net\/?p=515894"},"modified":"2021-08-03T04:24:49","modified_gmt":"2021-08-03T09:24:49","slug":"mejoran-movilidad-vial-en-el-centro-de-tultepec-con-el-alineamiento-de-calles","status":"publish","type":"post","link":"https:\/\/www.diarioimagen.net\/?p=515894","title":{"rendered":"Mejoran movilidad vial en el centro de Tultepec, con el alineamiento de calles"},"content":{"rendered":"<p>&nbsp;<\/p>\n<ul>\n<li><strong><em>Repavimentaci\u00f3n con concreto hidr\u00e1ulico<\/em><\/strong><\/li>\n<\/ul>\n<p>&nbsp;<\/p>\n<div id=\"attachment_515978\" style=\"width: 470px\" class=\"wp-caption aligncenter\"><a href=\"https:\/\/www.diarioimagen.net\/?attachment_id=515978\" rel=\"attachment wp-att-515978\"><img loading=\"lazy\" decoding=\"async\" aria-describedby=\"caption-attachment-515978\" class=\"size-full wp-image-515978\" src=\"https:\/\/www.diarioimagen.net\/wp-content\/uploads\/2021\/08\/tultepec.jpg\" alt=\"\" width=\"460\" height=\"241\" \/><\/a><p id=\"caption-attachment-515978\" class=\"wp-caption-text\">El alcalde Marco Antonio Cruz Cruz inaugur\u00f3 la repavimentaci\u00f3n de la calle Ignacio Manuel Altamirano y refrend\u00f3 el compromiso de continuar generando mejores condiciones de vida para los tultepequenses.<\/p><\/div>\n<p>&nbsp;<\/p>\n<p>Al inaugurar la repavimentaci\u00f3n con concreto hidr\u00e1ulico de la calle Ignacio Manuel Altamirano, el alcalde Marco Antonio Cruz Cruz asegur\u00f3 que con la ampliaci\u00f3n, pavimentaci\u00f3n e interconexi\u00f3n de vialidades en la zona centro del municipio se dar\u00e1 una mayor movilidad vial y peatonal, adem\u00e1s de mejorar la imagen urbana.<\/p>\n<p>Acompa\u00f1ado por integrantes del ayuntamiento, directores y jefes de \u00e1rea de la administraci\u00f3n 2019-2021, el presidente municipal refrend\u00f3 el compromiso de este gobierno de continuar generando mejores condiciones de vida para los tultepequenses.<\/p>\n<p>La calle tiene una extensi\u00f3n de 600 m2 en la que se renovaron tambi\u00e9n 240 m2 de banqueta y las l\u00edneas de agua y drenaje. En el lugar tambi\u00e9n fueron reubicados dos postes de luz y se modific\u00f3 el cableado el\u00e9ctrico para tener una imagen a\u00e9rea m\u00e1s limpia en la plaza Hidalgo.<\/p>\n<p>Se aplic\u00f3 concreto hidr\u00e1ulico pigmentado de 15 cent\u00edmetros de espesor para empatar los acabados con caracter\u00edsticas similares a los que realiza la Secretar\u00e1 de Desarrollo Agrario, Territorial y Urbano (SEDATU), en la remodelaci\u00f3n de la Plaza Hidalgo. El gobierno municipal a trav\u00e9s de la Direcci\u00f3n de Obras P\u00fablicas realiza diversos trabajos de alineamiento en calles de la zona centro, gracias a la buena disposici\u00f3n de vecinos de la zona, con quienes se han celebrado convenios individuales por la afectaci\u00f3n en sus predios, con el objetivo de alinear y ampliar las calles para que los tultepequenses tengan vialidades m\u00e1s amplias y mejor comunicadas.<\/p>\n<p>Oscar Ram\u00edrez Peralta, Director de Obras P\u00fablicas, inform\u00f3 que sumado a la continuaci\u00f3n de pavimentaci\u00f3n con concreto hidr\u00e1ulico de calles en varias comunidades de todo el municipio, se realizan trabajos de alineamiento y mejoramiento de fachadas en otras propiedades particulares, con la finalidad de tener vialidades m\u00e1s amplias y con ello mejor movilidad.<\/p>\n<p>Otras calles donde se realizan trabajos de alineaci\u00f3n, ampliaci\u00f3n y mejoramiento de fachadas son: Ignacio Ram\u00edrez, entre 5 de Febrero y Allende. Nezahualc\u00f3yotl, entre Francisco I madero y Nicol\u00e1s Bravo, Francisco I Madero casi esquina con 16 de Septiembre y calle Morelos en diversos tramos, as\u00ed como la calle Ignacio Manuel Altamirano, entre Nicol\u00e1s Bravo y Mariano Escobedo.<\/p>\n<p>El funcionario municipal inform\u00f3 que en el presupuesto de egresos el Ayuntamiento previ\u00f3 una partida presupuestal de 3 millones de pesos para este rubro, sin embargo, \u201cdada la creciente necesidad de mejorar la movilidad vehicular y peatonal de los tultepequenses, es un hecho que ese monto se incremente para cumplir a cabalidad con este objetivo\u201d.<\/p>\n<p>Con estas importantes obras de pavimentaci\u00f3n y ampliaci\u00f3n de vialidades, el mejoramiento de la infraestructura urbana y la remodelaci\u00f3n de la Plaza Principal, entre otros trabajos que se realizan en diversos puntos del territorio municipal, contin\u00faa mejorando notablemente la calidad de vida de los tultepequenses.<\/p>\n","protected":false},"excerpt":{"rendered":"<p>Al inaugurar la repavimentaci\u00f3n con concreto hidr\u00e1ulico de la calle Ignacio Manuel Altamirano, el alcalde Marco Antonio Cruz Cruz asegur\u00f3 que con la ampliaci\u00f3n, pavimentaci\u00f3n e interconexi\u00f3n de vialidades en la zona centro del municipio se dar\u00e1 una mayor movilidad vial y peatonal, adem\u00e1s de mejorar la imagen urbana.<\/p>\n","protected":false},"author":3,"featured_media":515978,"comment_status":"open","ping_status":"open","sticky":false,"template":"","format":"standard","meta":{"_monsterinsights_skip_tracking":false,"_monsterinsights_sitenote_active":false,"_monsterinsights_sitenote_note":"","_monsterinsights_sitenote_category":0,"footnotes":""},"categories":[5],"tags":[93431,43675,3802],"class_list":["post-515894","post","type-post","status-publish","format-standard","has-post-thumbnail","hentry","category-estado-de-mexico","tag-alineameinto","tag-estado-de-mexico","tag-tultepec"],"_links":{"self":[{"href":"https:\/\/www.diarioimagen.net\/index.php?rest_route=\/wp\/v2\/posts\/515894","targetHints":{"allow":["GET"]}}],"collection":[{"href":"https:\/\/www.diarioimagen.net\/index.php?rest_route=\/wp\/v2\/posts"}],"about":[{"href":"https:\/\/www.diarioimagen.net\/index.php?rest_route=\/wp\/v2\/types\/post"}],"author":[{"embeddable":true,"href":"https:\/\/www.diarioimagen.net\/index.php?rest_route=\/wp\/v2\/users\/3"}],"replies":[{"embeddable":true,"href":"https:\/\/www.diarioimagen.net\/index.php?rest_route=%2Fwp%2Fv2%2Fcomments&post=515894"}],"version-history":[{"count":0,"href":"https:\/\/www.diarioimagen.net\/index.php?rest_route=\/wp\/v2\/posts\/515894\/revisions"}],"wp:featuredmedia":[{"embeddable":true,"href":"https:\/\/www.diarioimagen.net\/index.php?rest_route=\/wp\/v2\/media\/515978"}],"wp:attachment":[{"href":"https:\/\/www.diarioimagen.net\/index.php?rest_route=%2Fwp%2Fv2%2Fmedia&parent=515894"}],"wp:term":[{"taxonomy":"category","embeddable":true,"href":"https:\/\/www.diarioimagen.net\/index.php?rest_route=%2Fwp%2Fv2%2Fcategories&post=515894"},{"taxonomy":"post_tag","embeddable":true,"href":"https:\/\/www.diarioimagen.net\/index.php?rest_route=%2Fwp%2Fv2%2Ftags&post=515894"}],"curies":[{"name":"wp","href":"https:\/\/api.w.org\/{rel}","templated":true}]}}