{"id":516039,"date":"2021-08-04T00:05:13","date_gmt":"2021-08-04T05:05:13","guid":{"rendered":"https:\/\/www.diarioimagen.net\/?p=516039"},"modified":"2021-08-05T05:37:08","modified_gmt":"2021-08-05T10:37:08","slug":"la-uaem-referente-nacional-de-compromiso-con-la-juventud","status":"publish","type":"post","link":"https:\/\/www.diarioimagen.net\/?p=516039","title":{"rendered":"La UAEM, referente nacional de compromiso con la juventud"},"content":{"rendered":"<p><em>\u00a0<\/em><\/p>\n<ul>\n<li><strong><em>El gobernador del Estado de M\u00e9xico, Alfredo Del Mazo Maza, y el rector, Carlos Eduardo Barrera D\u00edaz, inauguraron el Ciclo Escolar 2021-2022.<\/em><\/strong><\/li>\n<\/ul>\n<p><strong>\u00a0<\/strong><\/p>\n<div id=\"attachment_516073\" style=\"width: 470px\" class=\"wp-caption aligncenter\"><a href=\"https:\/\/www.diarioimagen.net\/?attachment_id=516073\" rel=\"attachment wp-att-516073\"><img loading=\"lazy\" decoding=\"async\" aria-describedby=\"caption-attachment-516073\" class=\"size-full wp-image-516073\" src=\"https:\/\/www.diarioimagen.net\/wp-content\/uploads\/2021\/08\/uaem-1.jpg\" alt=\"\" width=\"460\" height=\"270\" \/><\/a><p id=\"caption-attachment-516073\" class=\"wp-caption-text\">Con una inversi\u00f3n de 45.4 millones de pesos, entregaron obras en el Centro Universitario UAEM Tenancingo y en el plantel \u201cDr. Pablo Gonz\u00e1lez Casanova\u201d de la Escuela Preparatoria.<\/p><\/div>\n<p>&nbsp;<\/p>\n<p><strong>Tenancingo, Estado de M\u00e9xico.- <\/strong>La Universidad Aut\u00f3noma del Estado de M\u00e9xico (UAEM) ha consolidado una educaci\u00f3n continua, libre, universal y es referente nacional de compromiso con la juventud, asegur\u00f3 el gobernador del Estado de M\u00e9xico, Alfredo Del Mazo Maza, al presidir la ceremonia de inauguraci\u00f3n del Ciclo Escolar 2021-2022 de esta Casa de Estudios junto al rector, Carlos Eduardo Barrera D\u00edaz.<\/p>\n<p>En el Plantel \u201cDr. Pablo Gonz\u00e1lez Casanova\u201d de la Escuela Preparatoria de la UAEM, donde se llev\u00f3 a cabo este evento atendiendo las medidas sanitarias, el mandatario mexiquense se\u00f1al\u00f3 que en condiciones in\u00e9ditas, la Aut\u00f3noma mexiquense hace frente a los retos que implica el nuevo curso escolar donde j\u00f3venes estudiantes tomar\u00e1n clases en modalidad presencial y virtual.<\/p>\n<p>Con la compa\u00f1\u00eda del secretario de Educaci\u00f3n estatal, Gerardo Monroy Serrano, y de la secretaria de Docencia de la Aut\u00f3noma mexiquense, Yolanda Ballesteros Sent\u00edes, Del Mazo Maza subray\u00f3 que la fortaleza de la Aut\u00f3noma mexiquense radica en la calidad de sus profesores, en la producci\u00f3n acad\u00e9mica y en el compromiso de los estudiantes que inician este ciclo escolar.<\/p>\n<p>En su oportunidad, el rector Carlos Barrera enfatiz\u00f3 que la M\u00e1xima Casa de Estudios mexiquense est\u00e1 lista para afrontar los nuevos retos y destac\u00f3 que el H. Consejo Universitario aprob\u00f3 y dispuso las medidas pertinentes que habr\u00e1n de propiciar un regreso seguro y a\u00f1adi\u00f3 que \u201cestaremos pendientes de la evoluci\u00f3n del ciclo escolar porque para esta Administraci\u00f3n es una prioridad que nadie se quede atr\u00e1s\u201d.<\/p>\n<p>El 93 por ciento del personal acad\u00e9mico y administrativo ha sido administrado con un esquema de vacunaci\u00f3n contra el virus del SARS-CoV-2, se\u00f1al\u00f3 el rector quien indic\u00f3 que pr\u00e1cticas en talleres y laboratorios, deportivas y culturales, asesor\u00edas acad\u00e9micas en nivel medio superior y superior se llevar\u00e1n a cabo en un aforo de 50 por ciento acorde al sem\u00e1foro epidemiol\u00f3gico en color naranja.<\/p>\n<p>Ante el presidente municipal de Tenancingo, Gabriel Gallegos Garc\u00eda y la directora de este organismo acad\u00e9mico, Janette Jaimes Garc\u00eda, manifest\u00f3 que docentes y estudiantes actuaron con energ\u00eda para evitar la par\u00e1lisis escolar. \u201cJuntos construyeron las aulas virtuales y renovaron el di\u00e1logo acad\u00e9mico\u201d.<\/p>\n<p>Con una inversi\u00f3n de 45.4 millones de pesos, Del Mazo Maza y Barrera D\u00edaz entregaron obras, rehabilitaci\u00f3n y mantenimiento en el Centro Universitario UAEM Tenancingo para la restauraci\u00f3n del casco de la hacienda, as\u00ed como al edificio J, las caballerizas y el Hotel Escuela, que sufrieron da\u00f1os tras los sismos de septiembre de 2017.<\/p>\n<p>Asimismo, en el Plantel \u201cDr. Pablo Gonz\u00e1lez Casanova\u201d de la Escuela Preparatoria la inversi\u00f3n se destin\u00f3 para realizar obras en las canchas deportivas, se concluy\u00f3 el tercer piso del edificio E, reestructuraci\u00f3n del edificio D, construcci\u00f3n de arcotecho de la cancha de usos m\u00faltiples, as\u00ed como una sala de lactancia.<\/p>\n<p>De la misma forma, entregaron la presea \u201cIgnacio Ram\u00edrez Calzada\u201d a la profesora del Plantel \u201cLicenciado Adolfo L\u00f3pez Mateos\u201d de la Escuela Preparatoria, Beatriz Moreno Guzm\u00e1n y al docente de la Facultad de Medicina, Hugo Mendieta Zer\u00f3n.<\/p>\n<p>En representaci\u00f3n de 106 estudiantes, recibieron la presea \u201cIgnacio Manuel Altamirano Basilio\u201d el alumno Cristian Aldair Arzate Corona del Plantel \u201cLicenciado Adolfo L\u00f3pez Mateos\u201d de la Escuela Preparatoria, Karen Bestab\u00e9 Guadarrama Avil\u00e9s del Plantel \u201cDr. Pablo Gonz\u00e1lez Casanova\u201d de la Escuela Preparatoria, Roberto Atilano Carbajal del Centro Universitario UAEM Tenancingo, Michel Gonz\u00e1lez Rodr\u00edguez de la Facultad de Contadur\u00eda y Administraci\u00f3n y Edgar Jard\u00f3n Torres de la Facultad de Ingenier\u00eda.<\/p>\n<p>Por \u00faltimo, dieron un reconocimiento a Alfonso Rodrigo S\u00e1nchez Albarr\u00e1n, quien obtuvo el resultado m\u00e1s alto en el examen de ingreso a Educaci\u00f3n Superior EXANI II de la licenciatura en Ingenier\u00eda Qu\u00edmica.<\/p>\n","protected":false},"excerpt":{"rendered":"<p>La Universidad Aut\u00f3noma del Estado de M\u00e9xico (UAEM) ha consolidado una educaci\u00f3n continua, libre, universal y es referente nacional de compromiso con la juventud, asegur\u00f3 el gobernador del Estado de M\u00e9xico, Alfredo Del Mazo Maza, al presidir la ceremonia de inauguraci\u00f3n del Ciclo Escolar 2021-2022 de esta Casa de Estudios junto al rector, Carlos Eduardo Barrera D\u00edaz.<\/p>\n","protected":false},"author":3,"featured_media":516073,"comment_status":"open","ping_status":"open","sticky":false,"template":"","format":"standard","meta":{"_monsterinsights_skip_tracking":false,"_monsterinsights_sitenote_active":false,"_monsterinsights_sitenote_note":"","_monsterinsights_sitenote_category":0,"footnotes":""},"categories":[5],"tags":[43675,14859,1491],"class_list":["post-516039","post","type-post","status-publish","format-standard","has-post-thumbnail","hentry","category-estado-de-mexico","tag-estado-de-mexico","tag-tenancingo","tag-uaem"],"_links":{"self":[{"href":"https:\/\/www.diarioimagen.net\/index.php?rest_route=\/wp\/v2\/posts\/516039","targetHints":{"allow":["GET"]}}],"collection":[{"href":"https:\/\/www.diarioimagen.net\/index.php?rest_route=\/wp\/v2\/posts"}],"about":[{"href":"https:\/\/www.diarioimagen.net\/index.php?rest_route=\/wp\/v2\/types\/post"}],"author":[{"embeddable":true,"href":"https:\/\/www.diarioimagen.net\/index.php?rest_route=\/wp\/v2\/users\/3"}],"replies":[{"embeddable":true,"href":"https:\/\/www.diarioimagen.net\/index.php?rest_route=%2Fwp%2Fv2%2Fcomments&post=516039"}],"version-history":[{"count":0,"href":"https:\/\/www.diarioimagen.net\/index.php?rest_route=\/wp\/v2\/posts\/516039\/revisions"}],"wp:featuredmedia":[{"embeddable":true,"href":"https:\/\/www.diarioimagen.net\/index.php?rest_route=\/wp\/v2\/media\/516073"}],"wp:attachment":[{"href":"https:\/\/www.diarioimagen.net\/index.php?rest_route=%2Fwp%2Fv2%2Fmedia&parent=516039"}],"wp:term":[{"taxonomy":"category","embeddable":true,"href":"https:\/\/www.diarioimagen.net\/index.php?rest_route=%2Fwp%2Fv2%2Fcategories&post=516039"},{"taxonomy":"post_tag","embeddable":true,"href":"https:\/\/www.diarioimagen.net\/index.php?rest_route=%2Fwp%2Fv2%2Ftags&post=516039"}],"curies":[{"name":"wp","href":"https:\/\/api.w.org\/{rel}","templated":true}]}}