{"id":516040,"date":"2021-08-04T00:03:24","date_gmt":"2021-08-04T05:03:24","guid":{"rendered":"https:\/\/www.diarioimagen.net\/?p=516040"},"modified":"2021-08-04T08:38:35","modified_gmt":"2021-08-04T13:38:35","slug":"dictamen-final-sobre-derrumbe-en-linea-12-del-metro-el-23-de-agosto","status":"publish","type":"post","link":"https:\/\/www.diarioimagen.net\/?p=516040","title":{"rendered":"Dictamen final sobre derrumbe en L\u00ednea 12 del Metro, el 23 de agosto"},"content":{"rendered":"<p>&nbsp;<\/p>\n<ul>\n<li><strong><em>El 6 de septiembre, informe de causa-ra\u00edz del accidente<\/em><\/strong><\/li>\n<\/ul>\n<p>&nbsp;<\/p>\n<div id=\"attachment_516166\" style=\"width: 470px\" class=\"wp-caption aligncenter\"><a href=\"https:\/\/www.diarioimagen.net\/?attachment_id=516166\" rel=\"attachment wp-att-516166\"><img loading=\"lazy\" decoding=\"async\" aria-describedby=\"caption-attachment-516166\" class=\"size-full wp-image-516166\" src=\"https:\/\/www.diarioimagen.net\/wp-content\/uploads\/2021\/08\/LINEA-12.jpg\" alt=\"\" width=\"460\" height=\"270\" \/><\/a><p id=\"caption-attachment-516166\" class=\"wp-caption-text\">Ser\u00e1 hasta el 23 agosto cuando se d\u00e9 a conocer el dictamen final del peritaje sobre el desplome de tramo elevado de la Linea 12 del Metro.<\/p><\/div>\n<p>&nbsp;<\/p>\n<p>A tres meses del colapso del tramo elevado de la L\u00ednea 12 del Sistema de Transporte Colectivo Metro, donde perdieron la vida 26 personas y 96 personas m\u00e1s resultaron lesionadas, a\u00fan no hay dictamen final de peritaje y ser\u00e1 hasta el 23 agosto cuando se den a conocer los avances.<\/p>\n<p>La titular de la Secretar\u00eda de Gesti\u00f3n Integral de Riesgos y Protecci\u00f3n Civil, Myriam Urz\u00faa Venegas, expuso que con respecto al peritaje externo que realiza la empresa DNV, ya concluy\u00f3 la investigaci\u00f3n de campo; mientras que las pruebas de laboratorio llevan un avance del 95%; la revisi\u00f3n documental un 75%; el an\u00e1lisis Causa-Ra\u00edz: 60%; las entrevista 90%; y las recomendaciones finales un 30%.<\/p>\n<p>Destac\u00f3 que en San Diego, California en Estado Unidos as\u00ed como en Hamburgo, Alemania, se realizan diversas modelaciones para hacer un an\u00e1lisis de las condiciones l\u00edmite de la estructura y de cargas m\u00f3viles; por lo que expuso que el pr\u00f3ximo 23 de agosto se dar\u00e1 el dictamen final y el 6 de septiembre el informe de causa-ra\u00edz del accidente, 11 d\u00edas antes del informe de la jefa de gobierno, Claudia Sheinbaum Pardo.<\/p>\n<p>En tanto, el comisionado ejecutivo de Atenci\u00f3n a V\u00edctimas de la Ciudad de M\u00e9xico, Armando Ocampo Zambrano, expuso que se han otorgado apoyos en materia de reparaci\u00f3n integral del da\u00f1o con una suma total de 156 millones de pesos, adem\u00e1s de las atenciones que se han otorgado en materia de salud.<\/p>\n<p>Asimismo, llam\u00f3 a los deudos y v\u00edctimas directas de la tragedia de la L\u00ednea-12 que no han aceptado los apoyos a que acepten la invitaci\u00f3n para la reparaci\u00f3n del da\u00f1o, por lo que coment\u00f3 ya se envi\u00f3 una notificaci\u00f3n al abogado de algunas v\u00edctimas, Te\u00f3filo Ben\u00edtez.<\/p>\n<p>\u201cEscuchamos con atenci\u00f3n el mensaje de las v\u00edctimas, para ello, nuestro atento llamado y la invitaci\u00f3n respetuosa para que se pueda iniciar en forma conjunta la reparaci\u00f3n integral del da\u00f1o, hemos ya generado una notificaci\u00f3n formal a su abogado Te\u00f3filo Ben\u00edtez y esperamos que lo pueda atender a la brevedad, nuestro \u00fanico objetivo es atender de manera integral a las v\u00edctimas y reitero, estoy a sus \u00f3rdenes\u201d, indic\u00f3.<\/p>\n<p>Destac\u00f3 que se ha hecho todo lo humanamente posible para reparar de manera integral el da\u00f1o a las v\u00edctimas, a los lesionados y a sus familiares y resalt\u00f3 que se han destinado 156 millones de pesos.<\/p>\n<p>En relaci\u00f3n a la exigencia de justicia, expuso que la Fiscal\u00eda General de Justicia de la Ciudad de M\u00e9xico est\u00e1 en un proceso de investigaci\u00f3n y \u201cestamos seguros que entregar\u00e1 resultados s\u00f3lidos, no hay motivo por lo que una v\u00edctima o familiar de la L\u00ednea 12 quede desamparado. Es una instrucci\u00f3n precisa de la jefa de gobierno y as\u00ed se ha cumplido en el 98% de las v\u00edctimas que han aceptado ya\u201d.<\/p>\n<p>\u201cDe acuerdo con los tiempos solicitados por la empresa DNV, el dictamen final ser\u00e1 entregado el 23 de agosto y el an\u00e1lisis causa ra\u00edz el 6 de septiembre\u201d, dijo en videoconferencia de prensa.<\/p>\n<p>La funcionaria local detall\u00f3 que hasta el momento hay un avance del 100 por ciento en la investigaci\u00f3n de campo y del 95 por ciento en las pruebas de laboratorio.<\/p>\n<p>Asimismo, la revisi\u00f3n documental tiene un avance del 75 por ciento, el an\u00e1lisis causa-ra\u00edz un 60 por ciento; y las recomendaciones finales un 30 por ciento.<\/p>\n<p>Coment\u00f3 que como parte de las investigaciones tambi\u00e9n se realizaron an\u00e1lisis de estabilidad, que incluyo informaci\u00f3n sobre la sismicidad en la zona del incidente, as\u00ed como un estudio de la localizaci\u00f3n de los pernos Nelson.<\/p>\n","protected":false},"excerpt":{"rendered":"<p>A tres meses del colapso del tramo elevado de la L\u00ednea 12 del Sistema de Transporte Colectivo Metro, donde perdieron la vida 26 personas y 96 personas m\u00e1s resultaron lesionadas, a\u00fan no hay dictamen final de peritaje y ser\u00e1 hasta el 23 agosto cuando se den a conocer los avances.<\/p>\n","protected":false},"author":3,"featured_media":516166,"comment_status":"open","ping_status":"open","sticky":false,"template":"","format":"standard","meta":{"_monsterinsights_skip_tracking":false,"_monsterinsights_sitenote_active":false,"_monsterinsights_sitenote_note":"","_monsterinsights_sitenote_category":0,"footnotes":""},"categories":[6],"tags":[34444,77182,8433],"class_list":["post-516040","post","type-post","status-publish","format-standard","has-post-thumbnail","hentry","category-cd-de-mexico","tag-cdmx","tag-dictamen","tag-linea-12"],"_links":{"self":[{"href":"https:\/\/www.diarioimagen.net\/index.php?rest_route=\/wp\/v2\/posts\/516040","targetHints":{"allow":["GET"]}}],"collection":[{"href":"https:\/\/www.diarioimagen.net\/index.php?rest_route=\/wp\/v2\/posts"}],"about":[{"href":"https:\/\/www.diarioimagen.net\/index.php?rest_route=\/wp\/v2\/types\/post"}],"author":[{"embeddable":true,"href":"https:\/\/www.diarioimagen.net\/index.php?rest_route=\/wp\/v2\/users\/3"}],"replies":[{"embeddable":true,"href":"https:\/\/www.diarioimagen.net\/index.php?rest_route=%2Fwp%2Fv2%2Fcomments&post=516040"}],"version-history":[{"count":0,"href":"https:\/\/www.diarioimagen.net\/index.php?rest_route=\/wp\/v2\/posts\/516040\/revisions"}],"wp:featuredmedia":[{"embeddable":true,"href":"https:\/\/www.diarioimagen.net\/index.php?rest_route=\/wp\/v2\/media\/516166"}],"wp:attachment":[{"href":"https:\/\/www.diarioimagen.net\/index.php?rest_route=%2Fwp%2Fv2%2Fmedia&parent=516040"}],"wp:term":[{"taxonomy":"category","embeddable":true,"href":"https:\/\/www.diarioimagen.net\/index.php?rest_route=%2Fwp%2Fv2%2Fcategories&post=516040"},{"taxonomy":"post_tag","embeddable":true,"href":"https:\/\/www.diarioimagen.net\/index.php?rest_route=%2Fwp%2Fv2%2Ftags&post=516040"}],"curies":[{"name":"wp","href":"https:\/\/api.w.org\/{rel}","templated":true}]}}