{"id":516052,"date":"2021-08-04T00:03:39","date_gmt":"2021-08-04T05:03:39","guid":{"rendered":"https:\/\/www.diarioimagen.net\/?p=516052"},"modified":"2021-08-04T08:34:11","modified_gmt":"2021-08-04T13:34:11","slug":"empleados-del-dif-naucalpan-exigen-pago-de-sus-salarios-ya-les-adeudan-dos-quincenas","status":"publish","type":"post","link":"https:\/\/www.diarioimagen.net\/?p=516052","title":{"rendered":"Empleados del DIF Naucalpan exigen pago de sus salarios; ya les adeudan dos quincenas"},"content":{"rendered":"<p>&nbsp;<\/p>\n<ul>\n<li style=\"text-align: justify;\"><strong><em>Manifestaci\u00f3n en los accesos del Palacio Municipal<\/em><\/strong><\/li>\n<\/ul>\n<p>&nbsp;<\/p>\n<div id=\"attachment_516160\" style=\"width: 470px\" class=\"wp-caption aligncenter\"><a href=\"https:\/\/www.diarioimagen.net\/?attachment_id=516160\" rel=\"attachment wp-att-516160\"><img loading=\"lazy\" decoding=\"async\" aria-describedby=\"caption-attachment-516160\" class=\"size-full wp-image-516160\" src=\"https:\/\/www.diarioimagen.net\/wp-content\/uploads\/2021\/08\/naucalpan-2.jpg\" alt=\"\" width=\"460\" height=\"270\" \/><\/a><p id=\"caption-attachment-516160\" class=\"wp-caption-text\">Empleados del DIF municipal realizaron una manifestaci\u00f3n en las afueras del Palacio Municipal, en demanda del pago de salarios.<\/p><\/div>\n<p>&nbsp;<\/p>\n<p><strong>Naucalpan, Estado de M\u00e9xico<\/strong>.- Un grupo de trabajadores del sistema municipal DIF, principalmente del \u00e1rea de docencia, realizaron una manifestaci\u00f3n en las afueras del Palacio Municipal, en demanda del pago de salarios.<\/p>\n<p>Las profesoras hicieron saber que el gobierno local les adeuda al menos dos quincenas, no obstante que desde hace m\u00e1s de mes y medio han resentido la falta de reembolsos.<\/p>\n<p>Mar\u00eda de la Luz Garc\u00eda se\u00f1al\u00f3 que al menos son 300 trabajadores del DIF a quienes no les han pagado, entre ellos personal de oficinas y otras \u00e1reas, las cuales atienden guarder\u00edas, estancias infantiles y jardines de ni\u00f1os.<\/p>\n<p>En entrevista, destac\u00f3 que pese a la falta de retribuciones han estado laborando de manera virtual, dando clases en l\u00ednea, entregando certificados y realizando las actividades propias.<\/p>\n<p>Reiter\u00f3 que lo \u00fanico que est\u00e1n pidiendo es que les paguen, toda vez que los efectos son directos a su econom\u00eda familiar, al sustento, y renta, entre otras prioridades, en su condici\u00f3n de madres trabajadoras.<\/p>\n<p>Admiti\u00f3 que la situaci\u00f3n que enfrenta ha derivado tambi\u00e9n en problemas emocionales, morales y sobre todo an\u00edmicos, al no poder resolver su situaci\u00f3n econ\u00f3mica y no tener la certidumbre del pago.<\/p>\n<p>Lament\u00f3 que tampoco exista congruencia, en el sentido de que si no tienen recursos es imposible el trabajar, pero si alcanzan los 3 d\u00edas sin laborar hay una sanci\u00f3n y son dados de baja. Puntualiz\u00f3 que est\u00e1n frente a una disyuntiva en su movilizaci\u00f3n, ya que si los polic\u00edas vienen, se manifiestan y les pagan, igual con los del sindicato, y a ver \u201cqu\u00e9 ocurre con nosotros\u201d.<\/p>\n<p>Cabe referir que las cuentas del sistema municipal DIF se encuentran intervenidas, seg\u00fan inform\u00f3 el 7\u00b0 regidor, Jos\u00e9 Vel\u00e1zquez en la \u00faltima sesi\u00f3n de cabildo.<\/p>\n","protected":false},"excerpt":{"rendered":"<p>Un grupo de trabajadores del sistema municipal DIF, principalmente del \u00e1rea de docencia, realizaron una manifestaci\u00f3n en las afueras del Palacio Municipal, en demanda del pago de salarios.<\/p>\n","protected":false},"author":3,"featured_media":516160,"comment_status":"open","ping_status":"open","sticky":false,"template":"","format":"standard","meta":{"_monsterinsights_skip_tracking":false,"_monsterinsights_sitenote_active":false,"_monsterinsights_sitenote_note":"","_monsterinsights_sitenote_category":0,"footnotes":""},"categories":[5],"tags":[43675,970,25713],"class_list":["post-516052","post","type-post","status-publish","format-standard","has-post-thumbnail","hentry","category-estado-de-mexico","tag-estado-de-mexico","tag-naucalpan","tag-salario"],"_links":{"self":[{"href":"https:\/\/www.diarioimagen.net\/index.php?rest_route=\/wp\/v2\/posts\/516052","targetHints":{"allow":["GET"]}}],"collection":[{"href":"https:\/\/www.diarioimagen.net\/index.php?rest_route=\/wp\/v2\/posts"}],"about":[{"href":"https:\/\/www.diarioimagen.net\/index.php?rest_route=\/wp\/v2\/types\/post"}],"author":[{"embeddable":true,"href":"https:\/\/www.diarioimagen.net\/index.php?rest_route=\/wp\/v2\/users\/3"}],"replies":[{"embeddable":true,"href":"https:\/\/www.diarioimagen.net\/index.php?rest_route=%2Fwp%2Fv2%2Fcomments&post=516052"}],"version-history":[{"count":0,"href":"https:\/\/www.diarioimagen.net\/index.php?rest_route=\/wp\/v2\/posts\/516052\/revisions"}],"wp:featuredmedia":[{"embeddable":true,"href":"https:\/\/www.diarioimagen.net\/index.php?rest_route=\/wp\/v2\/media\/516160"}],"wp:attachment":[{"href":"https:\/\/www.diarioimagen.net\/index.php?rest_route=%2Fwp%2Fv2%2Fmedia&parent=516052"}],"wp:term":[{"taxonomy":"category","embeddable":true,"href":"https:\/\/www.diarioimagen.net\/index.php?rest_route=%2Fwp%2Fv2%2Fcategories&post=516052"},{"taxonomy":"post_tag","embeddable":true,"href":"https:\/\/www.diarioimagen.net\/index.php?rest_route=%2Fwp%2Fv2%2Ftags&post=516052"}],"curies":[{"name":"wp","href":"https:\/\/api.w.org\/{rel}","templated":true}]}}