{"id":516090,"date":"2021-08-04T00:08:37","date_gmt":"2021-08-04T05:08:37","guid":{"rendered":"https:\/\/www.diarioimagen.net\/?p=516090"},"modified":"2021-08-04T05:09:02","modified_gmt":"2021-08-04T10:09:02","slug":"la-oposicion-debe-despertar","status":"publish","type":"post","link":"https:\/\/www.diarioimagen.net\/?p=516090","title":{"rendered":"La oposici\u00f3n debe despertar"},"content":{"rendered":"<h2>Punto por punto<\/h2>\n<h5>Augusto Corro<\/h5>\n<p>&nbsp;<\/p>\n<p>Son innumerables los motivos que tuvo el electorado para no participar el domingo en la consulta popular para juzgar o no a los ex presidentes de la Rep\u00fablica.<\/p>\n<p>De la lista nominal de registrados, alrededor de 93 millones, solo el 7.11 por ciento acudi\u00f3 a votar. El resto decidi\u00f3 quedarse en casa.<\/p>\n<p>Se deduce que la consulta no tuvo los suficientes est\u00edmulos para llevar a la ciudadan\u00eda a emitir un s\u00ed o un no para enjuiciar a los ex mandatarios.<\/p>\n<p>Claro que la mayor\u00eda de los siete millones de votantes se pronunci\u00f3 por el s\u00ed, pero no fue suficiente.<\/p>\n<p>De todas maneras, el presidente L\u00f3pez Obrador dijo que es posible que las autoridades correspondientes realicen juicios en contra de exfuncionarios y expresidentes, pese al resultado del domingo no fue vinculatoria.<\/p>\n<p>Esa declaraci\u00f3n del mandatario no convenci\u00f3 al electorado que prefiere los hechos a las palabras.<\/p>\n<p>Desde que inici\u00f3 su campa\u00f1a pol\u00edtica el tabasque\u00f1o lleva en su discurso la lucha contra la corrupci\u00f3n. Diario repite lo mismo.<\/p>\n<p>S\u00f3lo que ning\u00fan pez gordo corrupto se encuentra en la c\u00e1rcel. Los juicios a los saqueadores de M\u00e9xico no avanzan.<\/p>\n<p>Tampoco se han resuelto casos en los que las autoridades se involucraron en actividades criminales.\u00a0 No olvidar el incendio de la Guarder\u00eda ABC y el secuestro y desaparici\u00f3n de normalistas de Ayotzinapa.<\/p>\n<p>La ciudadan\u00eda no ve que el gobierno federal act\u00fae con inter\u00e9s y entusiasmo en contra de las acciones criminales del pasado y del presente.<\/p>\n<p>El electorado est\u00e1 pendiente del momento que se vive en M\u00e9xico, no s\u00f3lo en lo relacionado con la violencia, sino tambi\u00e9n en la lucha contra la pandemia del Covid-19 y la crisis de la econom\u00eda.<\/p>\n<p>Son renglones que tienen postrada a la gente que no encuentra salidas reales a sus problemas.<\/p>\n<p>Si bien es cierto que en materia de pol\u00edtica social, el gobierno actual alcanz\u00f3 algunos logros, en lo general la pobreza sigue siendo permanente en la sociedad mexicana.<\/p>\n<p>Son problemas que no desaparecen de la noche a la ma\u00f1ana, pero en tres a\u00f1os del nuevo gobierno casi todo sigue igual.<\/p>\n<p>Quiz\u00e1 en un futuro pr\u00f3ximo se empiecen a ver resultados positivos del gobierno obradorista, pero en el presente no se contemplan.<\/p>\n<p>Tal vez esa visi\u00f3n del pa\u00eds que planteamos fue decisiva para que el electorado no votara el domingo y se quedara en casa.<\/p>\n<p>Que se trat\u00f3 de una experiencia democr\u00e1tica nadie lo duda, pero la consulta popular estuvo mal planteada.<\/p>\n<p>Como que al surgir la idea, todo fue aplausos y vivas; pero ya llevada a la pr\u00e1ctica, hasta los propios promotores perdieron el entusiasmo.<\/p>\n<p>La consulta qued\u00f3 en un intento democr\u00e1tico de regular alcance. Como se\u00f1alamos ayer, el abstencionismo fue el ganador, sin darle vueltas al asunto.<\/p>\n<p>Ojal\u00e1 y lo ocurrido el domingo le abra los ojos a la oposici\u00f3n que tiene ya varios a\u00f1os de encontrarse dormida.<\/p>\n<p>Sin embargo, en las organizaciones pol\u00edticas se libra una lucha por las migajas, los l\u00edderes s\u00ed es que hay, no alcanzan a mirar hacia adelante.<\/p>\n<p>Es posible que el fracaso de la consulta popular lleve a los partidos de oposici\u00f3n a marcar nuevas rutas.<\/p>\n<p>Entre otras cosas, se demostr\u00f3 que el partido Movimiento Regeneraci\u00f3n Nacional (Morena) no tiene el poder de convocatoria que se le atribuye.<\/p>\n<p>Desde las elecciones del 6 de junio, el partido en el poder no tuvo la votaci\u00f3n esperada.<\/p>\n<p>Esos hechos mostraron que Morena sigue dormida en sus laureles. Los dirigentes se dieron cuenta que de nada les vale ser el partido en el poder.<\/p>\n<p>En un tuit, el controvertido l\u00edder morenista, Porfirio Mu\u00f1oz Ledo, escribi\u00f3 sobre la consulta popular lo siguiente:<\/p>\n<p>\u201cNoche triste de ayer domingo por las derrotas en futbol y democracia que se ganan con goles y con votos. La consulta popular fue un fracaso, la historia no se vota ni se bota, la justicia se aplica, no se somete a la opini\u00f3n popular. El desaire de la ciudadan\u00eda es una lecci\u00f3n. No volvamos a banalizar el sufragio popular ni a gastar la p\u00f3lvora en infiernitos\u201d.<\/p>\n<p>En fin, el PAN, PRI Y PRD tienen la oportunidad de enfrentar a Morena, que en las \u00faltimas jornadas c\u00edvicas luci\u00f3 d\u00e9bil y sin rumbo.<\/p>\n<p>Y ya que estamos con el tema de la democracia, le comunicamos que el pr\u00f3ximo 6 de marzo de 2022 se preguntar\u00e1 a la ciudadan\u00eda sobre la revocaci\u00f3n o no del mandato del presidente L\u00f3pez Obrador.<\/p>\n<p>Por distractores no pararemos. \u00bfUsted qu\u00e9 opina amable lector?<\/p>\n<p><a href=\"mailto:aco2742@hotmail.com\" target=\"_blank\" rel=\"noopener noreferrer\"><em>aco2742@hotmail.com<\/em><\/a><\/p>\n","protected":false},"excerpt":{"rendered":"<p><span style=\"color: #005497;\"><strong>Augusto Corro<\/strong><\/span><\/p>\n","protected":false},"author":3,"featured_media":0,"comment_status":"open","ping_status":"open","sticky":false,"template":"","format":"standard","meta":{"_monsterinsights_skip_tracking":false,"_monsterinsights_sitenote_active":false,"_monsterinsights_sitenote_note":"","_monsterinsights_sitenote_category":0,"footnotes":""},"categories":[157],"tags":[43686,43674,11515],"class_list":["post-516090","post","type-post","status-publish","format-standard","hentry","category-augusto-corro","tag-augusto-corro","tag-opinion","tag-punto-por-punto"],"_links":{"self":[{"href":"https:\/\/www.diarioimagen.net\/index.php?rest_route=\/wp\/v2\/posts\/516090","targetHints":{"allow":["GET"]}}],"collection":[{"href":"https:\/\/www.diarioimagen.net\/index.php?rest_route=\/wp\/v2\/posts"}],"about":[{"href":"https:\/\/www.diarioimagen.net\/index.php?rest_route=\/wp\/v2\/types\/post"}],"author":[{"embeddable":true,"href":"https:\/\/www.diarioimagen.net\/index.php?rest_route=\/wp\/v2\/users\/3"}],"replies":[{"embeddable":true,"href":"https:\/\/www.diarioimagen.net\/index.php?rest_route=%2Fwp%2Fv2%2Fcomments&post=516090"}],"version-history":[{"count":0,"href":"https:\/\/www.diarioimagen.net\/index.php?rest_route=\/wp\/v2\/posts\/516090\/revisions"}],"wp:attachment":[{"href":"https:\/\/www.diarioimagen.net\/index.php?rest_route=%2Fwp%2Fv2%2Fmedia&parent=516090"}],"wp:term":[{"taxonomy":"category","embeddable":true,"href":"https:\/\/www.diarioimagen.net\/index.php?rest_route=%2Fwp%2Fv2%2Fcategories&post=516090"},{"taxonomy":"post_tag","embeddable":true,"href":"https:\/\/www.diarioimagen.net\/index.php?rest_route=%2Fwp%2Fv2%2Ftags&post=516090"}],"curies":[{"name":"wp","href":"https:\/\/api.w.org\/{rel}","templated":true}]}}