{"id":516172,"date":"2021-08-05T00:04:42","date_gmt":"2021-08-05T05:04:42","guid":{"rendered":"https:\/\/www.diarioimagen.net\/?p=516172"},"modified":"2021-08-06T06:52:35","modified_gmt":"2021-08-06T11:52:35","slug":"obtiene-laboratorio-de-la-uaem-reconocimiento-del-indre-para-detectar-virus-de-covid-19","status":"publish","type":"post","link":"https:\/\/www.diarioimagen.net\/?p=516172","title":{"rendered":"Obtiene laboratorio de la UAEM reconocimiento del InDRE para detectar virus de Covid-19"},"content":{"rendered":"<p>&nbsp;<\/p>\n<ul>\n<li><strong><em>La Cl\u00ednica Multidisciplinaria de Salud aplica pruebas PCR con el reconocimiento del InDRE con lo que se garantiza la especificidad de los resultados.<\/em><\/strong><\/li>\n<\/ul>\n<p>&nbsp;<\/p>\n<div id=\"attachment_516251\" style=\"width: 470px\" class=\"wp-caption aligncenter\"><a href=\"https:\/\/www.diarioimagen.net\/?attachment_id=516251\" rel=\"attachment wp-att-516251\"><img loading=\"lazy\" decoding=\"async\" aria-describedby=\"caption-attachment-516251\" class=\"size-full wp-image-516251\" src=\"https:\/\/www.diarioimagen.net\/wp-content\/uploads\/2021\/08\/uaem-2.jpg\" alt=\"\" width=\"460\" height=\"270\" \/><\/a><p id=\"caption-attachment-516251\" class=\"wp-caption-text\">S\u00f3lo 179 laboratorios de biolog\u00eda molecular a nivel nacional, entre ellos el de la UAEM, han conseguido el reconocimiento.<\/p><\/div>\n<p>&nbsp;<\/p>\n<p><strong>Toluca, Estado de M\u00e9xico.-<\/strong> El Laboratorio de Biolog\u00eda Molecular de la Cl\u00ednica Multidisciplinaria de Salud de la Universidad Aut\u00f3noma del Estado de M\u00e9xico (UAEM) es uno de los 179 a nivel nacional que cuenta con el reconocimiento del Instituto de Diagn\u00f3stico y Referencia Epidemiol\u00f3gico (InDRE) con lo que garantiza la especificidad de los resultados de las pruebas PCR para detecci\u00f3n del virus SARS-CoV-2.<\/p>\n<p>Al contar con la infraestructura, personal capacitado y nivel de bioseguridad 2, el laboratorio ubicado en esta Casa de Estudios forma parte de la lista de espacios que emplean una o m\u00e1s de las pruebas moleculares \u00fatiles para el diagn\u00f3stico PCR SARS-CoV-2 en muestra de exudado far\u00edngeo y nasofar\u00edngeo.<\/p>\n<p>La directora de la cl\u00ednica, Ana Laura Guadarrama L\u00f3pez, explic\u00f3 que ante la pandemia por Covid-19, la Aut\u00f3noma mexiquense busc\u00f3 desde el primer momento ser un agente de respuesta ante las necesidades de la comunidad universitaria y sociedad en general aplicando pruebas con las medidas de seguridad requeridas y emitiendo resultados veraces.<\/p>\n<p>\u201cNuestra m\u00e1xima casa de estudios se convirti\u00f3 en parte de la respuesta sanitaria que el Estado de M\u00e9xico necesitaba, despu\u00e9s de un intenso trabajo de rehabilitaci\u00f3n y mejora de la infraestructura del Laboratorio de Biolog\u00eda Molecular alcanz\u00f3 un nivel de bioseguridad 2 y de la mano de un equipo multidisciplinario iniciamos con la implementaci\u00f3n de un programa de detecci\u00f3n de Covid-19\u201d, expuso.<\/p>\n<p>La t\u00e9cnica PCR es una prueba de biolog\u00eda molecular que detecta fragmentos de material gen\u00e9tico del virus SARS-CoV-2, entre sus beneficios est\u00e1 su alta especificidad y sensibilidad, sobre todo en la primera etapa de la enfermedad por lo que es considerada est\u00e1ndar de oro.<\/p>\n<p>La prueba PCR se realiza con un hisopo que se introduce en la nariz y faringe, las muestras se llevan a cabo al interior de un laboratorio de biolog\u00eda molecular y los resultados est\u00e1n disponibles en 48 horas. Adem\u00e1s de ser oportunas para detectar la enfermedad, son solicitadas por algunas aerol\u00edneas para realizar vuelos al extranjero y para cuestiones laborales.<\/p>\n<p>Aunque existen pruebas r\u00e1pidas que tambi\u00e9n utilizan hisopo para tomar muestra de la posible presencia del virus, Guadarrama L\u00f3pez explic\u00f3 que esas son de ant\u00edgenos, tienen una especificidad menor y no detectan fragmentos moleculares del virus.<\/p>\n<p>Para realizarse una prueba PCR en la Cl\u00ednica Multidisciplinaria de la Salud de la UAEM, es necesario agendar previa cita a trav\u00e9s de la p\u00e1gina oficial de Facebook del espacio universitario o bien, en los tel\u00e9fonos 722 6 49 71 02 o 722 6 49 74 23.<\/p>\n","protected":false},"excerpt":{"rendered":"<p>El Laboratorio de Biolog\u00eda Molecular de la Cl\u00ednica Multidisciplinaria de Salud de la Universidad Aut\u00f3noma del Estado de M\u00e9xico (UAEM) es uno de los 179 a nivel nacional que cuenta con el reconocimiento del Instituto de Diagn\u00f3stico y Referencia Epidemiol\u00f3gico (InDRE) con lo que garantiza la especificidad de los resultados de las pruebas PCR para detecci\u00f3n del virus SARS-CoV-2.<\/p>\n","protected":false},"author":3,"featured_media":516251,"comment_status":"open","ping_status":"open","sticky":false,"template":"","format":"standard","meta":{"_monsterinsights_skip_tracking":false,"_monsterinsights_sitenote_active":false,"_monsterinsights_sitenote_note":"","_monsterinsights_sitenote_category":0,"footnotes":""},"categories":[5],"tags":[43675,92292,452],"class_list":["post-516172","post","type-post","status-publish","format-standard","has-post-thumbnail","hentry","category-estado-de-mexico","tag-estado-de-mexico","tag-indre","tag-toluca"],"_links":{"self":[{"href":"https:\/\/www.diarioimagen.net\/index.php?rest_route=\/wp\/v2\/posts\/516172","targetHints":{"allow":["GET"]}}],"collection":[{"href":"https:\/\/www.diarioimagen.net\/index.php?rest_route=\/wp\/v2\/posts"}],"about":[{"href":"https:\/\/www.diarioimagen.net\/index.php?rest_route=\/wp\/v2\/types\/post"}],"author":[{"embeddable":true,"href":"https:\/\/www.diarioimagen.net\/index.php?rest_route=\/wp\/v2\/users\/3"}],"replies":[{"embeddable":true,"href":"https:\/\/www.diarioimagen.net\/index.php?rest_route=%2Fwp%2Fv2%2Fcomments&post=516172"}],"version-history":[{"count":0,"href":"https:\/\/www.diarioimagen.net\/index.php?rest_route=\/wp\/v2\/posts\/516172\/revisions"}],"wp:featuredmedia":[{"embeddable":true,"href":"https:\/\/www.diarioimagen.net\/index.php?rest_route=\/wp\/v2\/media\/516251"}],"wp:attachment":[{"href":"https:\/\/www.diarioimagen.net\/index.php?rest_route=%2Fwp%2Fv2%2Fmedia&parent=516172"}],"wp:term":[{"taxonomy":"category","embeddable":true,"href":"https:\/\/www.diarioimagen.net\/index.php?rest_route=%2Fwp%2Fv2%2Fcategories&post=516172"},{"taxonomy":"post_tag","embeddable":true,"href":"https:\/\/www.diarioimagen.net\/index.php?rest_route=%2Fwp%2Fv2%2Ftags&post=516172"}],"curies":[{"name":"wp","href":"https:\/\/api.w.org\/{rel}","templated":true}]}}