{"id":516184,"date":"2021-08-05T00:02:22","date_gmt":"2021-08-05T05:02:22","guid":{"rendered":"https:\/\/www.diarioimagen.net\/?p=516184"},"modified":"2021-08-05T05:51:54","modified_gmt":"2021-08-05T10:51:54","slug":"el-alcalde-de-huixquilucan-se-ubica-entre-los-3-mejores-evaluados-en-el-pais","status":"publish","type":"post","link":"https:\/\/www.diarioimagen.net\/?p=516184","title":{"rendered":"El alcalde de Huixquilucan se ubica entre los 3 mejores evaluados en el pa\u00eds"},"content":{"rendered":"<p>&nbsp;<\/p>\n<ul>\n<li><strong><em>Calificaci\u00f3n por desempe\u00f1o<\/em><\/strong><\/li>\n<\/ul>\n<p>&nbsp;<\/p>\n<div id=\"attachment_516293\" style=\"width: 470px\" class=\"wp-caption aligncenter\"><a href=\"https:\/\/www.diarioimagen.net\/?attachment_id=516293\" rel=\"attachment wp-att-516293\"><img loading=\"lazy\" decoding=\"async\" aria-describedby=\"caption-attachment-516293\" class=\"size-full wp-image-516293\" src=\"https:\/\/www.diarioimagen.net\/wp-content\/uploads\/2021\/08\/huix-1.jpg\" alt=\"\" width=\"460\" height=\"270\" \/><\/a><p id=\"caption-attachment-516293\" class=\"wp-caption-text\">El alcalde de Huixquilucan, Enrique Vargas del Villar, se consolida como el mejor calificado del Estado de M\u00e9xico, desde 2016.<\/p><\/div>\n<p>&nbsp;<\/p>\n<p><strong>Huixquilucan, Estado de M\u00e9xico<\/strong>.- El presidente municipal \u00a0de Huixquilucan, Enrique Vargas del Villar, se ubic\u00f3 como el tercero mejor evaluado en el pa\u00eds en el Noveno Ranking de Alcaldes por desempe\u00f1o, realizado por C&amp;E Campaings &amp; Elections M\u00e9xico.<\/p>\n<p>Con esta calificaci\u00f3n ciudadana, el alcalde de Huixquilucan, se consolida como el mejor calificado del Estado de M\u00e9xico desde 2016, al ser el \u00fanico pol\u00edtico mexiquense que de manera constante destaca en este tipo de mediciones, ubic\u00e1ndolo siempre, en el ranking nacional de los primeros 10 lugares.<\/p>\n<p>Vargas del Villar reiter\u00f3, que la calificaci\u00f3n obtenida es producto del trabajo de un gran equipo al interior de la administraci\u00f3n p\u00fablica, que todos los d\u00edas hace el mayor esfuerzo para servir a la ciudadan\u00eda.<\/p>\n<p>Esta medici\u00f3n realizada por C&amp;E Campaings &amp; Elections M\u00e9xico, se realiz\u00f3 a trav\u00e9s de entrevistas telef\u00f3nicas no robotizadas, levantadas entre el 19 y el 27 de julio de 2021. De acuerdo con esta empresa el margen de error es de 4.5% y la confiabilidad del 95%.<\/p>\n","protected":false},"excerpt":{"rendered":"<p>El presidente municipal \u00a0de Huixquilucan, Enrique Vargas del Villar, se ubic\u00f3 como el tercero mejor evaluado en el pa\u00eds en el Noveno Ranking de Alcaldes por desempe\u00f1o, realizado por C&#038;E Campaings &#038; Elections M\u00e9xico.<\/p>\n","protected":false},"author":3,"featured_media":516293,"comment_status":"open","ping_status":"open","sticky":false,"template":"","format":"standard","meta":{"_monsterinsights_skip_tracking":false,"_monsterinsights_sitenote_active":false,"_monsterinsights_sitenote_note":"","_monsterinsights_sitenote_category":0,"footnotes":""},"categories":[5],"tags":[43675,48534,1097],"class_list":["post-516184","post","type-post","status-publish","format-standard","has-post-thumbnail","hentry","category-estado-de-mexico","tag-estado-de-mexico","tag-evaluados","tag-huixquilucan"],"_links":{"self":[{"href":"https:\/\/www.diarioimagen.net\/index.php?rest_route=\/wp\/v2\/posts\/516184","targetHints":{"allow":["GET"]}}],"collection":[{"href":"https:\/\/www.diarioimagen.net\/index.php?rest_route=\/wp\/v2\/posts"}],"about":[{"href":"https:\/\/www.diarioimagen.net\/index.php?rest_route=\/wp\/v2\/types\/post"}],"author":[{"embeddable":true,"href":"https:\/\/www.diarioimagen.net\/index.php?rest_route=\/wp\/v2\/users\/3"}],"replies":[{"embeddable":true,"href":"https:\/\/www.diarioimagen.net\/index.php?rest_route=%2Fwp%2Fv2%2Fcomments&post=516184"}],"version-history":[{"count":0,"href":"https:\/\/www.diarioimagen.net\/index.php?rest_route=\/wp\/v2\/posts\/516184\/revisions"}],"wp:featuredmedia":[{"embeddable":true,"href":"https:\/\/www.diarioimagen.net\/index.php?rest_route=\/wp\/v2\/media\/516293"}],"wp:attachment":[{"href":"https:\/\/www.diarioimagen.net\/index.php?rest_route=%2Fwp%2Fv2%2Fmedia&parent=516184"}],"wp:term":[{"taxonomy":"category","embeddable":true,"href":"https:\/\/www.diarioimagen.net\/index.php?rest_route=%2Fwp%2Fv2%2Fcategories&post=516184"},{"taxonomy":"post_tag","embeddable":true,"href":"https:\/\/www.diarioimagen.net\/index.php?rest_route=%2Fwp%2Fv2%2Ftags&post=516184"}],"curies":[{"name":"wp","href":"https:\/\/api.w.org\/{rel}","templated":true}]}}