{"id":516188,"date":"2021-08-05T00:03:18","date_gmt":"2021-08-05T05:03:18","guid":{"rendered":"https:\/\/www.diarioimagen.net\/?p=516188"},"modified":"2021-08-05T05:53:45","modified_gmt":"2021-08-05T10:53:45","slug":"refrendamos-compromiso-de-salvaguardar-el-territorio-de-cuautitlan-edil-ariel-juarez","status":"publish","type":"post","link":"https:\/\/www.diarioimagen.net\/?p=516188","title":{"rendered":"Refrendamos compromiso de salvaguardar el territorio de Cuautitl\u00e1n: edil Ariel Ju\u00e1rez"},"content":{"rendered":"<p>&nbsp;<\/p>\n<ul>\n<li><strong><em>Decreto sobre el diferendo lim\u00edtrofe con C. Izcalli<\/em><\/strong><\/li>\n<\/ul>\n<p>&nbsp;<\/p>\n<div id=\"attachment_516296\" style=\"width: 470px\" class=\"wp-caption aligncenter\"><a href=\"https:\/\/www.diarioimagen.net\/?attachment_id=516296\" rel=\"attachment wp-att-516296\"><img loading=\"lazy\" decoding=\"async\" aria-describedby=\"caption-attachment-516296\" class=\"size-full wp-image-516296\" src=\"https:\/\/www.diarioimagen.net\/wp-content\/uploads\/2021\/08\/cuautitlan-1.jpg\" alt=\"\" width=\"460\" height=\"270\" \/><\/a><p id=\"caption-attachment-516296\" class=\"wp-caption-text\">El presidente municipal Ariel Ju\u00e1rez destac\u00f3 la importancia de la aprobaci\u00f3n del dictamen y el proyecto de decreto sobre el diferendo lim\u00edtrofe entre Cuautitl\u00e1n y Cuautitl\u00e1n Izcalli.<\/p><\/div>\n<p>&nbsp;<\/p>\n<p><strong>Cuautitl\u00e1n, Estado de M\u00e9xico<\/strong>.- El gobierno de Cuautitl\u00e1n refrenda su compromiso de cuidar y salvaguardar su territorio en cada una de sus partes, as\u00ed lo se\u00f1al\u00f3 el presidente municipal Ariel Ju\u00e1rez Rodr\u00edguez a destacar la importancia de la aprobaci\u00f3n del dictamen y el proyecto de decreto sobre el diferendo Lim\u00edtrofe entre los Municipios de Cuautitl\u00e1n y Cuautitl\u00e1n Izcalli, presentado por el Ayuntamiento de Cuautitl\u00e1n.<\/p>\n<p>Esta aprobaci\u00f3n que se realiz\u00f3 durante el Tercer Periodo Ordinario de Sesiones, del Tercer A\u00f1o de Ejercicio de la LX Legislatura del Estado de M\u00e9xico, presentada ante la Comisi\u00f3n de L\u00edmites Territoriales del Estado de M\u00e9xico y sus Municipios, se reconoce que el poblado de San Mateo Ixtacalco y el Ejido de San Mateo Ixtacalco con sus comunidades \u201cLa Capilla\u201d y \u201cEl Sabino\u201d forman parte del municipio de Cuautitl\u00e1n.<\/p>\n<p>Y que su delimitaci\u00f3n territorial corresponde a lo indicado en el plano del levantamiento topogr\u00e1fico elaborado por la comisi\u00f3n en menci\u00f3n y el cual se reintegrar\u00e1 a partir del enero del 2022 al municipio de Cuautitl\u00e1n.<\/p>\n<p>Se inform\u00f3 que el 30 de mayo de 2019, se remiti\u00f3 la solicitud del inicio del procedimiento del diferendo a la Comisi\u00f3n de L\u00edmites Territoriales del Estado de M\u00e9xico entre le municipio de Cuautitl\u00e1n y Cuautitl\u00e1n Izcalli, realizando el estudio correspondiente sus integrantes.<\/p>\n<p>Este proyecto se someti\u00f3 para su aprobaci\u00f3n al pleno, siendo aprobado, por los diputados de la LX Legislatura, donde se describi\u00f3 cada uno de los puntos de la l\u00ednea, que da soluci\u00f3n al diferendo lim\u00edtrofe entre ambos municipios, de acuerdo al trabajo de campo realizado por el personal de la misma comisi\u00f3n.<\/p>\n<p>Cabe se\u00f1alar que el territorio del municipio de Cuautitl\u00e1n tiene una superficie total de 42.5 kil\u00f3metros cuadrados, una cabecera municipal, 2 pueblos, 10 barrios, 18 colonias, 24 fraccionamientos, 23 conjuntos urbanos, 11 ejidos y sus fracciones ejidales, 48 ranchos y 3 granjas.<\/p>\n","protected":false},"excerpt":{"rendered":"<p>El gobierno de Cuautitl\u00e1n refrenda su compromiso de cuidar y salvaguardar su territorio en cada una de sus partes, as\u00ed lo se\u00f1al\u00f3 el presidente municipal Ariel Ju\u00e1rez Rodr\u00edguez a destacar la importancia de la aprobaci\u00f3n del dictamen y el proyecto de decreto sobre el diferendo Lim\u00edtrofe entre los Municipios de Cuautitl\u00e1n y Cuautitl\u00e1n Izcalli, presentado por el Ayuntamiento de Cuautitl\u00e1n.<\/p>\n","protected":false},"author":3,"featured_media":516296,"comment_status":"open","ping_status":"open","sticky":false,"template":"","format":"standard","meta":{"_monsterinsights_skip_tracking":false,"_monsterinsights_sitenote_active":false,"_monsterinsights_sitenote_note":"","_monsterinsights_sitenote_category":0,"footnotes":""},"categories":[5],"tags":[971,43675,93438],"class_list":["post-516188","post","type-post","status-publish","format-standard","has-post-thumbnail","hentry","category-estado-de-mexico","tag-cuautitlan-izcalli","tag-estado-de-mexico","tag-salvaguardar"],"_links":{"self":[{"href":"https:\/\/www.diarioimagen.net\/index.php?rest_route=\/wp\/v2\/posts\/516188","targetHints":{"allow":["GET"]}}],"collection":[{"href":"https:\/\/www.diarioimagen.net\/index.php?rest_route=\/wp\/v2\/posts"}],"about":[{"href":"https:\/\/www.diarioimagen.net\/index.php?rest_route=\/wp\/v2\/types\/post"}],"author":[{"embeddable":true,"href":"https:\/\/www.diarioimagen.net\/index.php?rest_route=\/wp\/v2\/users\/3"}],"replies":[{"embeddable":true,"href":"https:\/\/www.diarioimagen.net\/index.php?rest_route=%2Fwp%2Fv2%2Fcomments&post=516188"}],"version-history":[{"count":0,"href":"https:\/\/www.diarioimagen.net\/index.php?rest_route=\/wp\/v2\/posts\/516188\/revisions"}],"wp:featuredmedia":[{"embeddable":true,"href":"https:\/\/www.diarioimagen.net\/index.php?rest_route=\/wp\/v2\/media\/516296"}],"wp:attachment":[{"href":"https:\/\/www.diarioimagen.net\/index.php?rest_route=%2Fwp%2Fv2%2Fmedia&parent=516188"}],"wp:term":[{"taxonomy":"category","embeddable":true,"href":"https:\/\/www.diarioimagen.net\/index.php?rest_route=%2Fwp%2Fv2%2Fcategories&post=516188"},{"taxonomy":"post_tag","embeddable":true,"href":"https:\/\/www.diarioimagen.net\/index.php?rest_route=%2Fwp%2Fv2%2Ftags&post=516188"}],"curies":[{"name":"wp","href":"https:\/\/api.w.org\/{rel}","templated":true}]}}