{"id":516511,"date":"2021-08-09T00:01:55","date_gmt":"2021-08-09T05:01:55","guid":{"rendered":"https:\/\/www.diarioimagen.net\/?p=516511"},"modified":"2021-08-09T06:08:34","modified_gmt":"2021-08-09T11:08:34","slug":"reconoce-el-gobierno-de-huixquilucan-labor-de-servidores-publicos-en-materia-de-seguridad","status":"publish","type":"post","link":"https:\/\/www.diarioimagen.net\/?p=516511","title":{"rendered":"Reconoce el gobierno de Huixquilucan labor de servidores p\u00fablicos en materia de seguridad"},"content":{"rendered":"<p>&nbsp;<\/p>\n<ul>\n<li><strong><em>Alcalde reitera compromiso de seguir trabajando en esta materia<\/em><\/strong><\/li>\n<\/ul>\n<p>&nbsp;<\/p>\n<div id=\"attachment_516598\" style=\"width: 470px\" class=\"wp-caption aligncenter\"><a href=\"https:\/\/www.diarioimagen.net\/?attachment_id=516598\" rel=\"attachment wp-att-516598\"><img loading=\"lazy\" decoding=\"async\" aria-describedby=\"caption-attachment-516598\" class=\"size-full wp-image-516598\" src=\"https:\/\/www.diarioimagen.net\/wp-content\/uploads\/2021\/08\/huixquilucan.jpg\" alt=\"\" width=\"460\" height=\"270\" \/><\/a><p id=\"caption-attachment-516598\" class=\"wp-caption-text\">El alcalde Enrique Vargas del Villar entreg\u00f3 reconocimientos a servidores p\u00fablicos por su capacitaci\u00f3n en temas como discriminaci\u00f3n, violencia laboral, acoso, abuso y hostigamiento sexual y feminicidio, entre otros.<\/p><\/div>\n<p>&nbsp;<\/p>\n<p><strong>Huixquilucan, Estado de M\u00e9xico<\/strong>.- Al encabezar la d\u00e9cimo cuarta sesi\u00f3n ordinaria del Consejo Municipal de Seguridad P\u00fablica, el alcalde Enrique Vargas del Villar, inform\u00f3 que en la \u00faltima encuesta Nacional de ayuntamientos, Huixquilucan se ubic\u00f3 en el lugar n\u00famero 12 de percepci\u00f3n de seguridad, por lo que reiter\u00f3 su compromiso de seguir trabajando en esta materia por el bien de las y los huixquiluquenses.<\/p>\n<p>Se\u00f1al\u00f3 que en Huixquilucan, adem\u00e1s de la capacitaci\u00f3n a los elementos de seguridad p\u00fablica, servidores p\u00fablicos de distintas \u00e1reas de la administraci\u00f3n se esfuerzan en prepararse y con ello distinguir factores de riesgo comunitario, para as\u00ed atender oportuna, integral y resolutivamente a la poblaci\u00f3n.<\/p>\n<p>Por ello, hizo un amplio reconocimiento a todos los que participaron en estas capacitaciones y enfatiz\u00f3 que los avances en seguridad p\u00fablica son gracias al trabajo en equipo que se hace al interior y desde luego con la ciudadan\u00eda.<\/p>\n<p>Durante la d\u00e9cimo cuarta sesi\u00f3n ordinaria del Consejo Municipal de Seguridad P\u00fablica, Vargas del Villar entreg\u00f3 reconocimientos a servidores p\u00fablicos por su capacitaci\u00f3n en temas como discriminaci\u00f3n, violencia laboral, acoso, abuso y hostigamiento sexual, feminicidio\u201d, prevenci\u00f3n de la violencia de g\u00e9nero y\u00a0 \u201cLey Olimpia\u201d.<\/p>\n<p>El secretario t\u00e9cnico del Consejo Municipal de Seguridad, Graco Arturo Ram\u00edrez Garrido Garc\u00eda, inform\u00f3 que fueron 247 servidores p\u00fablicos capacitados. Agreg\u00f3, que existe un avance de entrega de expedientes al centro de control de confianza del 97 por ciento, que en breve podr\u00e1 concretarse en su totalidad.<\/p>\n","protected":false},"excerpt":{"rendered":"<p>Al encabezar la d\u00e9cimo cuarta sesi\u00f3n ordinaria del Consejo Municipal de Seguridad P\u00fablica, el alcalde Enrique Vargas del Villar, inform\u00f3 que en la \u00faltima encuesta Nacional de ayuntamientos, Huixquilucan se ubic\u00f3 en el lugar n\u00famero 12 de percepci\u00f3n de seguridad, por lo que reiter\u00f3 su compromiso de seguir trabajando en esta materia por el bien de las y los huixquiluquenses.<\/p>\n","protected":false},"author":3,"featured_media":516598,"comment_status":"open","ping_status":"open","sticky":false,"template":"","format":"standard","meta":{"_monsterinsights_skip_tracking":false,"_monsterinsights_sitenote_active":false,"_monsterinsights_sitenote_note":"","_monsterinsights_sitenote_category":0,"footnotes":""},"categories":[5],"tags":[85586,43675,1097],"class_list":["post-516511","post","type-post","status-publish","format-standard","has-post-thumbnail","hentry","category-estado-de-mexico","tag-consejo-municipal-de-seguridad-publica","tag-estado-de-mexico","tag-huixquilucan"],"_links":{"self":[{"href":"https:\/\/www.diarioimagen.net\/index.php?rest_route=\/wp\/v2\/posts\/516511","targetHints":{"allow":["GET"]}}],"collection":[{"href":"https:\/\/www.diarioimagen.net\/index.php?rest_route=\/wp\/v2\/posts"}],"about":[{"href":"https:\/\/www.diarioimagen.net\/index.php?rest_route=\/wp\/v2\/types\/post"}],"author":[{"embeddable":true,"href":"https:\/\/www.diarioimagen.net\/index.php?rest_route=\/wp\/v2\/users\/3"}],"replies":[{"embeddable":true,"href":"https:\/\/www.diarioimagen.net\/index.php?rest_route=%2Fwp%2Fv2%2Fcomments&post=516511"}],"version-history":[{"count":0,"href":"https:\/\/www.diarioimagen.net\/index.php?rest_route=\/wp\/v2\/posts\/516511\/revisions"}],"wp:featuredmedia":[{"embeddable":true,"href":"https:\/\/www.diarioimagen.net\/index.php?rest_route=\/wp\/v2\/media\/516598"}],"wp:attachment":[{"href":"https:\/\/www.diarioimagen.net\/index.php?rest_route=%2Fwp%2Fv2%2Fmedia&parent=516511"}],"wp:term":[{"taxonomy":"category","embeddable":true,"href":"https:\/\/www.diarioimagen.net\/index.php?rest_route=%2Fwp%2Fv2%2Fcategories&post=516511"},{"taxonomy":"post_tag","embeddable":true,"href":"https:\/\/www.diarioimagen.net\/index.php?rest_route=%2Fwp%2Fv2%2Ftags&post=516511"}],"curies":[{"name":"wp","href":"https:\/\/api.w.org\/{rel}","templated":true}]}}