{"id":516536,"date":"2021-08-09T00:03:53","date_gmt":"2021-08-09T05:03:53","guid":{"rendered":"https:\/\/www.diarioimagen.net\/?p=516536"},"modified":"2021-08-09T03:57:32","modified_gmt":"2021-08-09T08:57:32","slug":"desencuentros-institucionales-lo-de-hoy","status":"publish","type":"post","link":"https:\/\/www.diarioimagen.net\/?p=516536","title":{"rendered":"Desencuentros institucionales, lo de hoy"},"content":{"rendered":"<h2>Espacio Electoral<\/h2>\n<h5>Eleazar Flores<\/h5>\n<p>&nbsp;<\/p>\n<p><strong>Y TAN CAMPANTES-.<\/strong> En los dos a\u00f1os, 8 meses y 9 d\u00edas de este \u201cbrev\u00edsimo\u201d sexenio para los \u201cmorenos\u201d y largu\u00edsimo para los no, las contradicciones gubernamentales de alto nivel han sido frecuentes pero en la \u00faltima semana han abusado, con decirle que los medios s\u00f3lo las registran, pero ya ni las cuestionan, por aquello de irse haciendo costumbre.<\/p>\n<p>Si es esto \u00faltimo, qu\u00e9 malo, pues imag\u00ednese que esas contradicciones se dieran en otros sexenios, medios y opositores har\u00edan cera y pabilo.<\/p>\n<p><strong>EJEMPLOS-.<\/strong> Empezando por el padre de la Cuarta Transformaci\u00f3n, volvi\u00f3 a recurrir a su estribillo de siempre y que nadie salvo \u00e9l conoce, los \u201cotros datos\u201d, cuando se trata de pedirle precisiones o respuestas acerca de avances econ\u00f3micos violencia, inseguridad y pobreza.<\/p>\n<p>Es en este \u00faltimo rubro, el tabasque\u00f1o recurri\u00f3 a sus otros datos para desmentir o negarse a aceptar \u201cla encuesta\u201d, (empezando porque no lo es), del Coneval en el que las cifras y porcentajes de pobreza y pobreza extrema han aumentado en estos \u00faltimos dos a\u00f1os de gobierno.<\/p>\n<p>Ni la pena vale entrar en detalles, pues los an\u00e1lisis y estudios del Coneval son mucho m\u00e1s profundos, por completos, que una encuesta, sin demeritar el esfuerzo de destacados profesionales que se dedican a encuestar, pero cuyos fines son diferentes, inclin\u00e1ndose preferentemente a lo electoral, sin desconocer otros campos.<\/p>\n<p>El mandatario presume que nunca como antes se ha atendido a las clases sociales m\u00e1s despose\u00eddas, pero un ejemplo basta para dudarlo, padres y madres de hijos con c\u00e1ncer, llevan meses implorando que les den medicamentos, antes nunca les neg\u00f3 ninguna autoridad de salud federal o estatal, dicho por ellos.<\/p>\n<p>Juzgue usted y decida.<\/p>\n<p><strong>CLAUDIA VS L\u00d3PEZ-GATELL-.<\/strong> En la lucha contra el coronavirus que todos sabemos ir perdiendo, el gobierno de la Cuarta Transformaci\u00f3n ve otros datos y en la misma c\u00fapula gubernamental hay desobediencia contra las directrices que da el sector salud para todo el pa\u00eds.<\/p>\n<p>Pero la jefa de gobierno de la CDMX seguramente tambi\u00e9n ve otros datos, pues aun con SEM\u00c1FORO ROJO, no hay indicaciones de suspender actividades en los sectores productivo, comercial y de servicios, l\u00e9ase, f\u00e1bricas, comercios y restaurantes<\/p>\n<p>\u201cNosotros seguimos en naranja\u201d, respondi\u00f3 a los medios la \u201cconsen\u201d Claudia Sheimbaum cuando se le cuestion\u00f3 si se limitar\u00edan actividades al pasar la capital del pa\u00eds de sem\u00e1foro\u00a0 naranja a rojo.<\/p>\n<p>Si la jefa de gobierno no se inmuta con las 244 mil 248 defunciones registradas hasta ayer domingo, muchas de las cuales corresponden a la CDMX, menos si se entera que el n\u00famero de contagios es el m\u00e1s alto de todos.<\/p>\n<p>\u00bfQu\u00e9 dir\u00e1n los L\u00f3pez?, Obrador y Gatell?, atin\u00f3, que tienen otros datos.<\/p>\n<p><em><a href=\"mailto:elefa44@gmail.com\" target=\"_blank\" rel=\"noopener noreferrer\">elefa44@gmail.com<\/a><\/em><\/p>\n","protected":false},"excerpt":{"rendered":"<p><span style=\"color: #005497;\"><strong>Eleazar Flores<\/strong><\/span><\/p>\n","protected":false},"author":3,"featured_media":0,"comment_status":"open","ping_status":"open","sticky":false,"template":"","format":"standard","meta":{"_monsterinsights_skip_tracking":false,"_monsterinsights_sitenote_active":false,"_monsterinsights_sitenote_note":"","_monsterinsights_sitenote_category":0,"footnotes":""},"categories":[81743],"tags":[81744,81776,43674],"class_list":["post-516536","post","type-post","status-publish","format-standard","hentry","category-eleazar-flores","tag-eleazar-flores","tag-espacio-electoral","tag-opinion"],"_links":{"self":[{"href":"https:\/\/www.diarioimagen.net\/index.php?rest_route=\/wp\/v2\/posts\/516536","targetHints":{"allow":["GET"]}}],"collection":[{"href":"https:\/\/www.diarioimagen.net\/index.php?rest_route=\/wp\/v2\/posts"}],"about":[{"href":"https:\/\/www.diarioimagen.net\/index.php?rest_route=\/wp\/v2\/types\/post"}],"author":[{"embeddable":true,"href":"https:\/\/www.diarioimagen.net\/index.php?rest_route=\/wp\/v2\/users\/3"}],"replies":[{"embeddable":true,"href":"https:\/\/www.diarioimagen.net\/index.php?rest_route=%2Fwp%2Fv2%2Fcomments&post=516536"}],"version-history":[{"count":0,"href":"https:\/\/www.diarioimagen.net\/index.php?rest_route=\/wp\/v2\/posts\/516536\/revisions"}],"wp:attachment":[{"href":"https:\/\/www.diarioimagen.net\/index.php?rest_route=%2Fwp%2Fv2%2Fmedia&parent=516536"}],"wp:term":[{"taxonomy":"category","embeddable":true,"href":"https:\/\/www.diarioimagen.net\/index.php?rest_route=%2Fwp%2Fv2%2Fcategories&post=516536"},{"taxonomy":"post_tag","embeddable":true,"href":"https:\/\/www.diarioimagen.net\/index.php?rest_route=%2Fwp%2Fv2%2Ftags&post=516536"}],"curies":[{"name":"wp","href":"https:\/\/api.w.org\/{rel}","templated":true}]}}