{"id":516622,"date":"2021-08-10T00:07:47","date_gmt":"2021-08-10T05:07:47","guid":{"rendered":"https:\/\/www.diarioimagen.net\/?p=516622"},"modified":"2021-08-10T09:13:16","modified_gmt":"2021-08-10T14:13:16","slug":"obligatorio-el-certificado-covid-para-turistas-que-visiten-mazatlan","status":"publish","type":"post","link":"https:\/\/www.diarioimagen.net\/?p=516622","title":{"rendered":"Obligatorio, el certificado Covid para turistas que visiten Mazatl\u00e1n"},"content":{"rendered":"<p>&nbsp;<\/p>\n<ul>\n<li><strong><em>Medida por tiempo indefinido, ante ola de contagios<\/em><\/strong><\/li>\n<\/ul>\n<p>&nbsp;<\/p>\n<p><a href=\"https:\/\/www.diarioimagen.net\/?attachment_id=516756\" rel=\"attachment wp-att-516756\"><img loading=\"lazy\" decoding=\"async\" class=\"aligncenter size-full wp-image-516756\" src=\"https:\/\/www.diarioimagen.net\/wp-content\/uploads\/2021\/08\/CERTIFICADO-COVID-MAZATLAN.jpg\" alt=\"\" width=\"460\" height=\"270\" \/><\/a><\/p>\n<p>&nbsp;<\/p>\n<p>A los turistas que no tengan certificado Covid se les negar\u00e1 el acceso a hoteles, comercios, mercados, estadios, centros recreativos, centros comerciales, bares, restaurantes y antros, desde esta semana, anunciaron autoridades de Mazatl\u00e1n, Sinaloa.<\/p>\n<p>El alcalde de este municipio, Luis Guillermo Ben\u00edtez Torres, dijo que esta medida ser\u00e1 por tiempo indefinido, ya que tiene la intenci\u00f3n de frenar los contagios de Covid-19 en el puerto, donde se hab\u00eda registrado un aumento de casos en las \u00faltimas semanas.<\/p>\n<p>La petici\u00f3n del certificado comenz\u00f3 la semana pasada, para las personas originarias de Mazatl\u00e1n y de otros municipios de Sinaloa, pero en los recorridos de inspecci\u00f3n, se constat\u00f3 que varios establecimientos no lo estaban requiriendo.<\/p>\n<p>Ahorita tuvimos un peque\u00f1o problema con la Asociaci\u00f3n Nacional de Tiendas, Centros Comerciales, les dijimos que cuando alguien no lo trajera, puede haber tolerancia, pero que la segunda vez no, pero nos dimos cuentan que est\u00e1n permitiendo a todo el mundo entrar y no cumplen, y ya les dijimos que los vamos a sancionar\u201d, se\u00f1al\u00f3.<\/p>\n<p>Sin embargo, a partir de este 9 de agosto, el Certificado Covid est\u00e1 siendo obligatorio en todos los establecimientos, y quienes no acaten esta medida, ser\u00e1n acreedores a una multa, que podr\u00eda llegar hasta los 50 salarios m\u00ednimos.<\/p>\n<p>El alcalde asegur\u00f3 que esta medida ha sido respaldada por los empresarios, y por la poblaci\u00f3n en general, ya que no han tenido incidentes mayores al momento de presentar el documento.<\/p>\n<p>Una muestra de ello fue este fin de semana durante el partido entre Mazatl\u00e1n FC y Rayados de Monterrey, donde se hizo obligatorio la presentaci\u00f3n del Certificado Covid y los aficionados cumplieron.<\/p>\n<p>Quienes por alguna raz\u00f3n no tengan el certificado, podr\u00e1n presentar su hoja de vacunaci\u00f3n o una prueba negativa al virus SARS-CoV-2, no mayor a 15 d\u00edas y en algunos establecimientos est\u00e1n solicitando una identificaci\u00f3n oficial para verificar los datos.<\/p>\n","protected":false},"excerpt":{"rendered":"<p>A los turistas que no tengan certificado Covid se les negar\u00e1 el acceso a hoteles, comercios, mercados, estadios, centros recreativos, centros comerciales, bares, restaurantes y antros, desde esta semana, anunciaron autoridades de Mazatl\u00e1n, Sinaloa.<\/p>\n","protected":false},"author":3,"featured_media":516756,"comment_status":"open","ping_status":"open","sticky":false,"template":"","format":"standard","meta":{"_monsterinsights_skip_tracking":false,"_monsterinsights_sitenote_active":false,"_monsterinsights_sitenote_note":"","_monsterinsights_sitenote_category":0,"footnotes":""},"categories":[11],"tags":[80714,91906,43692,43681],"class_list":["post-516622","post","type-post","status-publish","format-standard","has-post-thumbnail","hentry","category-turismo","tag-certificado","tag-covid","tag-salud","tag-turismo"],"_links":{"self":[{"href":"https:\/\/www.diarioimagen.net\/index.php?rest_route=\/wp\/v2\/posts\/516622","targetHints":{"allow":["GET"]}}],"collection":[{"href":"https:\/\/www.diarioimagen.net\/index.php?rest_route=\/wp\/v2\/posts"}],"about":[{"href":"https:\/\/www.diarioimagen.net\/index.php?rest_route=\/wp\/v2\/types\/post"}],"author":[{"embeddable":true,"href":"https:\/\/www.diarioimagen.net\/index.php?rest_route=\/wp\/v2\/users\/3"}],"replies":[{"embeddable":true,"href":"https:\/\/www.diarioimagen.net\/index.php?rest_route=%2Fwp%2Fv2%2Fcomments&post=516622"}],"version-history":[{"count":0,"href":"https:\/\/www.diarioimagen.net\/index.php?rest_route=\/wp\/v2\/posts\/516622\/revisions"}],"wp:featuredmedia":[{"embeddable":true,"href":"https:\/\/www.diarioimagen.net\/index.php?rest_route=\/wp\/v2\/media\/516756"}],"wp:attachment":[{"href":"https:\/\/www.diarioimagen.net\/index.php?rest_route=%2Fwp%2Fv2%2Fmedia&parent=516622"}],"wp:term":[{"taxonomy":"category","embeddable":true,"href":"https:\/\/www.diarioimagen.net\/index.php?rest_route=%2Fwp%2Fv2%2Fcategories&post=516622"},{"taxonomy":"post_tag","embeddable":true,"href":"https:\/\/www.diarioimagen.net\/index.php?rest_route=%2Fwp%2Fv2%2Ftags&post=516622"}],"curies":[{"name":"wp","href":"https:\/\/api.w.org\/{rel}","templated":true}]}}