{"id":516859,"date":"2021-08-11T00:09:34","date_gmt":"2021-08-11T05:09:34","guid":{"rendered":"https:\/\/www.diarioimagen.net\/?p=516859"},"modified":"2021-08-11T04:07:00","modified_gmt":"2021-08-11T09:07:00","slug":"mineria-rehen-de-napito","status":"publish","type":"post","link":"https:\/\/www.diarioimagen.net\/?p=516859","title":{"rendered":"Miner\u00eda, reh\u00e9n de Napito\u00a0"},"content":{"rendered":"<h2>Poder y dinero<\/h2>\n<h5>V\u00edctor S\u00e1nchez Ba\u00f1os<\/h5>\n<p>&nbsp;<\/p>\n<ul>\n<li><strong><em>Extorsi\u00f3n laboral y pol\u00edtica a mineras<\/em><\/strong><\/li>\n<li><strong><em>Americas Gold &amp; Silver, acorralada<br \/>\n<\/em><\/strong><\/li>\n<li><strong><em>Cumpli\u00f3 contrato; sigue la huelga<\/em><\/strong><\/li>\n<li><strong><em>Ni AMLO logr\u00f3 levantar largo paro<\/em><\/strong><\/li>\n<\/ul>\n<p>&nbsp;<\/p>\n<p style=\"text-align: right;\"><em>Las palabras son como monedas, que una vale<br \/>\npor muchas como muchas no valen por una<br \/>\n<\/em><strong>Francisco de Quevedo<\/strong>, (1580-1645)<br \/>\n<strong>Francisco de Quevedo y Villengas<\/strong>. Escritor espa\u00f1ol<\/p>\n<p>&nbsp;<\/p>\n<p>Triturados Mineros del Noroeste, filial en M\u00e9xico de la empresa canadiense Americas Gold and Silver, a m\u00e1s de dos meses de que acord\u00f3 con el Sindicato Nacional de Trabajadores Mineros, Metal\u00fargicos, Sider\u00fargicos y Similares de la Rep\u00fablica Mexicana, que dirige a su antojo Napole\u00f3n G\u00f3mez Urrutia, alias <em>Napito<\/em>, se niega a reiniciar la operaci\u00f3n de la mina San Rafael, en el municipio de Cosal\u00e1, Sinaloa.<\/p>\n<p>El presidente ejecutivo de la compa\u00f1\u00eda, Darren Blasutti, pidi\u00f3 apoyo al presidente Andr\u00e9s Manuel L\u00f3pez Obrador, para la soluci\u00f3n del conflicto. Incluso el L\u00edder del Ejecutivo en una ma\u00f1anera de julio mencion\u00f3 que estaba cerca la apertura de esa mina, precisamente en una gira que hizo por Sinaloa, en compa\u00f1\u00eda del gobernador Quirino Ordaz.<\/p>\n<p>Es un conflicto que tiene mucho de fondo en la geopol\u00edtica del T-MEC en Am\u00e9rica del Norte.<\/p>\n<p>Las instalaciones no han sido devueltas y el contrato colectivo es violado con total impunidad por el dirigente minero, que nunca ha trabajado en una mina y quien hered\u00f3 la lucrativa chamba de su padre, Napole\u00f3n G\u00f3mez Sada.<\/p>\n<p><em>Napito, <\/em>quien ahora es senador por Morena y ostenta la doble nacionalidad (canadiense y mexicana), lo que contraviene la Constituci\u00f3n, pero que nadie se atreve a explicar en el pa\u00eds; ni la oposici\u00f3n.<\/p>\n<p>Hoy, est\u00e1 empoderado. Le perdonaron la devoluci\u00f3n de 50 millones de d\u00f3lares a las arcas del sindicato.<\/p>\n<p>Por ello, tiene secuestrada a la industria minera nacional y, nos comentan, act\u00faa por consigna ordenada desde Canad\u00e1, con el aparente respaldo de la poderosa organizaci\u00f3n sindical en Estados Unidos y Canad\u00e1, la AFL-CIO.<\/p>\n<p>Su dirigente, Richard Trumka, quien falleci\u00f3 el pasado fin de semana, era su principal protector y justificaci\u00f3n ante la Cuarta Transformaci\u00f3n, para lograr influencia en los gobiernos de Joe Biden y Justin Trudeau; incluso, presionarlos ante cualquier cambio que ocurriera en el pa\u00eds y que afectara al sector empresarial de esas naciones. A la muerte de Trumka, la disputa por el poder se desat\u00f3 sin haber acudido a los funerales del que fuera dirigente de m\u00e1s de 12 millones de sindicalizados. Est\u00e1 en riesgo su influencia en Washington y Ottawa.<\/p>\n<p>Liz Shuler, quien se ha desempe\u00f1ado como presidenta interina desde la muerte de Trumka y espera sucederlo, tiene que consolidar el sindicalismo en Am\u00e9rica del Norte, ante un debilitamiento del movimiento ya que cada vez menos trabajadores del sector privado se agrupan con la AFL-CIO.<\/p>\n<p>Ese debilitamiento es un severo golpe a Napito, quien depend\u00eda de la sombra de Trumka. Al faltar \u00e9ste y al no estar en el radar de Shuler, podr\u00eda verse reflejada una ca\u00edda en la influencia en la 4T.<\/p>\n<p>Y, la extorsi\u00f3n pol\u00edtica, laboral y social, contra empresas mineras de Am\u00e9rica del Norte, mete en severos problemas al pa\u00eds al violarse las reglas laborales en M\u00e9xico, con Napito, pero en especial, por no cumplir con los acuerdos y contratos colectivos. El estado de Derecho queda reducido a un vulgar papel con tinta que se borra con el menor capricho de un dirigente sindical.<\/p>\n<p>Hoy, esa mina en Sinaloa, con 324 empleados directos y dedicados a la extracci\u00f3n de plata, plomo y zinc, sigue cerrada, pese a que hace un mes se firmaron los acuerdos con <em>Napito<\/em>, ante la secretaria de Econom\u00eda, Tatiana Clouthier. Bueno, la secretaria de Gobernaci\u00f3n, Olga S\u00e1nchez Cordero, quien se reuni\u00f3 con Blasutti, no logr\u00f3 que G\u00f3mez le contestara el tel\u00e9fono.\u00a0 Ese es el tama\u00f1o del ego y la arrogancia de un dirigente sindical canadiense en M\u00e9xico.<\/p>\n<p style=\"text-align: center;\"><strong>PODEROSOS CABALLEROS<\/strong><\/p>\n<p><strong>CINISMO DE MORENA: <\/strong>Por m\u00e1s que busco un \u00e1ngulo positivo del partido en el poder, no lo encuentro. Ahora, menos. Tratan de verle la cara a 120 millones de mexicanos. Ma\u00f1ana mi\u00e9rcoles van a juicio pol\u00edtico contra Mauricio Toledo, del PT, por enriquecimiento il\u00edcito (quien se dice perseguido pol\u00edtico); Sa\u00fal Huerta, de Morena, por violar ni\u00f1os y Uriel Cardona, fiscal en Morelos quien Cuauht\u00e9moc Blanco, gobernador de esa entidad, quiere su puesto para un \u201cfiscal carnal\u201d. \u00bfLlegar\u00e1n amparados todos? Como la ven. Semanas de complicidad. Que poca&#8230; imaginaci\u00f3n. Seguramente, todos tienen mucha cola que les pisen. Pero, debe quedar claro el fondo y trasfondo de los desafueros.<\/p>\n<p><strong>SLP: <\/strong>Una de cada tres habitaciones de hotel que actualmente existen en San Luis Potos\u00ed, entidad gobernada por Juan Manuel Carreras, fueron construidas en su administraci\u00f3n, como parte de una estrategia de impulso a la inversi\u00f3n, con el objetivo de atender las necesidades de hospedaje como un destino tur\u00edstico, pero tambi\u00e9n de negocios. El titular de la dependencia, Arturo Esper Sulaim\u00e1n, refiri\u00f3 que la entidad registra 349 hoteles con 10 mil 700 cuartos de categor\u00eda tur\u00edstica. Es decir, se registr\u00f3 un incremento en el estado del 31.3% en la oferta de habitaciones respecto a la anterior administraci\u00f3n. \u201cAdem\u00e1s estima una inversi\u00f3n de 3 mil 574 millones de pesos, con la construcci\u00f3n de 2 mil 942 cuartos de hotel, lo que tambi\u00e9n gener\u00f3 alrededor de mil 980 empleos.<\/p>\n<p><strong>LA MANO DE ZALD\u00cdVAR: <\/strong>Pese a que el Tribunal Electoral qued\u00f3 ac\u00e9falo, todo hace indicar que va en camino a la soluci\u00f3n, donde el presidente de la Suprema Corte de Justicia, ofreci\u00f3 salidas a esa crisis que ten\u00eda 2 presidentes. Al final de cuentas no ser\u00e1n, ni Jos\u00e9 Luis Vargas, quien fue removido por sus pares en procedimiento \u201cdudoso\u201d, ni el que los dem\u00e1s magistrados eligieron, Reyes Rodr\u00edguez, quien en la tarde renunci\u00f3 a la presidencia, unas horas despu\u00e9s de que se reuni\u00f3 el presidente de la Corte con el magistrado Vargas. Quien llegar\u00e1 por ministerio de ley, como lo ordena el reglamento del Poder Judicial, el magistrado con mayor edad, que es la magistrada Janine Ot\u00e1lora.<\/p>\n<p style=\"text-align: center;\"><strong>RESPONSABILIDAD SOCIAL<\/strong><\/p>\n<p><strong>CORPORATIVA BBVA: <\/strong>Al mando de Eduardo Osuna, BBVA M\u00e9xico busca atraer, incorporar y formar al mejor talento, as\u00ed como desarrollar y ofrecer las mejores soluciones financieras digitales para que los clientes puedan contar con el banco en el momento y lugar que lo requieran. Desde 2018, BBVA M\u00e9xico se destaca como uno de los empleadores m\u00e1s atractivos para los j\u00f3venes dentro de la lista The Most Attractive Employers in Mexico 2021, realizada por Universum. En esa lista aparece por segundo a\u00f1o consecutivo como el banco donde m\u00e1s universitarios y reci\u00e9n egresados de las carreras de negocios buscan trabajar, logrando el tercer lugar s\u00f3lo detr\u00e1s de Google y Amazon.<\/p>\n<p>&nbsp;<\/p>\n<blockquote>\n<p style=\"text-align: right;\"><strong>Esc\u00fachame de lunes a viernes, de 21 a 22 horas,<br \/>\nen \u201cV\u00edctor S\u00e1nchez Ba\u00f1os en MVS\u201d<\/strong><\/p>\n<\/blockquote>\n<p>&nbsp;<\/p>\n<p><a href=\"https:\/\/mvsnoticias.com\/\" target=\"_blank\" rel=\"noopener noreferrer\"><em>MVSnoticias.com<\/em><\/a><br \/>\n<a href=\"http:\/\/poderydinero.mx\" target=\"_blank\" rel=\"noopener noreferrer\"><em>poderydinero.mx<\/em><\/a><em><b><br \/>\n<\/b><a href=\"mailto:vsb@poderydinero.mx\" target=\"_blank\" rel=\"noopener noreferrer\">vsb@poderydinero.mx<\/a><a href=\"mailto:vsanchezb@gmail.com\" target=\"_blank\" rel=\"noopener noreferrer\"><br \/>\n<\/a><strong>Twitter:<\/strong><a href=\"https:\/\/twitter.com\/vsanchezbanos\" target=\"_blank\" rel=\"noopener noreferrer\">@vsanchezbanos<br \/>\n<\/a><strong>Facebook: <\/strong><a href=\"https:\/\/www.facebook.com\/vsanchezbanos?fref=ts\" target=\"_blank\" rel=\"noopener noreferrer\">vsanchezbanos<\/a><\/em><\/p>\n","protected":false},"excerpt":{"rendered":"<p><span style=\"color: #005497;\"><strong>V\u00edctor S\u00e1nchez Ba\u00f1os<\/strong><\/span><\/p>\n","protected":false},"author":3,"featured_media":0,"comment_status":"open","ping_status":"open","sticky":false,"template":"","format":"standard","meta":{"_monsterinsights_skip_tracking":false,"_monsterinsights_sitenote_active":false,"_monsterinsights_sitenote_note":"","_monsterinsights_sitenote_category":0,"footnotes":""},"categories":[38844],"tags":[43674,38847,38848],"class_list":["post-516859","post","type-post","status-publish","format-standard","hentry","category-victor-sanchez-banos","tag-opinion","tag-poder-y-dinero","tag-victor-sanchez-banos"],"_links":{"self":[{"href":"https:\/\/www.diarioimagen.net\/index.php?rest_route=\/wp\/v2\/posts\/516859","targetHints":{"allow":["GET"]}}],"collection":[{"href":"https:\/\/www.diarioimagen.net\/index.php?rest_route=\/wp\/v2\/posts"}],"about":[{"href":"https:\/\/www.diarioimagen.net\/index.php?rest_route=\/wp\/v2\/types\/post"}],"author":[{"embeddable":true,"href":"https:\/\/www.diarioimagen.net\/index.php?rest_route=\/wp\/v2\/users\/3"}],"replies":[{"embeddable":true,"href":"https:\/\/www.diarioimagen.net\/index.php?rest_route=%2Fwp%2Fv2%2Fcomments&post=516859"}],"version-history":[{"count":0,"href":"https:\/\/www.diarioimagen.net\/index.php?rest_route=\/wp\/v2\/posts\/516859\/revisions"}],"wp:attachment":[{"href":"https:\/\/www.diarioimagen.net\/index.php?rest_route=%2Fwp%2Fv2%2Fmedia&parent=516859"}],"wp:term":[{"taxonomy":"category","embeddable":true,"href":"https:\/\/www.diarioimagen.net\/index.php?rest_route=%2Fwp%2Fv2%2Fcategories&post=516859"},{"taxonomy":"post_tag","embeddable":true,"href":"https:\/\/www.diarioimagen.net\/index.php?rest_route=%2Fwp%2Fv2%2Ftags&post=516859"}],"curies":[{"name":"wp","href":"https:\/\/api.w.org\/{rel}","templated":true}]}}