{"id":516866,"date":"2021-08-11T00:00:18","date_gmt":"2021-08-11T05:00:18","guid":{"rendered":"https:\/\/www.diarioimagen.net\/?p=516866"},"modified":"2021-08-11T04:11:38","modified_gmt":"2021-08-11T09:11:38","slug":"en-junio-ingresaron-al-pais-casi-5-millones-de-turistas-internacionales","status":"publish","type":"post","link":"https:\/\/www.diarioimagen.net\/?p=516866","title":{"rendered":"En junio ingresaron al pa\u00eds casi 5 millones de turistas internacionales"},"content":{"rendered":"<h2>Hora 14<\/h2>\n<h5>Mauricio Conde Olivares<\/h5>\n<p>&nbsp;<\/p>\n<p>Ma\u00f1ana se conmemora el D\u00eda Internacional de la Juventud y de acuerdo con el Censo de Poblaci\u00f3n y Vivienda 2020, en M\u00e9xico residen 31 millones de personas de 15 a 29 a\u00f1os, que representan 25% del total de la poblaci\u00f3n en el pa\u00eds.<\/p>\n<p>La Encuesta Nacional de Ocupaci\u00f3n y Empleo (ENOEN) en su primer trimestre de 2021, estima una tasa de desocupaci\u00f3n de 7% en la poblaci\u00f3n joven (15 a 29 a\u00f1os), cuatro puntos porcentuales m\u00e1s alta que la tasa de desocupaci\u00f3n para el conjunto de la poblaci\u00f3n mayor de 29 a\u00f1os (3%). De los 1.2 millones de personas de 15 a 29 a\u00f1os desocupadas, 81% cuentan con experiencia laboral.<\/p>\n<p>El D\u00eda Internacional de la Juventud busca generar conciencia sobre los desaf\u00edos y problemas a los que este grupo de poblaci\u00f3n se enfrenta, siendo en la actualidad el caso de la crisis sanitaria por la Covid-19, que ha impactado en mayor medida a esta poblaci\u00f3n, generando retrocesos en materia de educaci\u00f3n, as\u00ed como en las oportunidades laborales y sociales, durante una etapa crucial en el desarrollo de su vida.<\/p>\n<p>Por grupos de edad, 10.8 millones tienen entre 15 y 19 a\u00f1os, y representan 35% del total; 33% (10 millones) est\u00e1n en el grupo de 20 a 24 a\u00f1os, y 32% (9.9 millones) entre 25 y 29 a\u00f1os.<\/p>\n<p>La distribuci\u00f3n por sexo presenta una ligera proporci\u00f3n m\u00e1s alta de mujeres (51%) que de hombres (49%); en el grupo de edad de 15 a 19, la proporci\u00f3n es similar; en los grupos de 20 a 24 a\u00f1os y 25 a 29 a\u00f1os, las mujeres tienen una proporci\u00f3n mayor.<\/p>\n<p>Se prev\u00e9 que la pandemia tenga impactos significativos en los resultados educativos de la poblaci\u00f3n joven, debido a la interrupci\u00f3n o disminuci\u00f3n del aprendizaje y donde corren el riesgo de experimentar una transici\u00f3n m\u00e1s larga y compleja hacia el empleo y trabajo decente; siendo la poblaci\u00f3n adolescente uno de los grupos m\u00e1s afectados. El Censo de Poblaci\u00f3n y Vivienda 2020 muestra que, del total de la poblaci\u00f3n de 15 a 29 a\u00f1os, 32% asisten a la escuela. Se observa una participaci\u00f3n similar entre mujeres y hombres en este rango de edad.<\/p>\n<p>El nivel de asistencia escolar de la poblaci\u00f3n de 15 a 29 a\u00f1os muestra una mayor proporci\u00f3n de mujeres que asisten a la escuela en el grupo de edad de 15 a 17 a\u00f1os: 74% de las mujeres en este grupo de edad asisten a la escuela, respecto al 70% de los hombres. Tambi\u00e9n en el grupo de 18 a 23 a\u00f1os se registra una mayor participaci\u00f3n de las mujeres con 36% contra 35% de los hombres. En el grupo de mayor edad, el de 24 a 29 a\u00f1os, la situaci\u00f3n se invierte: 8% de los hombres asiste a la escuela, por 7% de las mujeres.<\/p>\n<p>Por otra parte, conforme las cifras preliminares durante junio pasado de la Encuesta de Viajeros Internacionales por parte del INEGI, ingresaron a M\u00e9xico 4 millones 886 mil 357 visitantes, de los cuales 3 millones 121 mil 312 fueron turistas internacionales.<\/p>\n<p>En el mes en cuesti\u00f3n, el ingreso de divisas referente al gasto total de los visitantes internacionales report\u00f3 un monto de 1,977.9 millones de d\u00f3lares, en tanto que para junio de 2020 fue de 237.9 millones. Cabe mencionar que en el mismo mes de 2019 dicho monto fue de 1,976.6 millones de d\u00f3lares.<\/p>\n<p>El gasto medio realizado por los turistas de internaci\u00f3n que ingresaron v\u00eda a\u00e9rea fue de 1,134.06 d\u00f3lares en el sexto mes de 2021 y en igual mes de 2020 fue de 757.83. Por su parte, en junio de 2019 el gasto medio lleg\u00f3 a 912.94 d\u00f3lares.<\/p>\n<p>Las divisas que egresaron del pa\u00eds por concepto de visitantes internacionales cerraron en 477.9 millones de d\u00f3lares, mientras que en junio de 2020 fueron de 101.6 millones y para el mismo mes de 2019 alcanzaron los 738.8 millones de d\u00f3lares.<\/p>\n<p>Respecto a la informaci\u00f3n de junio de 2021 y respetando las disposiciones gubernamentales de cada entidad federativa debido a la emergencia sanitaria originada por COVID-19, se ha mantenido la captaci\u00f3n de entrevistas cara a cara para las Encuestas de Viajeros Internacionales, siempre y cuando el sem\u00e1foro de riesgo epidemiol\u00f3gico emitido por las autoridades lo permita.<\/p>\n<p>La tasa de respuesta de las Encuestas de Viajeros Internacionales para dicho mes registr\u00f3 porcentajes apropiados, lo que permiti\u00f3 la generaci\u00f3n de estad\u00edsticas con niveles altos de calidad.<\/p>\n<p>En el mes en cuesti\u00f3n el n\u00famero de turistas internacionales registr\u00f3 un total de 3 millones 121 mil 312, durante junio de 2020 fue de 1 mill\u00f3n 003 mil 684, mientras que para el mismo mes de 2019 se report\u00f3 un total de 3 millones 901 mil 649 turistas.<\/p>\n<p>En el caso de los turistas de internaci\u00f3n, en el sexto mes del a\u00f1o en curso se present\u00f3 un total de 1 mill\u00f3n 829 mil 164, en junio de 2020 fue de 308 mil 409 y en igual mes de 2019 de 2 millones 163 mil 312 turistas.<\/p>\n<p>Del total de turistas de internaci\u00f3n que ingresaron al pa\u00eds durante junio de este a\u00f1o, 80.1% correspondi\u00f3 a turistas por v\u00eda a\u00e9rea y el restante 19.9% a turistas por v\u00eda terrestre.<\/p>\n<p>Durante junio del presente a\u00f1o, el ingreso de divisas por concepto de turistas internacionales alcanz\u00f3 1,883.7 millones de d\u00f3lares, de los cuales el 94.7% se deriv\u00f3 de los turistas de internaci\u00f3n y el 5.3% de los turistas fronterizos. Con relaci\u00f3n a los primeros, destaca el monto de las divisas reportadas por los turistas que ingresaron por v\u00eda a\u00e9rea con 1,661.8 millones de d\u00f3lares.<\/p>\n<p>El gasto medio realizado por visitante fue de 404.77 d\u00f3lares, mientras que el de los turistas de internaci\u00f3n que ingresaron v\u00eda a\u00e9rea fue de 1,134.06 d\u00f3lares y v\u00eda terrestre de 333.67 d\u00f3lares.<\/p>\n<p>En cuanto a egresos del pa\u00eds en el sexto mes de 2021 se registr\u00f3 un total de 950 mil 953 turistas internacionales, para junio de 2020 de 252 mil 442 y durante el mismo mes de 2019 de 1 mill\u00f3n 437 mil 481 turistas.<\/p>\n<p>Por otra parte, como una respuesta a las necesidades de los pacientes en la nueva normalidad, la unidad de medicinas generales de Sanofi M\u00e9xico, Sanofi General Medicines, desarroll\u00f3 tres herramientas digitales que buscan contribuir al cuidado de su salud al facilitar el contacto con su m\u00e9dico. Gracias a ellas, los pacientes pueden tener bajo control padecimientos como la diabetes, esto al conocer y poder comunicar sus datos de control gluc\u00e9mico, as\u00ed como su reacci\u00f3n al tratamiento indicado que contribuya a su adherencia y mejore resultados.<\/p>\n<p>De acuerdo con el primer Estudio sobre los H\u00e1bitos de los M\u00e9dicos en Internet, presentado por la Asociaci\u00f3n de Internet MX, 44% de los m\u00e9dicos mantiene\/mantuvo consultas virtuales con los pacientes; 90% recibe informaci\u00f3n de medicamentos, y 61% cuenta con expedientes cl\u00ednicos digitalizados, en la nube.<\/p>\n<p>Ante el aumento exponencial en el uso de la telemedicina, debido al impacto del confinamiento y ante la saturaci\u00f3n de centros de salud durante la pandemia, Sanofi puso en marcha tres aplicaciones para facilitar el contacto m\u00e9dico-paciente.<\/p>\n<p>Considerando que tres de cada cuatro mexicanos que viven con diabetes no alcanzan el control gluc\u00e9mico deseado, Sanofi desarroll\u00f3 \u201cMy Dose Coach\u201d, una aplicaci\u00f3n que ayuda a los pacientes a programar y ajustar su dosis diaria de insulina.<\/p>\n<p>Esta aplicaci\u00f3n fue dise\u00f1ada para pacientes adultos que han sido diagnosticados con diabetes tipo 2 y\/o a quienes el m\u00e9dico les haya recetado una dosis diaria de insulina basal de acci\u00f3n prolongada, de esta forma se eleva la adherencia al tratamiento de una manera simple.<\/p>\n<p>Gracias a una alianza entre Sanofi y Abbott, las personas diagnosticadas con diabetes pueden acompa\u00f1ar su tratamiento m\u00e9dico con \u201cFreeStyle LibreLink\u201d, una aplicaci\u00f3n que permite el monitoreo continuo de los niveles de glucosa en la sangre.<\/p>\n<p>De acuerdo con la Federaci\u00f3n Internacional de Diabetes (FDI), 1 de cada 6 adultos tiene tolerancia anormal a la glucosa, por lo que es de suma importancia que las personas mantengan el monitoreo constante de sus valores de az\u00facar en la sangre.<\/p>\n<p>La plataforma \u201cFreeStyle LibreLink\u201d, aporta beneficios adicionales: permite visualizar el tratamiento indicado por el m\u00e9dico y el monitoreo de los niveles de glucosa con indicadores que dan al paciente un diagn\u00f3stico en tiempo real, de tal forma que el m\u00e9dico pueda hacer los ajustes necesarios para lograr el control \u00f3ptimo.<\/p>\n<p>Para agilizar el proceso de consultas, Sanofi lanz\u00f3 \u201cEntregando Salud Pacientes\u201d, una plataforma que incluye una calculadora de carbohidratos, consejos de alimentaci\u00f3n saludable, medici\u00f3n de presi\u00f3n arterial y registro de datos del tratamiento actual, adem\u00e1s de permitir la conexi\u00f3n en tiempo real con el m\u00e9dico tratante mediante chat o videollamada para facilitar la comunicaci\u00f3n.<\/p>\n<p>Sanofi se ha adaptado a la demanda creciente de servicios de telemedicina y desarrollo de aplicaciones digitales que faciliten el seguimiento de los pacientes y su contacto con los m\u00e9dicos. A decir del estudio realizado por la Asociaci\u00f3n de Internet MX, el 73% de los m\u00e9dicos participantes de la encuesta est\u00e1n dispuestos a migrar de un expediente f\u00edsico a uno virtual, por lo que el personal m\u00e9dico seguir\u00eda usando las aplicaciones mencionadas como auxiliares en su labor profesional.<\/p>\n<p>La compa\u00f1\u00eda inform\u00f3 que sigue trabajando para que exista un abanico de opciones para mejorar el diagn\u00f3stico y tratamiento de los pacientes en la seguridad de su casa y sin poner en riesgo su salud; empero, lo anterior ser\u00e1 motivo de posterior an\u00e1lisis en otra entrega de <strong><em>Hora 14<\/em><\/strong>.<\/p>\n<p><em><a href=\"mailto:%20mauricio_conde@msn.com\" target=\"_blank\" rel=\"noopener noreferrer\">mauricioconde59@outlook.com<\/a><\/em><br \/>\n<em><a href=\"https:\/\/twitter.com\/mauconde007\" target=\"_blank\" rel=\"noopener noreferrer\">@mauconde007<\/a> <\/em><br \/>\n<em><a href=\"https:\/\/mauriciocondeblog.wordpress.com\" target=\"_blank\" rel=\"noopener noreferrer\">https:\/\/mauriciocondeblog.wordpress.com<\/a><\/em><\/p>\n","protected":false},"excerpt":{"rendered":"<p><span style=\"color: #005497;\"><strong>Mauricio Conde Olivares<\/strong><\/span><\/p>\n","protected":false},"author":3,"featured_media":0,"comment_status":"open","ping_status":"open","sticky":false,"template":"","format":"standard","meta":{"_monsterinsights_skip_tracking":false,"_monsterinsights_sitenote_active":false,"_monsterinsights_sitenote_note":"","_monsterinsights_sitenote_category":0,"footnotes":""},"categories":[35889],"tags":[43712,43674,44860],"class_list":["post-516866","post","type-post","status-publish","format-standard","hentry","category-mauricio-conde-olivares","tag-mauricio-conde-olivares","tag-opinion","tag-hora-14"],"_links":{"self":[{"href":"https:\/\/www.diarioimagen.net\/index.php?rest_route=\/wp\/v2\/posts\/516866","targetHints":{"allow":["GET"]}}],"collection":[{"href":"https:\/\/www.diarioimagen.net\/index.php?rest_route=\/wp\/v2\/posts"}],"about":[{"href":"https:\/\/www.diarioimagen.net\/index.php?rest_route=\/wp\/v2\/types\/post"}],"author":[{"embeddable":true,"href":"https:\/\/www.diarioimagen.net\/index.php?rest_route=\/wp\/v2\/users\/3"}],"replies":[{"embeddable":true,"href":"https:\/\/www.diarioimagen.net\/index.php?rest_route=%2Fwp%2Fv2%2Fcomments&post=516866"}],"version-history":[{"count":0,"href":"https:\/\/www.diarioimagen.net\/index.php?rest_route=\/wp\/v2\/posts\/516866\/revisions"}],"wp:attachment":[{"href":"https:\/\/www.diarioimagen.net\/index.php?rest_route=%2Fwp%2Fv2%2Fmedia&parent=516866"}],"wp:term":[{"taxonomy":"category","embeddable":true,"href":"https:\/\/www.diarioimagen.net\/index.php?rest_route=%2Fwp%2Fv2%2Fcategories&post=516866"},{"taxonomy":"post_tag","embeddable":true,"href":"https:\/\/www.diarioimagen.net\/index.php?rest_route=%2Fwp%2Fv2%2Ftags&post=516866"}],"curies":[{"name":"wp","href":"https:\/\/api.w.org\/{rel}","templated":true}]}}