{"id":516988,"date":"2021-08-12T00:01:05","date_gmt":"2021-08-12T05:01:05","guid":{"rendered":"https:\/\/www.diarioimagen.net\/?p=516988"},"modified":"2021-08-12T06:23:06","modified_gmt":"2021-08-12T11:23:06","slug":"aprueba-cabildo-de-cuautitlan-licencia-definitiva-del-alcalde-juarez-rodriguez","status":"publish","type":"post","link":"https:\/\/www.diarioimagen.net\/?p=516988","title":{"rendered":"Aprueba cabildo de Cuautitl\u00e1n licencia definitiva del alcalde Ju\u00e1rez Rodr\u00edguez"},"content":{"rendered":"<p>&nbsp;<\/p>\n<ul>\n<li><strong><em>A partir del martes 31 de agosto<\/em><\/strong><\/li>\n<\/ul>\n<p>&nbsp;<\/p>\n<div id=\"attachment_517083\" style=\"width: 470px\" class=\"wp-caption aligncenter\"><a href=\"https:\/\/www.diarioimagen.net\/?attachment_id=517083\" rel=\"attachment wp-att-517083\"><img loading=\"lazy\" decoding=\"async\" aria-describedby=\"caption-attachment-517083\" class=\"size-full wp-image-517083\" src=\"https:\/\/www.diarioimagen.net\/wp-content\/uploads\/2021\/08\/cuau.jpg\" alt=\"\" width=\"460\" height=\"270\" \/><\/a><p id=\"caption-attachment-517083\" class=\"wp-caption-text\">En la sesi\u00f3n de cabildo se aprob\u00f3 la designaci\u00f3n de la Lic. Mar\u00eda Teresa Ru\u00edz P\u00e9rez, como Secretaria del Ayuntamiento de Cuautitl\u00e1n, en sustituci\u00f3n de Cuauht\u00e9moc Mas\u00f3n Orta.<\/p><\/div>\n<p>&nbsp;<\/p>\n<p><strong> Cuautitl\u00e1n, Estado de M\u00e9xico<\/strong>.- Durante la Non\u00e1gesima Sexta Sesi\u00f3n Ordinaria de Cabildo sus integrantes autorizaron otorgar licencia definitiva para separarse del cargo, al presidente municipal de Cuautitl\u00e1n, con el objetivo de dar continuidad a los trabajos de la Administraci\u00f3n P\u00fablica Municipal 2019-2021.<\/p>\n<p>Aprobado por unanimidad los ediles autorizaron separarse del ejercicio de sus funciones como Presidente Municipal Constitucional de Cuautitl\u00e1n Estado de M\u00e9xico, al Lic. Mario Ariel Ju\u00e1rez Rodr\u00edguez a partir del martes 31 de agosto del 2021. Con esta aprobaci\u00f3n da continuidad a los planes y proyectos emprendidos en beneficio de los cuautitlenses.<\/p>\n<p>Con el objetivo de dar seguimiento a estas acciones, los integrantes del cabildo avalaron durante la Nonag\u00e9sima Sesi\u00f3n Ordinaria de cabildo, la aprobaci\u00f3n de la integraci\u00f3n de la terna correspondiente para que la Legislatura del Estado de M\u00e9xico designe al presidente municipal sustituto a propuesta del gobernador de acuerdo a sus atribuciones.<\/p>\n<p>Quien sea designado para el cargo de presidente municipal sustituto del Ayuntamiento de Cuautitl\u00e1n, ser\u00e1 para concluir el periodo constitucional 2019-2021. En este sentido el cuerpo colegiado enviar\u00e1 la terna integrada por: Cuauht\u00e9moc Mas\u00f3n Orta, Elvia Mart\u00ednez Gonz\u00e1lez y Ra\u00fal Maga\u00f1a Soltero, con lo que se espera que durante la presente Legislatura sea nombrado quien lo ocupe.<\/p>\n<p>En el desarrollo de esta sesi\u00f3n de cabildo se aprob\u00f3 la designaci\u00f3n de la Lic. Mar\u00eda Teresa Ru\u00edz P\u00e9rez, como Secretaria del Ayuntamiento de Cuautitl\u00e1n, Estado de M\u00e9xico, en sustituci\u00f3n de Cuauht\u00e9moc Mas\u00f3n Orta.<\/p>\n<p>La Secretaria del Ayuntamiento entrar\u00e1 en funciones a partir del 30 de agosto, con lo que no se ver\u00e1n afectadas las actividades de esta dependencia en la atenci\u00f3n y despacho de asuntos del Ayuntamiento.<\/p>\n","protected":false},"excerpt":{"rendered":"<p>Durante la Non\u00e1gesima Sexta Sesi\u00f3n Ordinaria de Cabildo sus integrantes autorizaron otorgar licencia definitiva para separarse del cargo, al presidente municipal de Cuautitl\u00e1n, con el objetivo de dar continuidad a los trabajos de la Administraci\u00f3n P\u00fablica Municipal 2019-2021.<\/p>\n","protected":false},"author":3,"featured_media":517083,"comment_status":"open","ping_status":"open","sticky":false,"template":"","format":"standard","meta":{"_monsterinsights_skip_tracking":false,"_monsterinsights_sitenote_active":false,"_monsterinsights_sitenote_note":"","_monsterinsights_sitenote_category":0,"footnotes":""},"categories":[5],"tags":[12040,681,43675,3191],"class_list":["post-516988","post","type-post","status-publish","format-standard","has-post-thumbnail","hentry","category-estado-de-mexico","tag-alcalde","tag-cuautitlan","tag-estado-de-mexico","tag-licencia"],"_links":{"self":[{"href":"https:\/\/www.diarioimagen.net\/index.php?rest_route=\/wp\/v2\/posts\/516988","targetHints":{"allow":["GET"]}}],"collection":[{"href":"https:\/\/www.diarioimagen.net\/index.php?rest_route=\/wp\/v2\/posts"}],"about":[{"href":"https:\/\/www.diarioimagen.net\/index.php?rest_route=\/wp\/v2\/types\/post"}],"author":[{"embeddable":true,"href":"https:\/\/www.diarioimagen.net\/index.php?rest_route=\/wp\/v2\/users\/3"}],"replies":[{"embeddable":true,"href":"https:\/\/www.diarioimagen.net\/index.php?rest_route=%2Fwp%2Fv2%2Fcomments&post=516988"}],"version-history":[{"count":0,"href":"https:\/\/www.diarioimagen.net\/index.php?rest_route=\/wp\/v2\/posts\/516988\/revisions"}],"wp:featuredmedia":[{"embeddable":true,"href":"https:\/\/www.diarioimagen.net\/index.php?rest_route=\/wp\/v2\/media\/517083"}],"wp:attachment":[{"href":"https:\/\/www.diarioimagen.net\/index.php?rest_route=%2Fwp%2Fv2%2Fmedia&parent=516988"}],"wp:term":[{"taxonomy":"category","embeddable":true,"href":"https:\/\/www.diarioimagen.net\/index.php?rest_route=%2Fwp%2Fv2%2Fcategories&post=516988"},{"taxonomy":"post_tag","embeddable":true,"href":"https:\/\/www.diarioimagen.net\/index.php?rest_route=%2Fwp%2Fv2%2Ftags&post=516988"}],"curies":[{"name":"wp","href":"https:\/\/api.w.org\/{rel}","templated":true}]}}