{"id":516990,"date":"2021-08-12T00:02:07","date_gmt":"2021-08-12T05:02:07","guid":{"rendered":"https:\/\/www.diarioimagen.net\/?p=516990"},"modified":"2021-08-12T06:24:17","modified_gmt":"2021-08-12T11:24:17","slug":"lanza-huixquilucan-convocatoria-para-tarjeta-necesidades-especiales-2021","status":"publish","type":"post","link":"https:\/\/www.diarioimagen.net\/?p=516990","title":{"rendered":"Lanza Huixquilucan convocatoria para \u201cTarjeta Necesidades Especiales 2021\u201d"},"content":{"rendered":"<p>&nbsp;<\/p>\n<ul>\n<li><strong><em>Apoyo a personas con capacidades diferentes<\/em><\/strong><\/li>\n<\/ul>\n<p>&nbsp;<\/p>\n<div id=\"attachment_517086\" style=\"width: 470px\" class=\"wp-caption aligncenter\"><a href=\"https:\/\/www.diarioimagen.net\/?attachment_id=517086\" rel=\"attachment wp-att-517086\"><img loading=\"lazy\" decoding=\"async\" aria-describedby=\"caption-attachment-517086\" class=\"size-full wp-image-517086\" src=\"https:\/\/www.diarioimagen.net\/wp-content\/uploads\/2021\/08\/huixquilucan-2.jpg\" alt=\"\" width=\"460\" height=\"270\" \/><\/a><p id=\"caption-attachment-517086\" class=\"wp-caption-text\">El DIF emiti\u00f3 la convocatoria para ser beneficiarios de la \u201cTarjeta Necesidades Especiales 2021\u201d, para personas de cero a 59 a\u00f1os, que padezcan una discapacidad visual, auditiva, mental o neuromusculoesquel\u00e9tica.<\/p><\/div>\n<p>&nbsp;<\/p>\n<p><strong>Huixquilucan, Estado de M\u00e9xico<\/strong>.-\u00a0 El Gobierno de Huixquilucan a trav\u00e9s del Sistema Municipal DIF, emiti\u00f3 la convocatoria para ser beneficiarios de la \u201cTarjeta Necesidades Especiales 2021\u201d, la cual va dirigida a personas, de cero a 59 a\u00f1os, que padezcan una discapacidad visual, auditiva, mental o neuromusculoesquel\u00e9tica, y que tiene el fin de apoyar econ\u00f3micamente a este grupo de la poblaci\u00f3n para que puedan cubrir sus necesidades b\u00e1sicas.<\/p>\n<p>Hasta el viernes 13 de agosto, los aspirantes del programa podr\u00e1n acudir a registrarse en las oficinas de la Direcci\u00f3n de Atenci\u00f3n a la Discapacidad del Sistema Municipal DIF de Huixquilucan, ubicadas sobre la carretera Huixquilucan \u2013 San Ram\u00f3n, n\u00famero 66, en la comunidad de San Juan Bautista, en un horario de 09:00 a 15:00 horas.<\/p>\n<p>Para poder inscribirse, los interesados deber\u00e1n vivir en Huixquilucan, llenar el formato \u00fanico de registro, as\u00ed como un estudio socioecon\u00f3mico en las oficinas de la Direcci\u00f3n de Atenci\u00f3n Psicol\u00f3gica del DIF.<\/p>\n<p>Adem\u00e1s, deber\u00e1n presentar una Constancia de Discapacidad, emitida por el DIF Huixquilucan; la Clave \u00danica de Registro de Poblaci\u00f3n (CURP), una identificaci\u00f3n oficial con fotograf\u00eda vigente, as\u00ed como un comprobante de domicilio actual (luz, agua, predial o tel\u00e9fono) no mayor a tres meses.<\/p>\n<p>El gobierno municipal inform\u00f3 que, si el interesado requiere ser auxiliado por un familiar directo o tutor, \u00e9ste deber\u00e1 presentar la documentaci\u00f3n completa, as\u00ed como la constancia de discapacidad del postulante.<\/p>\n<p>Debido a que el pa\u00eds se mantiene en una emergencia sanitaria por la covid-19, se exhorta a los interesados acudir a las instalaciones con cubrebocas obligatorio, mantener la sana distancia de un metro y medio, as\u00ed como no asistir enfermos o acompa\u00f1ados por ni\u00f1os.<\/p>\n<p>Los resultados de la convocatoria se dar\u00e1n a conocer el mi\u00e9rcoles 18 de agosto, una vez que se haya realizado un proceso de an\u00e1lisis de la informaci\u00f3n presentada por cada interesado y se haya acreditado el cumplimiento de los requisitos solicitados, y los seleccionados ser\u00e1n notificados mediante correo electr\u00f3nico, v\u00eda telef\u00f3nica y a trav\u00e9s de la p\u00e1gina https:\/\/difhuixquilucan.gob.mx\/.<\/p>\n","protected":false},"excerpt":{"rendered":"<p>El Gobierno de Huixquilucan a trav\u00e9s del Sistema Municipal DIF, emiti\u00f3 la convocatoria para ser beneficiarios de la \u201cTarjeta Necesidades Especiales 2021\u201d, la cual va dirigida a personas, de cero a 59 a\u00f1os, que padezcan una discapacidad visual, auditiva, mental o neuromusculoesquel\u00e9tica, y que tiene el fin de apoyar econ\u00f3micamente a este grupo de la poblaci\u00f3n para que puedan cubrir sus necesidades b\u00e1sicas.<\/p>\n","protected":false},"author":3,"featured_media":517086,"comment_status":"open","ping_status":"open","sticky":false,"template":"","format":"standard","meta":{"_monsterinsights_skip_tracking":false,"_monsterinsights_sitenote_active":false,"_monsterinsights_sitenote_note":"","_monsterinsights_sitenote_category":0,"footnotes":""},"categories":[5],"tags":[51106,43675,1097],"class_list":["post-516990","post","type-post","status-publish","format-standard","has-post-thumbnail","hentry","category-estado-de-mexico","tag-convocatoria","tag-estado-de-mexico","tag-huixquilucan"],"_links":{"self":[{"href":"https:\/\/www.diarioimagen.net\/index.php?rest_route=\/wp\/v2\/posts\/516990","targetHints":{"allow":["GET"]}}],"collection":[{"href":"https:\/\/www.diarioimagen.net\/index.php?rest_route=\/wp\/v2\/posts"}],"about":[{"href":"https:\/\/www.diarioimagen.net\/index.php?rest_route=\/wp\/v2\/types\/post"}],"author":[{"embeddable":true,"href":"https:\/\/www.diarioimagen.net\/index.php?rest_route=\/wp\/v2\/users\/3"}],"replies":[{"embeddable":true,"href":"https:\/\/www.diarioimagen.net\/index.php?rest_route=%2Fwp%2Fv2%2Fcomments&post=516990"}],"version-history":[{"count":0,"href":"https:\/\/www.diarioimagen.net\/index.php?rest_route=\/wp\/v2\/posts\/516990\/revisions"}],"wp:featuredmedia":[{"embeddable":true,"href":"https:\/\/www.diarioimagen.net\/index.php?rest_route=\/wp\/v2\/media\/517086"}],"wp:attachment":[{"href":"https:\/\/www.diarioimagen.net\/index.php?rest_route=%2Fwp%2Fv2%2Fmedia&parent=516990"}],"wp:term":[{"taxonomy":"category","embeddable":true,"href":"https:\/\/www.diarioimagen.net\/index.php?rest_route=%2Fwp%2Fv2%2Fcategories&post=516990"},{"taxonomy":"post_tag","embeddable":true,"href":"https:\/\/www.diarioimagen.net\/index.php?rest_route=%2Fwp%2Fv2%2Ftags&post=516990"}],"curies":[{"name":"wp","href":"https:\/\/api.w.org\/{rel}","templated":true}]}}