{"id":517103,"date":"2021-08-13T00:05:15","date_gmt":"2021-08-13T05:05:15","guid":{"rendered":"https:\/\/www.diarioimagen.net\/?p=517103"},"modified":"2021-08-16T01:29:47","modified_gmt":"2021-08-16T06:29:47","slug":"colaboracion-entre-uaem-y-grupo-santander-de-mexico-fortalecera-infraestructura-educativa-universitaria","status":"publish","type":"post","link":"https:\/\/www.diarioimagen.net\/?p=517103","title":{"rendered":"Colaboraci\u00f3n entre UAEM y Grupo Santander de M\u00e9xico fortalecer\u00e1 infraestructura educativa universitaria"},"content":{"rendered":"<p><em>\u00a0<\/em><\/p>\n<ul>\n<li><strong><em>El rector Carlos Eduardo Barrera D\u00edaz y el director ejecutivo de Santander Universidades, Arturo Cherbowski Lask, signaron un convenio de colaboraci\u00f3n que permitir\u00e1 fortalecer la infraestructura de la Escuela de Artes Esc\u00e9nicas<\/em><\/strong><\/li>\n<\/ul>\n<p>&nbsp;<\/p>\n<div id=\"attachment_517177\" style=\"width: 470px\" class=\"wp-caption aligncenter\"><a href=\"https:\/\/www.diarioimagen.net\/?attachment_id=517177\" rel=\"attachment wp-att-517177\"><img loading=\"lazy\" decoding=\"async\" aria-describedby=\"caption-attachment-517177\" class=\"size-full wp-image-517177\" src=\"https:\/\/www.diarioimagen.net\/wp-content\/uploads\/2021\/08\/uaem-6.jpg\" alt=\"\" width=\"460\" height=\"270\" \/><\/a><p id=\"caption-attachment-517177\" class=\"wp-caption-text\">El rector de la UAEM, Carlos Eduardo Barrera D\u00edaz refiri\u00f3 que el convenio permitir\u00e1 la formaci\u00f3n de capital humano de alta calidad<\/p><\/div>\n<p>&nbsp;<\/p>\n<p><strong>Toluca, Estado de M\u00e9xico.-<\/strong> La Universidad Aut\u00f3noma del Estado de M\u00e9xico (UAEM) y Grupo Santander de M\u00e9xico firmaron un convenio de colaboraci\u00f3n y contrato de donaci\u00f3n para fortalecer la infraestructura de la Escuela de Artes Esc\u00e9nicas y elevar la calidad educativa a favor de la comunidad estudiantil de la m\u00e1xima casa de estudios de la entidad.<\/p>\n<p>Ante el director ejecutivo de Santander Universidades y director general de Universia M\u00e9xico, Arturo Cherbowski Lask, el rector Carlos Eduardo Barrera D\u00edaz asegur\u00f3 que la firma de este convenio es producto de la confianza universitaria enmarcada en una pol\u00edtica de di\u00e1logo, colaboraci\u00f3n e inclusi\u00f3n con todos los sectores del pa\u00eds interesados en fortalecer la educaci\u00f3n superior.<\/p>\n<p>En la Sala de Rectores, detall\u00f3 que la donaci\u00f3n de esta instituci\u00f3n financiera asciende a 18 millones de pesos, los cuales se destinar\u00e1n al edificio B de la Escuela de Artes Esc\u00e9nicas, para apoyar en la formaci\u00f3n de estudiantes de la Licenciatura en Danza.<\/p>\n<p>\u201cLos recursos ser\u00e1n aplicados con los m\u00e1s elevados est\u00e1ndares de transparencia. Las obras implicadas en la construcci\u00f3n de este edificio acad\u00e9mico ser\u00e1n licitadas p\u00fablicamente, lo cual permitir\u00e1 conseguir mejores precios y condiciones para obtener el m\u00e1ximo rendimiento de esta donaci\u00f3n\u201d.<\/p>\n<p>Asimismo, el rector Barrera D\u00edaz refiri\u00f3 que el convenio permitir\u00e1 la formaci\u00f3n de capital humano de alta calidad, as\u00ed como en la producci\u00f3n de conocimientos cient\u00edficos y tecnol\u00f3gicos a favor de todos los sectores de la sociedad.<\/p>\n<p>En su oportunidad, el director ejecutivo de Santander Universidades, Arturo Cherbowski Lask, asegur\u00f3 que la firma de este convenio es la continuaci\u00f3n de muchos a\u00f1os de colaboraci\u00f3n entre ambas instituciones.<\/p>\n<p>\u201cEstoy seguro que los programas de becas que pondremos a disposici\u00f3n de la comunidad universitaria de la UAEM ser\u00e1n valiosos para su desarrollo profesional y personal. Con el donativo que estamos destinando para la construcci\u00f3n del edificio de la licenciatura en Danza, reafirmamos nuestro compromiso por impulsar y apoyar la formaci\u00f3n universitaria en el \u00e1mbito de las bellas artes en nuestro pa\u00eds\u201d.<\/p>\n<p>A este evento, acudieron el director ejecutivo de Banca de Empresas e Instituciones, Enrique Victorica S\u00e1nchez, el director ejecutivo de N\u00f3mina y Estrategias de Negocios de Santander, Juan Pablo Guti\u00e9rrez Broussaingaray, as\u00ed como la secretaria de Administraci\u00f3n de esta casa de estudios, Er\u00e9ndira Fierro Moreno.<\/p>\n","protected":false},"excerpt":{"rendered":"<p>La Universidad Aut\u00f3noma del Estado de M\u00e9xico (UAEM) y Grupo Santander de M\u00e9xico firmaron un convenio de colaboraci\u00f3n y contrato de donaci\u00f3n para fortalecer la infraestructura de la Escuela de Artes Esc\u00e9nicas y elevar la calidad educativa a favor de la comunidad estudiantil de la m\u00e1xima casa de estudios de la entidad.<\/p>\n","protected":false},"author":3,"featured_media":517177,"comment_status":"open","ping_status":"open","sticky":false,"template":"","format":"standard","meta":{"_monsterinsights_skip_tracking":false,"_monsterinsights_sitenote_active":false,"_monsterinsights_sitenote_note":"","_monsterinsights_sitenote_category":0,"footnotes":""},"categories":[5],"tags":[43675,452,1490],"class_list":["post-517103","post","type-post","status-publish","format-standard","has-post-thumbnail","hentry","category-estado-de-mexico","tag-estado-de-mexico","tag-toluca","tag-universidad-autonoma-del-estado-de-mexico"],"_links":{"self":[{"href":"https:\/\/www.diarioimagen.net\/index.php?rest_route=\/wp\/v2\/posts\/517103","targetHints":{"allow":["GET"]}}],"collection":[{"href":"https:\/\/www.diarioimagen.net\/index.php?rest_route=\/wp\/v2\/posts"}],"about":[{"href":"https:\/\/www.diarioimagen.net\/index.php?rest_route=\/wp\/v2\/types\/post"}],"author":[{"embeddable":true,"href":"https:\/\/www.diarioimagen.net\/index.php?rest_route=\/wp\/v2\/users\/3"}],"replies":[{"embeddable":true,"href":"https:\/\/www.diarioimagen.net\/index.php?rest_route=%2Fwp%2Fv2%2Fcomments&post=517103"}],"version-history":[{"count":0,"href":"https:\/\/www.diarioimagen.net\/index.php?rest_route=\/wp\/v2\/posts\/517103\/revisions"}],"wp:featuredmedia":[{"embeddable":true,"href":"https:\/\/www.diarioimagen.net\/index.php?rest_route=\/wp\/v2\/media\/517177"}],"wp:attachment":[{"href":"https:\/\/www.diarioimagen.net\/index.php?rest_route=%2Fwp%2Fv2%2Fmedia&parent=517103"}],"wp:term":[{"taxonomy":"category","embeddable":true,"href":"https:\/\/www.diarioimagen.net\/index.php?rest_route=%2Fwp%2Fv2%2Fcategories&post=517103"},{"taxonomy":"post_tag","embeddable":true,"href":"https:\/\/www.diarioimagen.net\/index.php?rest_route=%2Fwp%2Fv2%2Ftags&post=517103"}],"curies":[{"name":"wp","href":"https:\/\/api.w.org\/{rel}","templated":true}]}}