{"id":517109,"date":"2021-08-13T00:01:41","date_gmt":"2021-08-13T05:01:41","guid":{"rendered":"https:\/\/www.diarioimagen.net\/?p=517109"},"modified":"2021-08-13T06:23:28","modified_gmt":"2021-08-13T11:23:28","slug":"el-edil-armando-navarrete-lopez-fortalece-derechos-e-identidad-de-pueblos-originarios","status":"publish","type":"post","link":"https:\/\/www.diarioimagen.net\/?p=517109","title":{"rendered":"El edil Armando Navarrete L\u00f3pez fortalece derechos e identidad de pueblos originarios"},"content":{"rendered":"<p>&nbsp;<\/p>\n<ul>\n<li><strong><em>Pol\u00edticas p\u00fablicas incluyentes en Nicol\u00e1s Romero<\/em><\/strong><\/li>\n<\/ul>\n<p>&nbsp;<\/p>\n<div id=\"attachment_517198\" style=\"width: 470px\" class=\"wp-caption aligncenter\"><a href=\"https:\/\/www.diarioimagen.net\/?attachment_id=517198\" rel=\"attachment wp-att-517198\"><img loading=\"lazy\" decoding=\"async\" aria-describedby=\"caption-attachment-517198\" class=\"size-full wp-image-517198\" src=\"https:\/\/www.diarioimagen.net\/wp-content\/uploads\/2021\/08\/nicolas-4.jpg\" alt=\"\" width=\"460\" height=\"270\" \/><\/a><p id=\"caption-attachment-517198\" class=\"wp-caption-text\">Se trabaja cotidianamente de la mano con la poblaci\u00f3n ind\u00edgena, a trav\u00e9s de una estrecha labor de vinculaci\u00f3n con \u00e9sta, como en el caso de la de San Francisco Mag\u00fa.<\/p><\/div>\n<p>&nbsp;<\/p>\n<p><strong>Nicol\u00e1s Romero, Estado de M\u00e9xico<\/strong>.- Para el gobierno del alcalde Armando Navarrete L\u00f3pez, proteger los derechos de los pueblos originarios es un compromiso fundamental de actual administraci\u00f3n y de la Cuarta Transformaci\u00f3n, por medio de pol\u00edticas p\u00fablicas transversales e incluyentes, que los reconocen como parte esencial de la historia e identidad del municipio.<\/p>\n<p>Es por ello, que en este trienio se cre\u00f3 la Coordinaci\u00f3n de Asuntos Ind\u00edgenas, instancia que nunca antes hab\u00eda existido en la historia de Nicol\u00e1s Romero y que mantiene un acercamiento permanente con las comunidades originarias de la demarcaci\u00f3n, para contribuir a fortalecer su identidad, promover su autonom\u00eda, as\u00ed como el pleno respeto a sus usos y costumbres.\u00a0 Al respecto, Sandra Mendoza Hern\u00e1ndez, titular de dicho organismo se\u00f1al\u00f3 que se trabaja cotidianamente de la mano con la poblaci\u00f3n ind\u00edgena, a trav\u00e9s de una estrecha labor de vinculaci\u00f3n con \u00e9sta, como en el caso de la de San Francisco Mag\u00fa, que es la que cuenta con una mayor cantidad de gente de origen ind\u00edgena (cerca de 19 mil personas).<\/p>\n<p>En el marco de la conmemoraci\u00f3n del D\u00eda Internacional de los Pueblos Ind\u00edgenas y de los 500 a\u00f1os de resistencia de los pueblos originarios \u2013se recuerda la ca\u00edda de Tenochtitlan, ante los conquistadores espa\u00f1oles, el 13 de agosto de 1521 y la lucha que \u00e9stos han llevado a cabo a largo de los siglos, por su dignidad y acceso a una mejor calidad de vida-, Mendoza Hern\u00e1ndez, destac\u00f3 la realizaci\u00f3n del libro \u201cVoces de San Francisco Mag\u00fa, hacia la revitalizaci\u00f3n de la lengua y cultura otom\u00ed,\u201d en el que se plasman por voz de los propios vecinos de ese lugar, las tradiciones hist\u00f3ricas de dicha comunidad.<\/p>\n<p>Revel\u00f3 que se elabor\u00f3 tambi\u00e9n un cuadernillo biling\u00fce \u2013tanto en espa\u00f1ol como en otom\u00ed-, que se ha distribuido en centros educativos de Mag\u00fa y que permite que las nuevas generaciones conozcan la lengua de sus antepasados, manteni\u00e9ndola viva, contrarrestando as\u00ed la tendencia a su desaparici\u00f3n.<\/p>\n<p>Sandra Mendoza, aclar\u00f3 que la Coordinaci\u00f3n de Asuntos Ind\u00edgenas se vincula con los pueblos originarios, como el de San Francisco Mag\u00fa, a trav\u00e9s del di\u00e1logo abierto y el consenso, por lo que para las acciones que se efect\u00faan conjuntamente con ellos, se solicita previamente su autorizaci\u00f3n.<\/p>\n<p>Adem\u00e1s, record\u00f3 la importancia que tiene que el alcalde Armando Navarrete, haya tomado la iniciativa para que Mag\u00fa alcanzara el reconocimiento en sus usos y costumbres y como pueblo originario otom\u00ed, lo que fue decretado en el primer a\u00f1o de la gesti\u00f3n del edil nicol\u00e1sromerense<\/p>\n<p>Cabe recordar, que el\u00a023 de diciembre\u00a0de\u00a01994, la\u00a0Asamblea General de la Organizaci\u00f3n de las Naciones Unidas\u00a0 (ONU), decidi\u00f3 que durante el Decenio Internacional de las Poblaciones ind\u00edgenas del Mundo, se celebre cada a\u00f1o el D\u00eda Internacional de las Poblaciones ind\u00edgenas el\u00a09 de agosto, lo que se plasm\u00f3 en la\u00a0resoluci\u00f3n 49\/214.<\/p>\n","protected":false},"excerpt":{"rendered":"<p>Para el gobierno del alcalde Armando Navarrete L\u00f3pez, proteger los derechos de los pueblos originarios es un compromiso fundamental de actual administraci\u00f3n y de la Cuarta Transformaci\u00f3n, por medio de pol\u00edticas p\u00fablicas transversales e incluyentes, que los reconocen como parte esencial de la historia e identidad del municipio.<\/p>\n","protected":false},"author":3,"featured_media":517198,"comment_status":"open","ping_status":"open","sticky":false,"template":"","format":"standard","meta":{"_monsterinsights_skip_tracking":false,"_monsterinsights_sitenote_active":false,"_monsterinsights_sitenote_note":"","_monsterinsights_sitenote_category":0,"footnotes":""},"categories":[5],"tags":[81431,43675,752],"class_list":["post-517109","post","type-post","status-publish","format-standard","has-post-thumbnail","hentry","category-estado-de-mexico","tag-armando-navarrete-lopez","tag-estado-de-mexico","tag-nicolas-romero"],"_links":{"self":[{"href":"https:\/\/www.diarioimagen.net\/index.php?rest_route=\/wp\/v2\/posts\/517109","targetHints":{"allow":["GET"]}}],"collection":[{"href":"https:\/\/www.diarioimagen.net\/index.php?rest_route=\/wp\/v2\/posts"}],"about":[{"href":"https:\/\/www.diarioimagen.net\/index.php?rest_route=\/wp\/v2\/types\/post"}],"author":[{"embeddable":true,"href":"https:\/\/www.diarioimagen.net\/index.php?rest_route=\/wp\/v2\/users\/3"}],"replies":[{"embeddable":true,"href":"https:\/\/www.diarioimagen.net\/index.php?rest_route=%2Fwp%2Fv2%2Fcomments&post=517109"}],"version-history":[{"count":0,"href":"https:\/\/www.diarioimagen.net\/index.php?rest_route=\/wp\/v2\/posts\/517109\/revisions"}],"wp:featuredmedia":[{"embeddable":true,"href":"https:\/\/www.diarioimagen.net\/index.php?rest_route=\/wp\/v2\/media\/517198"}],"wp:attachment":[{"href":"https:\/\/www.diarioimagen.net\/index.php?rest_route=%2Fwp%2Fv2%2Fmedia&parent=517109"}],"wp:term":[{"taxonomy":"category","embeddable":true,"href":"https:\/\/www.diarioimagen.net\/index.php?rest_route=%2Fwp%2Fv2%2Fcategories&post=517109"},{"taxonomy":"post_tag","embeddable":true,"href":"https:\/\/www.diarioimagen.net\/index.php?rest_route=%2Fwp%2Fv2%2Ftags&post=517109"}],"curies":[{"name":"wp","href":"https:\/\/api.w.org\/{rel}","templated":true}]}}