{"id":517116,"date":"2021-08-13T00:04:12","date_gmt":"2021-08-13T05:04:12","guid":{"rendered":"https:\/\/www.diarioimagen.net\/?p=517116"},"modified":"2021-08-13T06:29:50","modified_gmt":"2021-08-13T11:29:50","slug":"inicio-en-tlalnepantla-vacunacion-contra-covid-para-personas-de-18-a-29-anos","status":"publish","type":"post","link":"https:\/\/www.diarioimagen.net\/?p=517116","title":{"rendered":"Inici\u00f3 en Tlalnepantla vacunaci\u00f3n contra Covid para personas de 18 a 29 a\u00f1os"},"content":{"rendered":"<p>&nbsp;<\/p>\n<p><a href=\"https:\/\/www.diarioimagen.net\/?attachment_id=517207\" rel=\"attachment wp-att-517207\"><img loading=\"lazy\" decoding=\"async\" class=\"aligncenter size-full wp-image-517207\" src=\"https:\/\/www.diarioimagen.net\/wp-content\/uploads\/2021\/08\/tlalnepantla-5.jpg\" alt=\"\" width=\"460\" height=\"270\" \/><\/a><\/p>\n<p>&nbsp;<\/p>\n<p><strong>Tlalnepantla, Estado de M\u00e9xico<\/strong><strong>.- <\/strong>Arranc\u00f3 la vacunaci\u00f3n contra Covid-19 a personas de 18 a 29 a\u00f1os residentes de Nuestra Ciudad en el Teatro Algarab\u00eda, Parque Hidalgo, Deportivo Santa Cecilia y en el estacionamiento de la tienda Costco, donde la vacuna se aplica a las personas dentro de sus veh\u00edculos.<\/p>\n<p>Recuerda llevar CURP, credencial de elector, comprobante de domicilio en Tlalnepantla, cubrebocas, formato de registro impreso y bol\u00edgrafo azul.<\/p>\n","protected":false},"excerpt":{"rendered":"<p>Arranc\u00f3 la vacunaci\u00f3n contra Covid-19 a personas de 18 a 29 a\u00f1os residentes de Nuestra Ciudad en el Teatro Algarab\u00eda, Parque Hidalgo, Deportivo Santa Cecilia y en el estacionamiento de la tienda Costco, donde la vacuna se aplica a las personas dentro de sus veh\u00edculos.<\/p>\n","protected":false},"author":3,"featured_media":517207,"comment_status":"open","ping_status":"open","sticky":false,"template":"","format":"standard","meta":{"_monsterinsights_skip_tracking":false,"_monsterinsights_sitenote_active":false,"_monsterinsights_sitenote_note":"","_monsterinsights_sitenote_category":0,"footnotes":""},"categories":[5],"tags":[91906,43675,169],"class_list":["post-517116","post","type-post","status-publish","format-standard","has-post-thumbnail","hentry","category-estado-de-mexico","tag-covid","tag-estado-de-mexico","tag-tlalnepantla"],"_links":{"self":[{"href":"https:\/\/www.diarioimagen.net\/index.php?rest_route=\/wp\/v2\/posts\/517116","targetHints":{"allow":["GET"]}}],"collection":[{"href":"https:\/\/www.diarioimagen.net\/index.php?rest_route=\/wp\/v2\/posts"}],"about":[{"href":"https:\/\/www.diarioimagen.net\/index.php?rest_route=\/wp\/v2\/types\/post"}],"author":[{"embeddable":true,"href":"https:\/\/www.diarioimagen.net\/index.php?rest_route=\/wp\/v2\/users\/3"}],"replies":[{"embeddable":true,"href":"https:\/\/www.diarioimagen.net\/index.php?rest_route=%2Fwp%2Fv2%2Fcomments&post=517116"}],"version-history":[{"count":0,"href":"https:\/\/www.diarioimagen.net\/index.php?rest_route=\/wp\/v2\/posts\/517116\/revisions"}],"wp:featuredmedia":[{"embeddable":true,"href":"https:\/\/www.diarioimagen.net\/index.php?rest_route=\/wp\/v2\/media\/517207"}],"wp:attachment":[{"href":"https:\/\/www.diarioimagen.net\/index.php?rest_route=%2Fwp%2Fv2%2Fmedia&parent=517116"}],"wp:term":[{"taxonomy":"category","embeddable":true,"href":"https:\/\/www.diarioimagen.net\/index.php?rest_route=%2Fwp%2Fv2%2Fcategories&post=517116"},{"taxonomy":"post_tag","embeddable":true,"href":"https:\/\/www.diarioimagen.net\/index.php?rest_route=%2Fwp%2Fv2%2Ftags&post=517116"}],"curies":[{"name":"wp","href":"https:\/\/api.w.org\/{rel}","templated":true}]}}