{"id":517138,"date":"2021-08-13T00:01:12","date_gmt":"2021-08-13T05:01:12","guid":{"rendered":"https:\/\/www.diarioimagen.net\/?p=517138"},"modified":"2021-08-13T07:34:52","modified_gmt":"2021-08-13T12:34:52","slug":"la-periodista-azucena-uresti-en-peligro-por-amenazas-del-cjng","status":"publish","type":"post","link":"https:\/\/www.diarioimagen.net\/?p=517138","title":{"rendered":"La periodista Azucena Uresti, en peligro por amenazas del CJNG"},"content":{"rendered":"<p>&nbsp;<\/p>\n<h3 style=\"text-align: center;\">Ya hay antecedentes de ataques a personajes p\u00fablicos<\/h3>\n<p>&nbsp;<\/p>\n<ul>\n<li><strong><em>Intimidada por cobertura informativa en zonas en disputa por el crimen organizado<\/em><\/strong><\/li>\n<\/ul>\n<p>&nbsp;<\/p>\n<div id=\"attachment_517219\" style=\"width: 470px\" class=\"wp-caption aligncenter\"><a href=\"https:\/\/www.diarioimagen.net\/?attachment_id=517219\" rel=\"attachment wp-att-517219\"><img loading=\"lazy\" decoding=\"async\" aria-describedby=\"caption-attachment-517219\" class=\"size-full wp-image-517219\" src=\"https:\/\/www.diarioimagen.net\/wp-content\/uploads\/2021\/08\/AZUCENA01.jpg\" alt=\"\" width=\"460\" height=\"270\" \/><\/a><p id=\"caption-attachment-517219\" class=\"wp-caption-text\">La periodista Azucena Uresti agradeci\u00f3 el apoyo de colegas y autoridades, tras las amenazas del CJNG.<\/p><\/div>\n<p>&nbsp;<\/p>\n<p>La vida de la periodista Azucena Uresti est\u00e1 en riesgo desde que recibi\u00f3 una amenaza de muerte por parte del C\u00e1rtel Jalisco Nueva Generaci\u00f3n (CJNG), liderado por Nemesio Rub\u00e9n Oseguera Cervantes, conocido como El Mencho, esto, mediante un video publicado en redes sociales, es decir, por primera vez, una organizaci\u00f3n criminal se atrevi\u00f3 a amenazar a periodistas y medios informativos.<\/p>\n<p>En este marco, y una vez que la periodista regiomontana agradeci\u00f3 el apoyo de colegas, autoridades y seguidores tras las amenazas de un grupo delictivo, declar\u00f3 que continuar\u00e1 ejerciendo su profesi\u00f3n period\u00edstica y realizar\u00e1 su trabajo como lo ha hecho siempre, \u201cAgradecer a compa\u00f1eros, amigos, colegas y a ustedes (el p\u00fablico) por su solidaridad, cari\u00f1o y apoyo. Gracias tambi\u00e9n a las autoridades por su inmediata respuesta.<\/p>\n<p>\u201cSeguiremos, sin riesgos, con hechos precisos, seguiremos haciendo nuestro trabajo como hasta ahora\u201d, precis\u00f3 la comunicadora. No obstante, hay que recalcar que la organizaci\u00f3n criminal que lanz\u00f3 el ultim\u00e1tum en contra de la periodista, es quiz\u00e1 la m\u00e1s poderosa en M\u00e9xico, y ya cuenta con el antecedente de haber atentado en contra la vida del jefe de la polic\u00eda de la Ciudad de M\u00e9xico, Omar Garc\u00eda Harfuch, durante una balacera registrada hace meses en la capital mexicana, lo que muestra su grado de peligrosidad.<\/p>\n<p>Por su parte, el presidente Andr\u00e9s Manuel L\u00f3pez Obrador dijo en una de sus conferencias ma\u00f1aneras que ya se hab\u00eda contactado a la periodista para solidarizarse con ella, pero no se le escuch\u00f3 manifestarse en contra de la organizaci\u00f3n criminal que emiti\u00f3 las amenazas, mientras que, la jefa de Gobierno de la Ciudad de M\u00e9xico, Claudia Sheinbaum, no s\u00f3lo se solidariz\u00f3 con ella, sino que tambi\u00e9n ofreci\u00f3 protecci\u00f3n \u201cToda nuestra solidaridad para Azucena como a cualquier periodista que tenga alguna amenaza, (los periodistas) tienen que tener toda la protecci\u00f3n del Estado que requieran, entonces ah\u00ed ofrecemos la protecci\u00f3n de la Ciudad; s\u00e9 que el gobierno federal est\u00e1 ofreciendo todo el apoyo que requiera, as\u00ed que nuestra mayor solidaridad con Azucena y un saludo desde aqu\u00ed\u201d, detall\u00f3.<\/p>\n<p>A esta denuncia se unieron muchos compa\u00f1eros del gremio period\u00edstico, quienes exigen a las autoridades que hagan su trabajo y eviten que se coarte la libertad de expresi\u00f3n, de esta y de cualquier otra manera, asimismo, se pide la protecci\u00f3n para Uresti, quien hasta ahora se ha limitado a declarar que continuar\u00e1 con su trabajo si temor.<\/p>\n<p style=\"text-align: center;\"><strong>Periodistas muertos desde 2001 a la fecha <\/strong><\/p>\n<p>Jorge Fern\u00e1ndez Men\u00e9ndez, especialista en temas de seguridad, por su parte, coment\u00f3: \u201cTodos los periodistas que hemos trabajado temas de seguridad a lo largo de los a\u00f1os hemos recibido, en uno u otro momento, alg\u00fan tipo de amenaza, pero estas casi siempre hab\u00edan sido privadas. Los que trabajamos en la Ciudad de M\u00e9xico y en medios nacionales contamos, adem\u00e1s, con espacios de protecci\u00f3n mucho mayores que los colegas que lo hacen en los estados y en el \u00e1mbito local, lo que los deja mucho m\u00e1s expuestos: el dato cierto, duro, es que unos 45 periodistas, todos de medios locales, han sido asesinados en lo que va del sexenio y pr\u00e1cticamente ninguno de esos casos ha sido resuelto\u201d.<\/p>\n<p>De acuerdo con la edici\u00f3n 2021 de la Clasificaci\u00f3n Mundial de la Libertad de Prensa, de la organizaci\u00f3n Reporteros Sin Fronteras (RSF), M\u00e9xico se encuentra en la posici\u00f3n n\u00famero 143, de un total de 180 pa\u00edses en este listado, en cuanto a libertad de prensa.<\/p>\n<p>Asimismo, el estudio revela que entre el 2001 y el 2021 m\u00e1s de 130 periodistas han sido asesinados, v\u00edctimas del crimen organizado y la mayor\u00eda de estos cr\u00edmenes han quedado impunes.<\/p>\n<p>\u201c(M\u00e9xico), uno de los pa\u00edses m\u00e1s peligrosos del mundo. La vida de los periodistas de investigaci\u00f3n es dura en este pa\u00eds, corro\u00eddo por la corrupci\u00f3n y bajo la influencia de c\u00e1rteles y narcotraficantes. Los asesinatos, los exilios y la autocensura se han convertido en la regla\u201d, se\u00f1ala RSF.<\/p>\n","protected":false},"excerpt":{"rendered":"<p>La vida de la periodista Azucena Uresti est\u00e1 en riesgo desde que recibi\u00f3 una amenaza de muerte por parte del C\u00e1rtel Jalisco Nueva Generaci\u00f3n (CJNG), liderado por Nemesio Rub\u00e9n Oseguera Cervantes, conocido como El Mencho, esto, mediante un video publicado en redes sociales, es decir, por primera vez, una organizaci\u00f3n criminal se atrevi\u00f3 a amenazar a periodistas y medios informativos.\u00a0<\/p>\n","protected":false},"author":3,"featured_media":517219,"comment_status":"open","ping_status":"open","sticky":false,"template":"","format":"standard","meta":{"_monsterinsights_skip_tracking":false,"_monsterinsights_sitenote_active":false,"_monsterinsights_sitenote_note":"","_monsterinsights_sitenote_category":0,"footnotes":""},"categories":[3],"tags":[93481,74158,4874,43677],"class_list":["post-517138","post","type-post","status-publish","format-standard","has-post-thumbnail","hentry","category-nacional","tag-azucena-uresti","tag-cjng","tag-ncional","tag-seguridad"],"_links":{"self":[{"href":"https:\/\/www.diarioimagen.net\/index.php?rest_route=\/wp\/v2\/posts\/517138","targetHints":{"allow":["GET"]}}],"collection":[{"href":"https:\/\/www.diarioimagen.net\/index.php?rest_route=\/wp\/v2\/posts"}],"about":[{"href":"https:\/\/www.diarioimagen.net\/index.php?rest_route=\/wp\/v2\/types\/post"}],"author":[{"embeddable":true,"href":"https:\/\/www.diarioimagen.net\/index.php?rest_route=\/wp\/v2\/users\/3"}],"replies":[{"embeddable":true,"href":"https:\/\/www.diarioimagen.net\/index.php?rest_route=%2Fwp%2Fv2%2Fcomments&post=517138"}],"version-history":[{"count":0,"href":"https:\/\/www.diarioimagen.net\/index.php?rest_route=\/wp\/v2\/posts\/517138\/revisions"}],"wp:featuredmedia":[{"embeddable":true,"href":"https:\/\/www.diarioimagen.net\/index.php?rest_route=\/wp\/v2\/media\/517219"}],"wp:attachment":[{"href":"https:\/\/www.diarioimagen.net\/index.php?rest_route=%2Fwp%2Fv2%2Fmedia&parent=517138"}],"wp:term":[{"taxonomy":"category","embeddable":true,"href":"https:\/\/www.diarioimagen.net\/index.php?rest_route=%2Fwp%2Fv2%2Fcategories&post=517138"},{"taxonomy":"post_tag","embeddable":true,"href":"https:\/\/www.diarioimagen.net\/index.php?rest_route=%2Fwp%2Fv2%2Ftags&post=517138"}],"curies":[{"name":"wp","href":"https:\/\/api.w.org\/{rel}","templated":true}]}}