{"id":517159,"date":"2021-08-13T00:08:47","date_gmt":"2021-08-13T05:08:47","guid":{"rendered":"https:\/\/www.diarioimagen.net\/?p=517159"},"modified":"2021-08-13T04:36:38","modified_gmt":"2021-08-13T09:36:38","slug":"la-tercera-ola-de-la-pandemia","status":"publish","type":"post","link":"https:\/\/www.diarioimagen.net\/?p=517159","title":{"rendered":"La tercera ola de la pandemia"},"content":{"rendered":"<h2>Punto por punto<\/h2>\n<h5>Augusto Corro<\/h5>\n<p>&nbsp;<\/p>\n<p>A media semana, M\u00e9xico rebas\u00f3 los 3 millones de contagiados por Covid-19 y el n\u00famero de decesos lleg\u00f3 a 246 mil 203.<\/p>\n<p>Sin embargo, la poblaci\u00f3n contin\u00faa con sus actividades como si la pandemia fuera cosa del pasado.<\/p>\n<p>Tenemos o tuvimos un sem\u00e1foro sanitario que se manej\u00f3 conforme a los intereses de las autoridades.<\/p>\n<p>Con el pretexto de no hundirnos m\u00e1s en la crisis econ\u00f3mica se reabrieron las actividades y se relaj\u00f3 la aplicaci\u00f3n de las medidas sanitarias.<\/p>\n<p>Las vacunas no representaron la tabla de salvaci\u00f3n esperada. A\u00fan no son inmunizados amplios sectores de la poblaci\u00f3n.<\/p>\n<p>Y mientras no estemos todos vacunados, el riesgo de contagios continuar\u00e1. Adem\u00e1s, tenemos la amenaza de la variante Delta con mayor facilidad para multiplicarse.<\/p>\n<p>En la Ciudad de M\u00e9xico sus habitantes, una gran mayor\u00eda, realiza sus actividades como si se encontraran en una nueva normalidad.<\/p>\n<p>Las principales avenidas volvieron a llenarse de autom\u00f3viles en las horas pico. El centro regres\u00f3 a las aglomeraciones.<\/p>\n<p>Transe\u00fantes con una vacuna o el tratamiento completo dejaron descansar los cubrebocas y pocos se acuerdan de guardar la sana distancia. Nadie quiere quedarse en casa.<\/p>\n<p>Del confinamiento nadie se acuerda. De ah\u00ed que las plazas comerciales y comercios este repletos de \u00e1vidos compradores.<\/p>\n<p>Ya es m\u00e1s com\u00fan la realizaci\u00f3n de fiestas y la asistencia a antros y a bares.<\/p>\n<p>Claro, el relajamiento de las medidas sanitarias ante la Covid-19 que no cede, los resultados arrojan m\u00e1s muertes y contagios.<\/p>\n<p>No nos queda otra alternativa que la de aplicar la experiencia que adquirimos en m\u00e1s de un a\u00f1o de pandemia.<\/p>\n<p>Ignorarlo es poner en riesgo nuestra vida y de quienes nos rodean.<\/p>\n<p style=\"text-align: center;\"><strong>El regreso a las aulas<\/strong><\/p>\n<p>Nadie en su sano juicio rechazar\u00eda el regreso a clases presenciales.<\/p>\n<p>Todo mundo sabe el da\u00f1o que provoca la falta de convivencia de los ni\u00f1os en las escuelas.<\/p>\n<p>En fin, urge que se realice el retorno a clases presenciales, pero tiene que hacerse con total seguridad para los menores.<\/p>\n<p>Si no es as\u00ed, mejor ser\u00e1 esperar que pasen estos tiempos dif\u00edciles.<\/p>\n<p>\u00bfQui\u00e9n garantizar\u00e1 el cumplimiento de las medidas sanitarias para evitar que el contagio alcance a los ni\u00f1os?<\/p>\n<p>Todos los maestros deber\u00e1n estar vacunados y con su cubrebocas. Los salones de clases tendr\u00e1n que lucir limpios, ventilados, con los espacios suficientes para el desarrollo de las actividades.<\/p>\n<p>Uno de los graves problemas que enfrenta el regreso a clases presenciales es la tercera ola de la Covid-19 que ataca con toda su fuerza destructora.<\/p>\n<p>No se trata, pues de un juego. Es una pandemia en la que nuestra vida corre peligro.<\/p>\n<p>Quiz\u00e1 la incertidumbre del retorno a las aulas obedezca a la poca confianza de los ciudadanos hacia las autoridades.<\/p>\n<p>Es necesaria una comunicaci\u00f3n objetiva por parte del gobierno a la poblaci\u00f3n que aleje cualquier pensamiento de incertidumbre.<\/p>\n<p>\u00bfC\u00f3mo regresar a clases presenciales, cuando en algunas ciudades todav\u00eda no saben c\u00f3mo enfrentar la pandemia?<\/p>\n<p>La idea de las autoridades educativas es que los alumnos vuelvan a la escuela a partir del 30 de agosto, llueva, truene o relampaguee.<\/p>\n<p>Si, pero que el retorno se realice con las medidas de seguridad necesarias. Los ni\u00f1os no deben exponerse al contagio. De no tener la protecci\u00f3n adecuada y responsable, mejor quedarse en casa.<\/p>\n<p>Los centros escolares que fueron saqueados, desmantelados, abandonados, deben estar en condiciones para las labores escolares.<\/p>\n<p>No olvidar que la tercera ola de la pandemia, con sus variantes, la Delta entre ellas, contin\u00faa incontenible.<\/p>\n<p>\u00bfUsted qu\u00e9 opina amable lector?<\/p>\n<p><a href=\"mailto:aco2742@hotmail.com\" target=\"_blank\" rel=\"noopener noreferrer\"><em>aco2742@hotmail.com<\/em><\/a><\/p>\n","protected":false},"excerpt":{"rendered":"<p><span style=\"color: #005497;\"><strong>Augusto Corro<\/strong><\/span><\/p>\n","protected":false},"author":3,"featured_media":0,"comment_status":"open","ping_status":"open","sticky":false,"template":"","format":"standard","meta":{"_monsterinsights_skip_tracking":false,"_monsterinsights_sitenote_active":false,"_monsterinsights_sitenote_note":"","_monsterinsights_sitenote_category":0,"footnotes":""},"categories":[157],"tags":[43686,43674,11515],"class_list":["post-517159","post","type-post","status-publish","format-standard","hentry","category-augusto-corro","tag-augusto-corro","tag-opinion","tag-punto-por-punto"],"_links":{"self":[{"href":"https:\/\/www.diarioimagen.net\/index.php?rest_route=\/wp\/v2\/posts\/517159","targetHints":{"allow":["GET"]}}],"collection":[{"href":"https:\/\/www.diarioimagen.net\/index.php?rest_route=\/wp\/v2\/posts"}],"about":[{"href":"https:\/\/www.diarioimagen.net\/index.php?rest_route=\/wp\/v2\/types\/post"}],"author":[{"embeddable":true,"href":"https:\/\/www.diarioimagen.net\/index.php?rest_route=\/wp\/v2\/users\/3"}],"replies":[{"embeddable":true,"href":"https:\/\/www.diarioimagen.net\/index.php?rest_route=%2Fwp%2Fv2%2Fcomments&post=517159"}],"version-history":[{"count":0,"href":"https:\/\/www.diarioimagen.net\/index.php?rest_route=\/wp\/v2\/posts\/517159\/revisions"}],"wp:attachment":[{"href":"https:\/\/www.diarioimagen.net\/index.php?rest_route=%2Fwp%2Fv2%2Fmedia&parent=517159"}],"wp:term":[{"taxonomy":"category","embeddable":true,"href":"https:\/\/www.diarioimagen.net\/index.php?rest_route=%2Fwp%2Fv2%2Fcategories&post=517159"},{"taxonomy":"post_tag","embeddable":true,"href":"https:\/\/www.diarioimagen.net\/index.php?rest_route=%2Fwp%2Fv2%2Ftags&post=517159"}],"curies":[{"name":"wp","href":"https:\/\/api.w.org\/{rel}","templated":true}]}}