{"id":517163,"date":"2021-08-13T00:11:44","date_gmt":"2021-08-13T05:11:44","guid":{"rendered":"https:\/\/www.diarioimagen.net\/?p=517163"},"modified":"2021-08-13T07:15:04","modified_gmt":"2021-08-13T12:15:04","slug":"lavan-la-ahorrativa-imagen-de-slim","status":"publish","type":"post","link":"https:\/\/www.diarioimagen.net\/?p=517163","title":{"rendered":"Lavan la \u201cahorrativa\u201d imagen de Slim"},"content":{"rendered":"<h2>\u00cdndice pol\u00edtico<\/h2>\n<h5>Francisco Rodr\u00edguez<\/h5>\n<p><em>\u00a0<\/em><\/p>\n<ul>\n<li><strong><em>Tambi\u00e9n la farragosa de Ebrard<\/em><\/strong><\/li>\n<li><strong><em>Segalmex: renuncias<\/em><\/strong><\/li>\n<\/ul>\n<p>&nbsp;<\/p>\n<p>\u00a1<strong>Primero los ricos<\/strong>!\u00a0\u00a1Primero <strong>Carlos Slim<\/strong> que \u201cnos va a ayudar\u201d a reconstruir el tramo de la L\u00ednea 12 del Metro!<\/p>\n<p>Y ya despu\u00e9s&#8230; los pobres.<\/p>\n<p>Por <strong><em>malhechotes<\/em><\/strong>.<\/p>\n<p>Por criminales. Luis Enrique \u201cN\u201d, Jos\u00e9 \u00c1ngel \u201cN\u201d, Julio Fernando \u201cN\u201d, Juan Jos\u00e9 \u201cN\u201d, Noel Jair \u201cN\u201d, Marco Polo \u201cN\u201d, Antonio \u201cN\u201d, Alberto \u201cN\u201d, Felipe \u201cN\u201d, \u00c9dgar Eduardo \u201cN\u201d, y Mario Humberto \u201cN\u201d, soldadores en el <strong>tramo que, al colapsar<\/strong>, cobr\u00f3 la <strong>vida de 26 personas<\/strong> y da\u00f1os en la salud y en la econom\u00eda a casi un centenar m\u00e1s.<\/p>\n<p>A ellos hay que <strong>inculpar<\/strong>.<\/p>\n<p>A los <strong>soldadores<\/strong>.<\/p>\n<p>No al <strong>ahorrativo<\/strong> Slim, quien tal vez dio la orden -como es sabido que siempre instruye- de <strong>economizar pernos, tuercas y soldadura<\/strong>.<\/p>\n<p>A quienes hay que <strong>condenar es a los trabajadores<\/strong>.<\/p>\n<p>Al <strong><em>tycoon <\/em><\/strong>Carlos Slim hay que <strong>lavarle la cara<\/strong>.<\/p>\n<p>Tan bueno \u00e9l.<\/p>\n<p>Tan <strong>generoso<\/strong>.<\/p>\n<p>\u201cNos va a ayudar\u201d a reconstruir el tramo de la L\u00ednea 12 del Metro.<\/p>\n<p>\u201cNos va a ayudar\u201d <strong>con la candidatura de<\/strong> <strong>Claudia Sheinbaum<\/strong> a la Presidencia de la Rep\u00fablica.<\/p>\n<p>A los pobres &#8211;<strong>primero ellos<\/strong>&#8211; habr\u00e1 que enviarlos a prisi\u00f3n.<\/p>\n<p>A Slim &#8211;<strong>primero \u00e9l<\/strong>&#8211; hay que agradecerle y hasta <strong>reverenciarle<\/strong> porque \u201cnos va a ayudar\u201d, como ya nos ayud\u00f3 cuando <strong>le regalamos el Centro Hist\u00f3rico<\/strong> para que lo remodelara.<\/p>\n<p>O como cuando le <strong>compramos las c\u00e1maras de videovigilancia<\/strong> de tooooda la capital de la Rep\u00fablica.<\/p>\n<p>O como cuando&#8230;<\/p>\n<p>\u00a1Primero los ricos!<\/p>\n<p>\u00a1Primero Carlos Slim!<\/p>\n<p>Cosas de la <strong>4T tan parecidas a la \u00e9poca neoliberal<\/strong>, \u00bfno cree usted?<\/p>\n<p style=\"text-align: center;\"><strong>El canciller tambi\u00e9n se beneficia <\/strong><\/p>\n<p>Inculpar a los soldadores \u2014como antes, cuando los corruptos s\u00f3lo eran los carteros\u2014 tambi\u00e9n <strong>le lava la cara a la otra fichita<\/strong> \u2013perd\u00f3n, corcholata- <strong>Marcelo Ebrard<\/strong>, considerado asimismo <strong><em>precandidote<\/em><\/strong> a la Presidencia de la Rep\u00fablica.<\/p>\n<p>Le lava la cara por el <strong>fraude de 49 mil millones de d\u00f3lares<\/strong> en la construcci\u00f3n de la llamada L\u00ednea Dorada del Metro capitalino.<\/p>\n<p>Le lava la cara porque <strong>nadie ha podido justificar<\/strong> desde el punto de vista de la obra civil (ingenier\u00eda, factibilidad de costos y beneficios, dise\u00f1o, operatividad, rendimiento, \u00e1ngulos de trazado, da\u00f1os, afectaciones agrarias, monto de las indemnizaciones, etc.) la <strong>viabilidad de la L\u00ednea 12 a Tl\u00e1huac<\/strong>.<\/p>\n<p>As\u00ed como <strong>nadie ha demostrado<\/strong> que hubiera alg\u00fan grupo social, organizaci\u00f3n c\u00edvica o partido pol\u00edtico, asociaci\u00f3n de residentes, club de servicio&#8230; \u00a1alguien, por Dios!, que hubiera pedido el tendido del Metro hacia aquel paraje del Altiplano antiguo, como s\u00ed hab\u00eda quienes <strong>lo exig\u00edan hacia Xochimilco<\/strong>.<\/p>\n<p>Incluso, hasta la fecha, nadie se ha puesto la camiseta de la reivindicaci\u00f3n por los monumentales <strong>actos de rapi\u00f1a<\/strong>, molestias a la poblaci\u00f3n de Tl\u00e1huac durante el per\u00edodo de la obra, <strong>da\u00f1os patrimoniales<\/strong> por la suspensi\u00f3n del servicio, que afecta a m\u00e1s de cuatrocientos cincuenta mil habitantes diariamente.<\/p>\n<p>La L\u00ednea 12 tiene todo el perfil de una obra de esas que se llaman <strong>\u201celefantes blancos\u201d<\/strong> que, sin beneficiar gran cosa, pudo haber ya caus\u00f3 una <strong>tragedia de proporciones dantescas<\/strong> y que hubiese originado una todav\u00eda mayor de no haber <strong>suspendido su operaci\u00f3n<\/strong> a inicio de la Administraci\u00f3n del doctor <strong>Miguel \u00c1ngel Mancera<\/strong>.<\/p>\n<p>Los <strong>soldadores son los culpables<\/strong>, \u00bfverdad Marcelo?<\/p>\n<p style=\"text-align: center;\"><strong>Indicios<\/strong><\/p>\n<p>No s\u00f3lo los morenistas est\u00e1n <strong>urgidos del cambio de gobierno<\/strong>. No en balde ya tienen una baraja de la cual <strong>AMLO va a sacar el as<\/strong>. En el PRI tambi\u00e9n hay quienes ya levantaron la mano para ser considerados en la sucesi\u00f3n presidencial. Veo a tres hasta este momento. <strong>Alejandro Moreno C\u00e1rdenas<\/strong>, presidente del Comit\u00e9 Ejecutivo Nacional y diputado federal electo; <strong>Enrique de la Madrid Cordero<\/strong>, ex secretario de Turismo, y sum\u00e1ndose apenas <strong>Alejandro Murat Hinojosa<\/strong>, gobernador de Oaxaca. + + + Una de las primeras figuras p\u00fablicas de quienes se supo padec\u00edan el terrible Covid fue el gobernador de Hidalgo <strong>Omar Fayad<\/strong>. Por fortuna, pudo vencer al bicho tras dif\u00edciles jornadas. Hoy se sabe, empero, que por las secuelas de su padecimiento tambi\u00e9n hubo de sufrir la extirpaci\u00f3n de un l\u00f3bulo pulmonar. \u00a1\u00c1nimo! + + + Es muy probable que para cuando usted est\u00e9 leyendo estas l\u00edneas el titular de la Unidad de Administraci\u00f3n y Finanzas de Segalmex, <strong>Oscar Navarro G\u00e1rate<\/strong>, ya haya presentado su <strong>renuncia<\/strong>, luego de haber estado ah\u00ed poco m\u00e1s de un a\u00f1o. Esa dependencia que presuntamente debe acercar los m\u00ednimos de alimentaci\u00f3n a los m\u00e1s necesitados viene arrastrando un fraude de 14 mil millones de pesos desde el inicio de la gesti\u00f3n de su titular <strong>Ignacio Ovalle<\/strong>. \u00bfSe acab\u00f3 la corrupci\u00f3n? \u00bfPrimero los pobres? + + + Y por hoy es todo. Recuerde que, como siempre, le deseo \u00a1buenas gracias y muchos, muchos d\u00edas!<\/p>\n<p><em><u><a href=\"http:\/\/www.indicepolitico.com\" target=\"_blank\" rel=\"noopener noreferrer\">www.indicepolitico.com<\/a><\/u><u><br \/>\n<\/u><a href=\"mailto:indicepolitico@gmail.com\" target=\"_blank\" rel=\"noopener noreferrer\">indicepolitico@gmail.com<\/a><\/em><br \/>\n<em><a href=\"https:\/\/twitter.com\/indicepolitico?lang=es\" target=\"_blank\" rel=\"noopener noreferrer\">@IndicePolitico<\/a><\/em><br \/>\n<em><u><a href=\"https:\/\/twitter.com\/pacorodriguez\" target=\"_blank\" rel=\"noopener noreferrer\">@pacorodriguez<\/a><\/u><\/em><\/p>\n","protected":false},"excerpt":{"rendered":"<p><span style=\"color: #005497;\"><strong>Francisco Rodr\u00edguez<\/strong><\/span><br \/>\n<br \/>\n\u00a1<strong>Primero los ricos<\/strong>! \u00a1Primero <strong>Carlos Slim<\/strong> que \u201cnos va a ayudar\u201d a reconstruir el tramo de la L\u00ednea 12 del Metro!<\/p>\n","protected":false},"author":3,"featured_media":0,"comment_status":"open","ping_status":"open","sticky":false,"template":"","format":"standard","meta":{"_monsterinsights_skip_tracking":false,"_monsterinsights_sitenote_active":false,"_monsterinsights_sitenote_note":"","_monsterinsights_sitenote_category":0,"footnotes":""},"categories":[549],"tags":[43689,550,43674],"class_list":["post-517163","post","type-post","status-publish","format-standard","hentry","category-francisco-rodriguez","tag-francisco-rodriguez","tag-indice-politico","tag-opinion"],"_links":{"self":[{"href":"https:\/\/www.diarioimagen.net\/index.php?rest_route=\/wp\/v2\/posts\/517163","targetHints":{"allow":["GET"]}}],"collection":[{"href":"https:\/\/www.diarioimagen.net\/index.php?rest_route=\/wp\/v2\/posts"}],"about":[{"href":"https:\/\/www.diarioimagen.net\/index.php?rest_route=\/wp\/v2\/types\/post"}],"author":[{"embeddable":true,"href":"https:\/\/www.diarioimagen.net\/index.php?rest_route=\/wp\/v2\/users\/3"}],"replies":[{"embeddable":true,"href":"https:\/\/www.diarioimagen.net\/index.php?rest_route=%2Fwp%2Fv2%2Fcomments&post=517163"}],"version-history":[{"count":0,"href":"https:\/\/www.diarioimagen.net\/index.php?rest_route=\/wp\/v2\/posts\/517163\/revisions"}],"wp:attachment":[{"href":"https:\/\/www.diarioimagen.net\/index.php?rest_route=%2Fwp%2Fv2%2Fmedia&parent=517163"}],"wp:term":[{"taxonomy":"category","embeddable":true,"href":"https:\/\/www.diarioimagen.net\/index.php?rest_route=%2Fwp%2Fv2%2Fcategories&post=517163"},{"taxonomy":"post_tag","embeddable":true,"href":"https:\/\/www.diarioimagen.net\/index.php?rest_route=%2Fwp%2Fv2%2Ftags&post=517163"}],"curies":[{"name":"wp","href":"https:\/\/api.w.org\/{rel}","templated":true}]}}