{"id":517189,"date":"2021-08-13T00:12:20","date_gmt":"2021-08-13T05:12:20","guid":{"rendered":"https:\/\/www.diarioimagen.net\/?p=517189"},"modified":"2021-08-13T05:16:37","modified_gmt":"2021-08-13T10:16:37","slug":"revocacion-de-mandato-no-o-si","status":"publish","type":"post","link":"https:\/\/www.diarioimagen.net\/?p=517189","title":{"rendered":"Revocaci\u00f3n de Mandato, \u00a1NO!&#8230; \u00bfo s\u00ed?\u00a0\u00a0"},"content":{"rendered":"<h2>Tras la puerta del poder<\/h2>\n<h5>Roberto Vizca\u00edno<\/h5>\n<p>&nbsp;<\/p>\n<p>\u00a1Cierto!, no enga\u00f1a, lo plante\u00f3 desde su campa\u00f1a electoral, quiz\u00e1 antes. Pero a <strong>AMLO<\/strong> lo de la Revocaci\u00f3n de Mandato le urge&#8230;<\/p>\n<p><strong>\u00bfPor qu\u00e9? <\/strong><\/p>\n<p>Hay quienes afirman que es para seguirle haciendo al cuento, embabucando a sus bases chairas, electorales, de apoyo.<\/p>\n<p><strong>Otros <\/strong>advierten que no, que es una promesa, intenci\u00f3n limpia, de concientizaci\u00f3n ciudadana sobre lo que representa su Movimiento de la 4T.<\/p>\n<p>Algunos ven gato encerrado para meter de nuevo el acelerador a fondo y lograr tal apoyo que pudiera servir de base para extender su mandato, para decir: \u201cmiren&#8230; \u00a1no quieren que me vaya!\u201d<\/p>\n<p>Unos m\u00e1s consideran que la verdad es que est\u00e1 harto, cansado de no lograr nada, y que lo de la Revocaci\u00f3n de Mandado es s\u00f3lo un pretexto para ya no seguir aguantando las cr\u00edticas e insultos en redes, cada que sale de gira, e irse y justificar as\u00ed su fracaso, para poder decir \u201cya ven&#8230; los conservadores, mis enemigos, opositores manipularon a los ciudadanos, las clases medias de nuevo, y no me dejaron terminar lo empezado&#8230;\u201d<\/p>\n<p>A muchos, quiz\u00e1 las mayor\u00edas, todo lo anterior les vale un pepino.<\/p>\n<p>Sea lo que sea, todo indica que la consulta de Revocaci\u00f3n de Mandato va.<\/p>\n<p>Metido de cabeza en ese objetivo, con el aura de ser el \u00fanico dentro de la 4T que puede <em>lograr lo imposible<\/em>, el zacatecano <strong>Ricardo Monreal<\/strong> va hoy en busca de lograr mayor\u00edas constitucionales (la 3ra parte m\u00e1s 1 de 128 legisladores) dentro de un Senado donde Morena s\u00f3lo tiene poco m\u00e1s de la mitad simple.<\/p>\n<p>Primero para poder realizar en los siguientes 20 d\u00edas, antes de que termine agosto, un nuevo per\u00edodo extraordinario y despu\u00e9s, con otra mayor\u00eda constitucional, se pueda aprobar la Ley Reglamentaria para poder sacar adelante en marzo o abril pr\u00f3ximos la consulta de Revocaci\u00f3n de Mandato como quiere, exige casi todos los d\u00edas su jefe pol\u00edtico, el presidente <strong>Andr\u00e9s Manuel L\u00f3pez Obrador<\/strong>.<\/p>\n<p>As\u00ed nada m\u00e1s, como si lograr mayor\u00edas constitucionales fuese como comprar esquites en la esquina de Reforma e Insurgentes.<\/p>\n<p>Sobre todo, cuando los integrantes del llamado bloque opositor formado por los senadores del PRI, PAN, PRD y MC ya han salido a decir que con ellos no cuenten para aprobar la Ley Reglamentaria de esa consulta, lo cual eleva considerablemente la negociaci\u00f3n de un acuerdo para lograr el extraordinario y luego aprobar esa nueva Ley.<\/p>\n<p>El senador michoacano neomorenista-neolopezobradorista <strong>Germ\u00e1n Mart\u00ednez<\/strong>, ex amigo y c\u00f3mplice de <strong>Felipe Calder\u00f3n<\/strong>, ex presidente del PAN, afirma que todo lo anterior es frusler\u00eda pura, que realmente todo depende de que <strong>Andr\u00e9s Manuel L\u00f3pez Obrador<\/strong>, quien si realmente quiere realizar la consulta de Revocaci\u00f3n de Mandato, deber\u00e1 ordenarle a su tercer secretario de Hacienda, <strong>Rogelio Eduardo Ram\u00edrez de la O,<\/strong> incluir mil 500 millones de pesos en el Presupuesto de egresos de 2022 para que el INE pueda colocar 150 mil urnas en las que se pueda recibir al menos 37 millones de votos, un 40 porciento del Padr\u00f3n Electoral , para que esa consulta sea vinculatoria, es decir, que se sea un mandato que se tenga que ejecutar.<\/p>\n<p>Si <strong>AMLO<\/strong> no abre la bolsa para soltar esa cantidad, entonces la consulta no tendr\u00e1 \u00e9xito en ning\u00fan sentido, asegura el senador <strong>Mart\u00ednez<\/strong>.<\/p>\n<p>Si el Presidente no aprueba, suelta ese dinero, todo habr\u00e1 sido un enga\u00f1o. De \u00e9l, claro.<\/p>\n<p style=\"text-align: center;\"><strong>El zacatecano insiste<\/strong><\/p>\n<p>En este contexto, con esas opciones, <strong>Monreal<\/strong> dice que buscar\u00e1 el lunes lograr que en sesi\u00f3n de las comisiones dictaminadoras de Gobernaci\u00f3n y Estudios Legislativos Segunda, durante una sesi\u00f3n ya convocada, se revisen dos temas: la Ley Reglamentaria de Juicio Pol\u00edtico y la Ley Reglamentaria de Revocaci\u00f3n de Mandato. Ambas del inter\u00e9s de <strong>AMLO<\/strong>.<\/p>\n<p>Si el lunes se aprueban esos dict\u00e1menes en la sesi\u00f3n de la Permanente el mi\u00e9rcoles se podr\u00eda convocar al periodo extraordinario para que en los siguientes 2 o 3 d\u00edas, poder estar aprobado esos dos ordenamientos.<\/p>\n<p>El caso es que esas son las cosas que <strong>Monreal<\/strong> puede lograr.<\/p>\n<p><em><a href=\"mailto:rvizcainoa@gmail.com\" target=\"_blank\" rel=\"noopener noreferrer\">rvizcainoa@gmail.com<\/a><br \/>\n<a href=\"http:\/\/endirecto.mx\" target=\"_blank\" rel=\"noopener noreferrer\">www.endirecto.mx<\/a><br \/>\n<a href=\"https:\/\/twitter.com\/_rvizcaino\" target=\"_blank\" rel=\"noopener noreferrer\">@_RVizcaino<\/a><br \/>\n<a href=\"https:\/\/www.facebook.com\/rvizcainoa\" target=\"_blank\" rel=\"noopener noreferrer\">facebook.com\/rvizcainoa<\/a><\/em><\/p>\n","protected":false},"excerpt":{"rendered":"<p><span style=\"color: #005497;\"><strong>Roberto Vizca\u00edno<\/strong><\/span><br \/>\n<br \/>\n\u00a1Cierto!, no enga\u00f1a, lo plante\u00f3 desde su campa\u00f1a electoral, quiz\u00e1 antes. Pero a <strong>AMLO<\/strong> lo de la Revocaci\u00f3n de Mandato le urge&#8230;<\/p>\n","protected":false},"author":3,"featured_media":0,"comment_status":"open","ping_status":"open","sticky":false,"template":"","format":"standard","meta":{"_monsterinsights_skip_tracking":false,"_monsterinsights_sitenote_active":false,"_monsterinsights_sitenote_note":"","_monsterinsights_sitenote_category":0,"footnotes":""},"categories":[136],"tags":[43674,93,94],"class_list":["post-517189","post","type-post","status-publish","format-standard","hentry","category-roberto-vizcaino-opinion","tag-opinion","tag-roberto-vizcaino","tag-tras-la-puerta-del-poder"],"_links":{"self":[{"href":"https:\/\/www.diarioimagen.net\/index.php?rest_route=\/wp\/v2\/posts\/517189","targetHints":{"allow":["GET"]}}],"collection":[{"href":"https:\/\/www.diarioimagen.net\/index.php?rest_route=\/wp\/v2\/posts"}],"about":[{"href":"https:\/\/www.diarioimagen.net\/index.php?rest_route=\/wp\/v2\/types\/post"}],"author":[{"embeddable":true,"href":"https:\/\/www.diarioimagen.net\/index.php?rest_route=\/wp\/v2\/users\/3"}],"replies":[{"embeddable":true,"href":"https:\/\/www.diarioimagen.net\/index.php?rest_route=%2Fwp%2Fv2%2Fcomments&post=517189"}],"version-history":[{"count":0,"href":"https:\/\/www.diarioimagen.net\/index.php?rest_route=\/wp\/v2\/posts\/517189\/revisions"}],"wp:attachment":[{"href":"https:\/\/www.diarioimagen.net\/index.php?rest_route=%2Fwp%2Fv2%2Fmedia&parent=517189"}],"wp:term":[{"taxonomy":"category","embeddable":true,"href":"https:\/\/www.diarioimagen.net\/index.php?rest_route=%2Fwp%2Fv2%2Fcategories&post=517189"},{"taxonomy":"post_tag","embeddable":true,"href":"https:\/\/www.diarioimagen.net\/index.php?rest_route=%2Fwp%2Fv2%2Ftags&post=517189"}],"curies":[{"name":"wp","href":"https:\/\/api.w.org\/{rel}","templated":true}]}}