{"id":517244,"date":"2021-08-16T00:05:14","date_gmt":"2021-08-16T05:05:14","guid":{"rendered":"https:\/\/www.diarioimagen.net\/?p=517244"},"modified":"2021-08-17T06:22:01","modified_gmt":"2021-08-17T11:22:01","slug":"por-contribuir-a-la-agenda-2030-de-la-onu-universitarios-obtienen-premio-estatal-de-la-juventud-2021","status":"publish","type":"post","link":"https:\/\/www.diarioimagen.net\/?p=517244","title":{"rendered":"Por contribuir a la Agenda 2030 de la ONU, universitarios obtienen Premio Estatal de la Juventud 2021"},"content":{"rendered":"<p>&nbsp;<\/p>\n<ul>\n<li><em><strong>Los nueve estudiantes y egresados de la UAEM galardonados son: Karime Guill\u00e9n Libien, Alejandro Cervantes Reyes, Areli Medell\u00edn S\u00e1nchez, Salvador Buenrostro P\u00e9rez, Andrea Sof\u00eda Rosales, Derick Vilchis Roa, Carlos Andr\u00e9s Rodr\u00edguez Villegas, Javier Gonz\u00e1lez Ortiz y Eliot Cruz D\u00edaz<\/strong> <\/em><\/li>\n<\/ul>\n<p><strong>\u00a0<\/strong><\/p>\n<p><a href=\"https:\/\/www.diarioimagen.net\/?attachment_id=517342\" rel=\"attachment wp-att-517342\"><img loading=\"lazy\" decoding=\"async\" class=\"size-full wp-image-517342 aligncenter\" src=\"https:\/\/www.diarioimagen.net\/wp-content\/uploads\/2021\/08\/uaem-7.jpg\" alt=\"\" width=\"460\" height=\"270\" \/><\/a><\/p>\n<p>&nbsp;<\/p>\n<p><strong>Toluca, Estado de M\u00e9xico.- <\/strong>Estudiantes y egresados de la Universidad Aut\u00f3noma del Estado de M\u00e9xico (UAEM) fueron reconocidos con el Premio Estatal de la Juventud 2021 que entrega el Instituto Mexiquense de la Juventud del gobierno estatal, por sus acciones y trayectoria destacadas encaminadas a cumplir con los Objetivos de Desarrollo Sostenible (ODS) que impulsa la Organizaci\u00f3n de las Naciones Unidas (ONU).<\/p>\n<p>Los nueve galardonados son la estudiante Karime Guill\u00e9n Libien, en J\u00f3venes Emprendedores, as\u00ed como los egresados Alejandro Cervantes Reyes, por Trayectoria Acad\u00e9mica; Yuritza Areli Medell\u00edn S\u00e1nchez, por Trayectoria Art\u00edstica y Cultural; Layonet Salvador Buenrostro P\u00e9rez, por Innovaci\u00f3n Tecnol\u00f3gica; en diferentes categor\u00edas, Andrea Sof\u00eda Rosales y Derick Giovani Vilchis Roa, por Protecci\u00f3n al Medio Ambiente; Carlos Andr\u00e9s Rodr\u00edguez Villegas, en la modalidad J\u00f3venes del Campo; Javier Gonz\u00e1lez Ortiz, en Arte popular, y Eliot Fernando Cruz D\u00edaz, en Cultura Pol\u00edtica y Democracia.<\/p>\n<p>Eliot Fernando Cruz D\u00edaz, egresado de la Licenciatura en Derecho de la UAEM, expres\u00f3 que los j\u00f3venes son corresponsables del presente y futuro de la sociedad, por lo que involucrarse desde temprana edad en temas de impacto pol\u00edtico, social, ambiental, tecnol\u00f3gico, cultural y econ\u00f3mico es de trascendencia, ya que son quienes heredar\u00e1n las instituciones y llegar con experiencia puede hacer la diferencia al aplicar pol\u00edticas p\u00fablicas.<\/p>\n<p>El egresado de la carrera de Ingenier\u00eda en Sistemas Inteligentes, que ofrece el Centro Universitario UAEM Nezahualc\u00f3yotl, Salvador Buenrostro P\u00e9rez, galardonado por divulgar la ciencia y tecnolog\u00eda en el oriente de la entidad, en municipios como Chimalhuac\u00e1n, Nezahualc\u00f3yotl y Los Reyes La Paz, entre otros, manifest\u00f3 que en el desarrollo de la tecnolog\u00eda en el pa\u00eds se debe involucrar a la ni\u00f1ez con la intenci\u00f3n de despertar vocaciones cient\u00edficas.<\/p>\n<p>En tanto, Andrea Sof\u00eda Rosales Vega, egresada de la Licenciatura en Relaciones Econ\u00f3micas Internacionales de la Facultad de Econom\u00eda de la UAEM, reconocida por su trayectoria y experiencia en el rubro de finanzas verdes y financiamiento clim\u00e1tico, asegur\u00f3 que, desde su experiencia, existen oportunidades y credibilidad en los proyectos que realizan los j\u00f3venes, siempre y cuando tengan direcci\u00f3n y den respuesta a las necesidades que presenta el contexto inmediato.<\/p>\n<p>Finalmente, el egresado de la Licenciatura en Historia de la Facultad de Humanidades de la UAEM, fundador y presidente de la Asociaci\u00f3n Civil Eco Urban, que impulsa la gesti\u00f3n y protecci\u00f3n ambiental, Derik Geovani Vilchis Roa, refiri\u00f3 que emprender conlleva errar en algunas decisiones; sin embargo, la satisfacci\u00f3n de tener un impacto social positivo que puede ayudar a transformar el entorno es lo que lo mantiene motivado.<\/p>\n<p>Cabe mencionar que para esta edici\u00f3n del Premio Estatal de la Juventud la participaci\u00f3n fue hist\u00f3rica, con m\u00e1s de mil 400 inscritos provenientes de 116 municipios de la entidad en la que se reconocieron a 33 j\u00f3venes por su trayectoria y aportaciones en distintos rubros que impactan a la sociedad.<\/p>\n","protected":false},"excerpt":{"rendered":"<p>Estudiantes y egresados de la Universidad Aut\u00f3noma del Estado de M\u00e9xico (UAEM) fueron reconocidos con el Premio Estatal de la Juventud 2021 que entrega el Instituto Mexiquense de la Juventud del gobierno estatal, por sus acciones y trayectoria destacadas encaminadas a cumplir con los Objetivos de Desarrollo Sostenible (ODS) que impulsa la Organizaci\u00f3n de las Naciones Unidas (ONU).\u00a0<\/p>\n","protected":false},"author":3,"featured_media":517342,"comment_status":"open","ping_status":"open","sticky":false,"template":"","format":"standard","meta":{"_monsterinsights_skip_tracking":false,"_monsterinsights_sitenote_active":false,"_monsterinsights_sitenote_note":"","_monsterinsights_sitenote_category":0,"footnotes":""},"categories":[5],"tags":[43675,93483,452],"class_list":["post-517244","post","type-post","status-publish","format-standard","has-post-thumbnail","hentry","category-estado-de-mexico","tag-estado-de-mexico","tag-premio-estatal-de-la-juventud-agenda-2030-de-la-onu","tag-toluca"],"_links":{"self":[{"href":"https:\/\/www.diarioimagen.net\/index.php?rest_route=\/wp\/v2\/posts\/517244","targetHints":{"allow":["GET"]}}],"collection":[{"href":"https:\/\/www.diarioimagen.net\/index.php?rest_route=\/wp\/v2\/posts"}],"about":[{"href":"https:\/\/www.diarioimagen.net\/index.php?rest_route=\/wp\/v2\/types\/post"}],"author":[{"embeddable":true,"href":"https:\/\/www.diarioimagen.net\/index.php?rest_route=\/wp\/v2\/users\/3"}],"replies":[{"embeddable":true,"href":"https:\/\/www.diarioimagen.net\/index.php?rest_route=%2Fwp%2Fv2%2Fcomments&post=517244"}],"version-history":[{"count":0,"href":"https:\/\/www.diarioimagen.net\/index.php?rest_route=\/wp\/v2\/posts\/517244\/revisions"}],"wp:featuredmedia":[{"embeddable":true,"href":"https:\/\/www.diarioimagen.net\/index.php?rest_route=\/wp\/v2\/media\/517342"}],"wp:attachment":[{"href":"https:\/\/www.diarioimagen.net\/index.php?rest_route=%2Fwp%2Fv2%2Fmedia&parent=517244"}],"wp:term":[{"taxonomy":"category","embeddable":true,"href":"https:\/\/www.diarioimagen.net\/index.php?rest_route=%2Fwp%2Fv2%2Fcategories&post=517244"},{"taxonomy":"post_tag","embeddable":true,"href":"https:\/\/www.diarioimagen.net\/index.php?rest_route=%2Fwp%2Fv2%2Ftags&post=517244"}],"curies":[{"name":"wp","href":"https:\/\/api.w.org\/{rel}","templated":true}]}}