{"id":517246,"date":"2021-08-16T00:01:47","date_gmt":"2021-08-16T05:01:47","guid":{"rendered":"https:\/\/www.diarioimagen.net\/?p=517246"},"modified":"2021-08-16T04:41:12","modified_gmt":"2021-08-16T09:41:12","slug":"vacunacion-anti-covid-a-jovenes-de-18-a-29-anos-de-xochimilco","status":"publish","type":"post","link":"https:\/\/www.diarioimagen.net\/?p=517246","title":{"rendered":"Vacunaci\u00f3n anti-Covid a j\u00f3venes de 18 a 29 a\u00f1os de Xochimilco"},"content":{"rendered":"<p>&nbsp;<\/p>\n<ul>\n<li><strong><em>Del jueves 19 al lunes 23 de agosto<\/em><\/strong><\/li>\n<\/ul>\n<p>&nbsp;<\/p>\n<div id=\"attachment_517349\" style=\"width: 470px\" class=\"wp-caption aligncenter\"><a href=\"https:\/\/www.diarioimagen.net\/?attachment_id=517349\" rel=\"attachment wp-att-517349\"><img loading=\"lazy\" decoding=\"async\" aria-describedby=\"caption-attachment-517349\" class=\"size-full wp-image-517349\" src=\"https:\/\/www.diarioimagen.net\/wp-content\/uploads\/2021\/08\/VACUNACIOn-CDMX-1.jpg\" alt=\"\" width=\"460\" height=\"270\" \/><\/a><p id=\"caption-attachment-517349\" class=\"wp-caption-text\">Aplicar\u00e1n la vacuna contra Covid-19 de Pfizer a 90 mil 956 residentes de Xochimilco, del 19 al 23 de agosto.<\/p><\/div>\n<p>&nbsp;<\/p>\n<p>Aplicar\u00e1n la dosis Pfizer-BioNTech contra la Covid-19 a j\u00f3venes de 18 a 29 a\u00f1os de edad de la alcald\u00eda Xochimilco, entre el jueves 19 y lunes 23 de agosto, aunque podr\u00e1n acudir los rezagados de m\u00e1s de 30 a\u00f1os y las personas que no se hayan aplicado su segunda dosis de este biol\u00f3gico pese a que se hayan inoculados en otra entidad de la Rep\u00fablica o en el extranjero.<\/p>\n<p>Eduardo Clark Garc\u00eda Dobarganes, director general de Gobierno Digital de la Agencia Digital de Innovaci\u00f3n P\u00fablica (ADIP), inform\u00f3 que el objetivo a vacunar es de 90 mil 956 residentes de esta demarcaci\u00f3n.<\/p>\n<p>Expuso que tambi\u00e9n podr\u00e1n acudir personas mayores de 30 a\u00f1os que no se han vacunado, y los \u00fanicos requisitos son: ser residente de la Ciudad de M\u00e9xico, llevar una identificaci\u00f3n que muestre tu edad y el expediente de vacunaci\u00f3n que puedes descargar en <em>mivacuna.salud.gob.mx<\/em>.<\/p>\n<p>Adem\u00e1s, indic\u00f3 que se aplicar\u00e1 con segunda dosis a los residentes de la capital que se hayan vacunado en otra entidad con este biol\u00f3gico, as\u00ed como en el extranjero; el requisito es que se hayan vacunado antes del 16 de julio, que residan en la capital y que lleven su comprobante de vacunaci\u00f3n.<\/p>\n<p>Eduardo Clark destac\u00f3 que se tendr\u00e1 un excedente de m\u00e1s del 60% para poder cumplir con los rezagados, pero hizo un llamado a los j\u00f3venes de otras entidades y de otras demarcaciones a no acudir, pues deber\u00e1n esperar su turno, expuso que los rezagados de otras demarcaciones de 18 a 29 a\u00f1os tendr\u00e1n que esperar hasta que concluya la vacunaci\u00f3n de este sector.<\/p>\n<p>La sede de vacunaci\u00f3n ser\u00e1 en el Centro Deportivo Xochimilco en Francisco Goytia S\/N, colonia Santiago Tepalcatlalpan.<\/p>\n<p>Garc\u00eda Dobarganes inform\u00f3 tambi\u00e9n que entre el martes 17 y s\u00e1bado 21 de agosto, se llevar\u00e1 a cabo la aplicaci\u00f3n de la segunda dosis a 56 mil 738 adultos de 40 a 49 a\u00f1os vacunados en Cuauht\u00e9moc y tambi\u00e9n podr\u00e1n acudir personas rezagadas de segunda dosis de la vacuna AstraZeneca.<\/p>\n<p>Las sedes de vacunaci\u00f3n ser\u00e1n la Unidad de Congresos del Centro M\u00e9dico Siglo XXI y la Biblioteca Vasconcelos.<\/p>\n","protected":false},"excerpt":{"rendered":"<p>Aplicar\u00e1n la dosis Pfizer-BioNTech contra la Covid-19 a j\u00f3venes de 18 a 29 a\u00f1os de edad de la alcald\u00eda Xochimilco, entre el jueves 19 y lunes 23 de agosto, aunque podr\u00e1n acudir los rezagados de m\u00e1s de 30 a\u00f1os y las personas que no se hayan aplicado su segunda dosis de este biol\u00f3gico pese a que se hayan inoculados en otra entidad de la Rep\u00fablica o en el extranjero.<\/p>\n","protected":false},"author":3,"featured_media":517349,"comment_status":"open","ping_status":"open","sticky":false,"template":"","format":"standard","meta":{"_monsterinsights_skip_tracking":false,"_monsterinsights_sitenote_active":false,"_monsterinsights_sitenote_note":"","_monsterinsights_sitenote_category":0,"footnotes":""},"categories":[6],"tags":[92497,2643,2739],"class_list":["post-517246","post","type-post","status-publish","format-standard","has-post-thumbnail","hentry","category-cd-de-mexico","tag-pfizer-biontech","tag-vacunacion","tag-xochimilco"],"_links":{"self":[{"href":"https:\/\/www.diarioimagen.net\/index.php?rest_route=\/wp\/v2\/posts\/517246","targetHints":{"allow":["GET"]}}],"collection":[{"href":"https:\/\/www.diarioimagen.net\/index.php?rest_route=\/wp\/v2\/posts"}],"about":[{"href":"https:\/\/www.diarioimagen.net\/index.php?rest_route=\/wp\/v2\/types\/post"}],"author":[{"embeddable":true,"href":"https:\/\/www.diarioimagen.net\/index.php?rest_route=\/wp\/v2\/users\/3"}],"replies":[{"embeddable":true,"href":"https:\/\/www.diarioimagen.net\/index.php?rest_route=%2Fwp%2Fv2%2Fcomments&post=517246"}],"version-history":[{"count":0,"href":"https:\/\/www.diarioimagen.net\/index.php?rest_route=\/wp\/v2\/posts\/517246\/revisions"}],"wp:featuredmedia":[{"embeddable":true,"href":"https:\/\/www.diarioimagen.net\/index.php?rest_route=\/wp\/v2\/media\/517349"}],"wp:attachment":[{"href":"https:\/\/www.diarioimagen.net\/index.php?rest_route=%2Fwp%2Fv2%2Fmedia&parent=517246"}],"wp:term":[{"taxonomy":"category","embeddable":true,"href":"https:\/\/www.diarioimagen.net\/index.php?rest_route=%2Fwp%2Fv2%2Fcategories&post=517246"},{"taxonomy":"post_tag","embeddable":true,"href":"https:\/\/www.diarioimagen.net\/index.php?rest_route=%2Fwp%2Fv2%2Ftags&post=517246"}],"curies":[{"name":"wp","href":"https:\/\/api.w.org\/{rel}","templated":true}]}}