{"id":517261,"date":"2021-08-16T00:01:05","date_gmt":"2021-08-16T05:01:05","guid":{"rendered":"https:\/\/www.diarioimagen.net\/?p=517261"},"modified":"2021-08-16T05:05:28","modified_gmt":"2021-08-16T10:05:28","slug":"suman-75-mil-470-jovenes-naucalpenses-de-18-a-29-anos-vacunados-contra-covid","status":"publish","type":"post","link":"https:\/\/www.diarioimagen.net\/?p=517261","title":{"rendered":"Suman 75 mil 470 j\u00f3venes naucalpenses, de 18 a 29 a\u00f1os, vacunados contra Covid"},"content":{"rendered":"<p>&nbsp;<\/p>\n<ul>\n<li><strong><em>Nutrida afluencia en los cinco m\u00f3dulos<\/em><\/strong><\/li>\n<\/ul>\n<p>&nbsp;<\/p>\n<div id=\"attachment_517366\" style=\"width: 470px\" class=\"wp-caption aligncenter\"><a href=\"https:\/\/www.diarioimagen.net\/?attachment_id=517366\" rel=\"attachment wp-att-517366\"><img loading=\"lazy\" decoding=\"async\" aria-describedby=\"caption-attachment-517366\" class=\"size-full wp-image-517366\" src=\"https:\/\/www.diarioimagen.net\/wp-content\/uploads\/2021\/08\/naucalpan-6.jpg\" alt=\"\" width=\"460\" height=\"270\" \/><\/a><p id=\"caption-attachment-517366\" class=\"wp-caption-text\">Naucalpan, junto con Tlalnepantla, es de los primeros municipios del estado en ofrecer la dosis anti-Covid a personas de 18 a 29 a\u00f1os.<\/p><\/div>\n<p>&nbsp;<\/p>\n<p><strong>Naucalpan, Estado de M\u00e9xico<\/strong>.- Nerviosismo, ansiedad, pero tambi\u00e9n alegr\u00eda y entusiasmo han experimentado los j\u00f3venes que han iniciado su esquema de vacunaci\u00f3n contra Covid-19, en Naucalpan.<\/p>\n<p>La demarcaci\u00f3n, junto con Tlalnepantla, son las primeras del estado en ofrecer la dosis a personas de 18 a 29 a\u00f1os. Este sector poblacional ha asumido su responsabilidad al mostrar nutrida afluencia en los cinco m\u00f3dulos instalados en el territorio: Universidad del Valle de M\u00e9xico (UVM) Campus Lomas Verdes, Parque Naucalli, Unidad Deportiva Benito Ju\u00e1rez, Plaza C\u00edvica de San Mateo Nopala y la Escuela Primaria \u201cAn\u00e1huac\u201d, de Loma Colorada.<\/p>\n<p>El viernes, 28 mil 450 personas recibieron la inyecci\u00f3n. De esta forma, Naucalpan suma 75 mil 470 j\u00f3venes con la primera dosis del biol\u00f3gico.<\/p>\n<p>De acuerdo con Ricardo de la Cruz Musalem, Subsecretario General del Gobierno del Estado de M\u00e9xico, la poblaci\u00f3n de 18 a 29 a\u00f1os son el grupo etario m\u00e1s grande de la entidad, alrededor de 3 millones de personas.<\/p>\n<p>Al igual que los d\u00edas previos, desde temprana hora cientos de ciudadanos arribaron a los puntos de inoculaci\u00f3n.<\/p>\n<p>La jornada concluir\u00e1 este mi\u00e9rcoles 18 de agosto, ese mismo d\u00eda se instalar\u00e1n dos m\u00f3dulos adicionales en los pueblos originarios de San Francisco Chimalpa y Santiago Tepatlaxco para recibir a la poblaci\u00f3n local de ese rango de edad.<\/p>\n","protected":false},"excerpt":{"rendered":"<p>Nerviosismo, ansiedad, pero tambi\u00e9n alegr\u00eda y entusiasmo han experimentado los j\u00f3venes que han iniciado su esquema de vacunaci\u00f3n contra Covid-19, en Naucalpan.<\/p>\n","protected":false},"author":3,"featured_media":517366,"comment_status":"open","ping_status":"open","sticky":false,"template":"","format":"standard","meta":{"_monsterinsights_skip_tracking":false,"_monsterinsights_sitenote_active":false,"_monsterinsights_sitenote_note":"","_monsterinsights_sitenote_category":0,"footnotes":""},"categories":[5],"tags":[43675,970,63040,92812],"class_list":["post-517261","post","type-post","status-publish","format-standard","has-post-thumbnail","hentry","category-estado-de-mexico","tag-estado-de-mexico","tag-naucalpan","tag-suman","tag-vacunados"],"_links":{"self":[{"href":"https:\/\/www.diarioimagen.net\/index.php?rest_route=\/wp\/v2\/posts\/517261","targetHints":{"allow":["GET"]}}],"collection":[{"href":"https:\/\/www.diarioimagen.net\/index.php?rest_route=\/wp\/v2\/posts"}],"about":[{"href":"https:\/\/www.diarioimagen.net\/index.php?rest_route=\/wp\/v2\/types\/post"}],"author":[{"embeddable":true,"href":"https:\/\/www.diarioimagen.net\/index.php?rest_route=\/wp\/v2\/users\/3"}],"replies":[{"embeddable":true,"href":"https:\/\/www.diarioimagen.net\/index.php?rest_route=%2Fwp%2Fv2%2Fcomments&post=517261"}],"version-history":[{"count":0,"href":"https:\/\/www.diarioimagen.net\/index.php?rest_route=\/wp\/v2\/posts\/517261\/revisions"}],"wp:featuredmedia":[{"embeddable":true,"href":"https:\/\/www.diarioimagen.net\/index.php?rest_route=\/wp\/v2\/media\/517366"}],"wp:attachment":[{"href":"https:\/\/www.diarioimagen.net\/index.php?rest_route=%2Fwp%2Fv2%2Fmedia&parent=517261"}],"wp:term":[{"taxonomy":"category","embeddable":true,"href":"https:\/\/www.diarioimagen.net\/index.php?rest_route=%2Fwp%2Fv2%2Fcategories&post=517261"},{"taxonomy":"post_tag","embeddable":true,"href":"https:\/\/www.diarioimagen.net\/index.php?rest_route=%2Fwp%2Fv2%2Ftags&post=517261"}],"curies":[{"name":"wp","href":"https:\/\/api.w.org\/{rel}","templated":true}]}}