{"id":517268,"date":"2021-08-16T00:02:12","date_gmt":"2021-08-16T05:02:12","guid":{"rendered":"https:\/\/www.diarioimagen.net\/?p=517268"},"modified":"2021-08-16T05:10:17","modified_gmt":"2021-08-16T10:10:17","slug":"huixquilucan-es-un-gobierno-interesado-en-la-profesionalizacion-de-los-servidores-publicos","status":"publish","type":"post","link":"https:\/\/www.diarioimagen.net\/?p=517268","title":{"rendered":"Huixquilucan es un gobierno interesado en la profesionalizaci\u00f3n de los servidores p\u00fablicos"},"content":{"rendered":"<p>&nbsp;<\/p>\n<ul>\n<li><strong><em>Sesi\u00f3n del Consejo Municipal de Seguridad P\u00fablica<\/em><\/strong><\/li>\n<\/ul>\n<p>&nbsp;<\/p>\n<div id=\"attachment_517376\" style=\"width: 470px\" class=\"wp-caption aligncenter\"><a href=\"https:\/\/www.diarioimagen.net\/?attachment_id=517376\" rel=\"attachment wp-att-517376\"><img loading=\"lazy\" decoding=\"async\" aria-describedby=\"caption-attachment-517376\" class=\"size-full wp-image-517376\" src=\"https:\/\/www.diarioimagen.net\/wp-content\/uploads\/2021\/08\/huixquilucan-3.jpg\" alt=\"\" width=\"460\" height=\"270\" \/><\/a><p id=\"caption-attachment-517376\" class=\"wp-caption-text\">El alcalde Enrique Vargas del Villar resalt\u00f3 que en el gobierno de Huixquilucan siempre tendr\u00e1n un aliado para que de manera coordinada se sigan uniendo esfuerzos en favor de la ni\u00f1ez y de las mujeres, tanto del municipio como del Edomex.<\/p><\/div>\n<p>&nbsp;<\/p>\n<p><strong>Huixquilucan, Estado de M\u00e9xico.-<\/strong> Huixquilucan tiene un gobierno interesado en que sus servidoras y servidores p\u00fablicos, est\u00e9n capacitados para atender con mayor profesionalismo a las mujeres, ni\u00f1as y ni\u00f1os del municipio, asegur\u00f3 la coordinadora de pol\u00edticas p\u00fablicas de la Fiscal\u00eda General de Justicia del Estado de M\u00e9xico, Adriana Hinojosa C\u00e9spedes, durante la sesi\u00f3n del Consejo Municipal de Seguridad P\u00fablica.<\/p>\n<p>La funcionaria estatal, destac\u00f3 el inter\u00e9s genuino del presidente municipal de Huixquilucan, Enrique Vargas del Villar, de\u00a0 trabajar por las y los ni\u00f1os huixquiluquenses.<\/p>\n<p>En este sentido, el edil, Enrique Vargas del Villar, resalt\u00f3 que en el gobierno de Huixquilucan siempre tendr\u00e1n un aliado para que de manera coordinada se sigan uniendo esfuerzos en favor de la ni\u00f1ez y de las mujeres, tanto del municipio como del estado de M\u00e9xico.<\/p>\n<p>Asimismo, reconoci\u00f3 el trabajo del secretario t\u00e9cnico del Consejo Municipal de Seguridad P\u00fablica, Graco Arturo Ram\u00edrez Garrido Garc\u00eda, as\u00ed como de los elementos de seguridad p\u00fablica, que diariamente entregan su mayor esfuerzo a la ciudadan\u00eda.<\/p>\n<p>Hinojosa C\u00e9spedes, hizo votos porque el trabajo en equipo contin\u00fae, adem\u00e1s de reconocer la labor del DIF por albergar a ni\u00f1as y ni\u00f1os en situaci\u00f3n vulnerable, as\u00ed como su colaboraci\u00f3n para ayudar a que muchos de ellos regresaran con sus familias.<\/p>\n","protected":false},"excerpt":{"rendered":"<p>Huixquilucan tiene un gobierno interesado en que sus servidoras y servidores p\u00fablicos, est\u00e9n capacitados para atender con mayor profesionalismo a las mujeres, ni\u00f1as y ni\u00f1os del municipio, asegur\u00f3 la coordinadora de pol\u00edticas p\u00fablicas de la Fiscal\u00eda General de Justicia del Estado de M\u00e9xico, Adriana Hinojosa C\u00e9spedes, durante la sesi\u00f3n del Consejo Municipal de Seguridad P\u00fablica.<\/p>\n","protected":false},"author":3,"featured_media":517376,"comment_status":"open","ping_status":"open","sticky":false,"template":"","format":"standard","meta":{"_monsterinsights_skip_tracking":false,"_monsterinsights_sitenote_active":false,"_monsterinsights_sitenote_note":"","_monsterinsights_sitenote_category":0,"footnotes":""},"categories":[5],"tags":[43675,56576,1097],"class_list":["post-517268","post","type-post","status-publish","format-standard","has-post-thumbnail","hentry","category-estado-de-mexico","tag-estado-de-mexico","tag-fiscalia-general-de-justicia-del-estado-de-mexico","tag-huixquilucan"],"_links":{"self":[{"href":"https:\/\/www.diarioimagen.net\/index.php?rest_route=\/wp\/v2\/posts\/517268","targetHints":{"allow":["GET"]}}],"collection":[{"href":"https:\/\/www.diarioimagen.net\/index.php?rest_route=\/wp\/v2\/posts"}],"about":[{"href":"https:\/\/www.diarioimagen.net\/index.php?rest_route=\/wp\/v2\/types\/post"}],"author":[{"embeddable":true,"href":"https:\/\/www.diarioimagen.net\/index.php?rest_route=\/wp\/v2\/users\/3"}],"replies":[{"embeddable":true,"href":"https:\/\/www.diarioimagen.net\/index.php?rest_route=%2Fwp%2Fv2%2Fcomments&post=517268"}],"version-history":[{"count":0,"href":"https:\/\/www.diarioimagen.net\/index.php?rest_route=\/wp\/v2\/posts\/517268\/revisions"}],"wp:featuredmedia":[{"embeddable":true,"href":"https:\/\/www.diarioimagen.net\/index.php?rest_route=\/wp\/v2\/media\/517376"}],"wp:attachment":[{"href":"https:\/\/www.diarioimagen.net\/index.php?rest_route=%2Fwp%2Fv2%2Fmedia&parent=517268"}],"wp:term":[{"taxonomy":"category","embeddable":true,"href":"https:\/\/www.diarioimagen.net\/index.php?rest_route=%2Fwp%2Fv2%2Fcategories&post=517268"},{"taxonomy":"post_tag","embeddable":true,"href":"https:\/\/www.diarioimagen.net\/index.php?rest_route=%2Fwp%2Fv2%2Ftags&post=517268"}],"curies":[{"name":"wp","href":"https:\/\/api.w.org\/{rel}","templated":true}]}}