{"id":517285,"date":"2021-08-16T00:05:40","date_gmt":"2021-08-16T05:05:40","guid":{"rendered":"https:\/\/www.diarioimagen.net\/?p=517285"},"modified":"2021-08-16T03:20:52","modified_gmt":"2021-08-16T08:20:52","slug":"agua-conflicto-regional","status":"publish","type":"post","link":"https:\/\/www.diarioimagen.net\/?p=517285","title":{"rendered":"Agua, conflicto regional"},"content":{"rendered":"<h2>Desde el portal<\/h2>\n<h5>\u00c1ngel Soriano<\/h5>\n<p>&nbsp;<\/p>\n<p>En el baj\u00edo, el presidente Andr\u00e9s Manuel L\u00f3pez Obrador enfrent\u00f3 de manera directa el conflicto regional que representa la construcci\u00f3n de la presa El Zapotillo, proyectada hace m\u00e1s de una d\u00e9cada para resolver el problema de agua en Jalisco y Guanajuato.<\/p>\n<p>De acuerdo al punto de vista t\u00e9cnico, la magna obra fue prevista para evitar inundaciones y aprovechar el agua para usos agr\u00edcolas y dom\u00e9sticos, incluso para captar precipitaciones pluviales m\u00e1s all\u00e1 de los normales.<\/p>\n<p>Y aun con todas las previsiones, la obra qued\u00f3 varada, abandonada, sin cumplir ninguno de sus prop\u00f3sitos y s\u00ed en cambio dejar sin utilidad cuantiosos recursos p\u00fablicos que hoy se pretenden rescatar mediante la reconstrucci\u00f3n de la obra.<\/p>\n<p>Sin embargo, esta no deja satisfecha a los pobladores que argumentan riesgos de inundaciones y desgracias. El presidente L\u00f3pez Obrador asumi\u00f3 la responsabilidad y afirm\u00f3 estar dispuesto a firmar un decreto donde se compromete a resarcir da\u00f1os en caso de siniestro.<\/p>\n<p>Los alcances de la obra deber\u00e1n ser explicados en la regi\u00f3n dentro de un mes por el director de Conagua, Germ\u00e1n Mart\u00ednez Santoyo, en una reuni\u00f3n convocada en Temacapul\u00edn, Jalisco, donde los lugare\u00f1os deber\u00e1n dar el visto bueno para reanudar la presa que, de acuerdo al presidente L\u00f3pez Obrador, en caso de hacerse, el agua no alcanzar\u00e1 para abastecer a Le\u00f3n, Guanajuato, toda vez que la construcci\u00f3n ser\u00e1 menor.<\/p>\n<p>Esto ha inconformado a Guanajuato, que aun cuando el Presidente dijo que buscar\u00e1n otras alternativas para resolver el problema, piden audiencia para hacerse escuchar.<\/p>\n<p>Conflicto similar hay en la regi\u00f3n lagunera, dijo el mismo Presidente, donde activistas ambientales y l\u00edderes obstruyen soluciones porque s\u00f3lo ven una parte, la que les conviene, no el problema social.<\/p>\n<p>Y el problema del agua no es regional. Existe en las ciudades donde las colonias marginadas no tienen acceso al vital l\u00edquido y en las zonas residenciales es escaso. Es un problema del presente, en una disputa por el agua para usos dom\u00e9sticos, agr\u00edcolas e industriales.<\/p>\n<p>Tendr\u00e1n que encontrarse soluciones, no s\u00f3lo entre regiones o estados, sino del pa\u00eds en su conjunto, pues si en el pasado se proyectaron mal las obras, los problemas siguen y se ir\u00e1n acumulando si no hay acuerdo conjunto.<\/p>\n<p><u><a href=\"mailto:asorianocarrasco@yahoo.com\" target=\"_blank\" rel=\"noopener noreferrer\"><em>asorianocarrasco@yahoo.com<\/em><\/a><br \/>\n<em><a href=\"https:\/\/revistabrecha.com\" target=\"_blank\" rel=\"noopener noreferrer\">www.revistabrecha.com<\/a><br \/>\n<a href=\"https:\/\/twitter.com\/brecharevista\" target=\"_blank\" rel=\"noopener noreferrer\">@BrechaRevista<\/a><\/em><\/u><\/p>\n","protected":false},"excerpt":{"rendered":"<p><span style=\"color: #005497;\"><strong>\u00c1ngel Soriano<\/strong><\/span><\/p>\n","protected":false},"author":3,"featured_media":0,"comment_status":"open","ping_status":"open","sticky":false,"template":"","format":"standard","meta":{"_monsterinsights_skip_tracking":false,"_monsterinsights_sitenote_active":false,"_monsterinsights_sitenote_note":"","_monsterinsights_sitenote_category":0,"footnotes":""},"categories":[135],"tags":[85,86,43674],"class_list":["post-517285","post","type-post","status-publish","format-standard","hentry","category-angel-soriano-opinion","tag-angel-soriano","tag-desde-el-portal","tag-opinion"],"_links":{"self":[{"href":"https:\/\/www.diarioimagen.net\/index.php?rest_route=\/wp\/v2\/posts\/517285","targetHints":{"allow":["GET"]}}],"collection":[{"href":"https:\/\/www.diarioimagen.net\/index.php?rest_route=\/wp\/v2\/posts"}],"about":[{"href":"https:\/\/www.diarioimagen.net\/index.php?rest_route=\/wp\/v2\/types\/post"}],"author":[{"embeddable":true,"href":"https:\/\/www.diarioimagen.net\/index.php?rest_route=\/wp\/v2\/users\/3"}],"replies":[{"embeddable":true,"href":"https:\/\/www.diarioimagen.net\/index.php?rest_route=%2Fwp%2Fv2%2Fcomments&post=517285"}],"version-history":[{"count":0,"href":"https:\/\/www.diarioimagen.net\/index.php?rest_route=\/wp\/v2\/posts\/517285\/revisions"}],"wp:attachment":[{"href":"https:\/\/www.diarioimagen.net\/index.php?rest_route=%2Fwp%2Fv2%2Fmedia&parent=517285"}],"wp:term":[{"taxonomy":"category","embeddable":true,"href":"https:\/\/www.diarioimagen.net\/index.php?rest_route=%2Fwp%2Fv2%2Fcategories&post=517285"},{"taxonomy":"post_tag","embeddable":true,"href":"https:\/\/www.diarioimagen.net\/index.php?rest_route=%2Fwp%2Fv2%2Ftags&post=517285"}],"curies":[{"name":"wp","href":"https:\/\/api.w.org\/{rel}","templated":true}]}}