{"id":517292,"date":"2021-08-16T00:08:05","date_gmt":"2021-08-16T05:08:05","guid":{"rendered":"https:\/\/www.diarioimagen.net\/?p=517292"},"modified":"2021-08-16T03:25:17","modified_gmt":"2021-08-16T08:25:17","slug":"el-riesgo-del-retorno-a-las-aulas","status":"publish","type":"post","link":"https:\/\/www.diarioimagen.net\/?p=517292","title":{"rendered":"El riesgo del retorno a las aulas"},"content":{"rendered":"<h2>Punto por punto<\/h2>\n<h5>Augusto Corro<\/h5>\n<p>&nbsp;<\/p>\n<p>En este espacio se\u00f1alamos los inconvenientes del regreso presencial a las aulas, pues surgen cada vez nuevos obst\u00e1culos que deben llevarnos a reflexionar sobre esta compleja decisi\u00f3n de las autoridades. Por ejemplo, en Estados Unidos, uno de los pa\u00edses con m\u00e1s empe\u00f1o en la lucha contra la pandemia de la Covid-19 en d\u00edas recientes se increment\u00f3 la cifra de contagios y hospitalizaciones de ni\u00f1os.<\/p>\n<p>Ante esa situaci\u00f3n se endurecen las medidas para enfrentar la pandemia, que incluyen la posibilidad de suspender el regreso a clases presenciales. En Nueva York, los maestros deben asistir vacunados y someterse a pruebas para detectar el contagio. En Los \u00c1ngeles, el personal docente y los alumnos tendr\u00e1n que hacerse an\u00e1lisis cada semana.<\/p>\n<p>En M\u00e9xico, sigue firme la idea de las autoridades de que regresen millones de ni\u00f1os a las escuelas el pr\u00f3ximo 30 de agosto, en medio de la tercera ola de la Covid-19 con su variante Delta que multiplica los contagios aceleradamente. Ahora ser\u00e1 importante conocer los protocolos de regreso a clases y el por qu\u00e9 de la prisa de las autoridades, poco o nada flexibles, para esperar un tiempo considerable, a fin tomar determinaciones que no pongan en riesgo a la poblaci\u00f3n.<\/p>\n<p>Por supuesto no se trata de un simple regreso a clases, ya que los centros escolares deber\u00e1n estar en condiciones perfectas en materia de higiene y seguridad. No debe tratarse de un experimento que afecte la salud de los ni\u00f1os. Nadie niega que la educaci\u00f3n es b\u00e1sica para el desarrollo de los pueblos, pero se debe entender que vivimos tiempos complejos en los que los m\u00e1s d\u00e9biles son los m\u00e1s afectados.<\/p>\n<p>\u00bfQu\u00e9 piensan hacer las autoridades sanitarias para contrarrestar el avance de la Covid-19 y sus variantes? El viernes se inform\u00f3 que fueron registrados 24 mil nuevos infectados en el pa\u00eds; cifra m\u00e1s que preocupante para aplicar medidas efectivas para contener el avance de la pandemia. Repetimos que una de las defensas contra el virus es la vacuna; pero en M\u00e9xico a\u00fan no podemos cantar victoria.<\/p>\n<p>Las autoridades de diferentes dependencias no se cansan de repetir a cada rato que nuestro pa\u00eds recibe millones de vacunas. \u00bfSi se cuenta con ese n\u00famero de dosis contra virus, por qu\u00e9 no se acelera la campa\u00f1a de tivacunaci\u00f3n? \u00bfQu\u00e9 esperan? Si los \u00faltimos informes, el n\u00famero total de casos positivos confirmados en M\u00e9xico es de 3 millones 91 mil 971; y el total de defunciones lleg\u00f3 a 248 mil 167.<\/p>\n<p>Ojal\u00e1 y las autoridades sanitarias act\u00faen con la seriedad necesaria para contener la tercera ola, la m\u00e1s agresiva de la pandemia que nos coloca en un futuro lleno de incertidumbre. Claro que ser\u00e1n las responsables de que los ni\u00f1os que regresen a las aulas se encuentren protegidos totalmente contra el virus. Por cierto, no tiene sentido la carta responsiva que se plantea a los padres para que asuman la responsabilidad de posibles contagios.<\/p>\n<p>Reiteramos que es responsabilidad y obligaci\u00f3n del gobierno cuidar la salud de los ni\u00f1os. Para nadie es un secreto que un sinn\u00famero de escuelas fue abandonado por los directores y los maestros. Adem\u00e1s, las saquearon. Con el paso de los d\u00edas y sin mantenimiento alguno, las instalaciones se deterioraron. Los centros escolares no son un ejemplo de higiene y ventilaci\u00f3n. Por su parte los expertos sugieren que todav\u00eda no se abran las escuelas con el fin de prepararse en todos sentidos para no arriesgar la salud de los ni\u00f1os y sus familiares.<\/p>\n<p>Mientras, nosotros vamos a continuar con la aplicaci\u00f3n de medidas sanitarias: lavarse las manos, uso adecuado del cubrebocas, sana distancia y los que puedan aislarse. \u00bfUsted qu\u00e9 opina amable lector?<\/p>\n<p><a href=\"mailto:aco2742@hotmail.com\" target=\"_blank\" rel=\"noopener noreferrer\"><em>aco2742@hotmail.com<\/em><\/a><\/p>\n","protected":false},"excerpt":{"rendered":"<p><span style=\"color: #005497;\"><strong>Augusto Corro<\/strong><\/span><\/p>\n","protected":false},"author":3,"featured_media":0,"comment_status":"open","ping_status":"open","sticky":false,"template":"","format":"standard","meta":{"_monsterinsights_skip_tracking":false,"_monsterinsights_sitenote_active":false,"_monsterinsights_sitenote_note":"","_monsterinsights_sitenote_category":0,"footnotes":""},"categories":[157],"tags":[43686,43674,11515],"class_list":["post-517292","post","type-post","status-publish","format-standard","hentry","category-augusto-corro","tag-augusto-corro","tag-opinion","tag-punto-por-punto"],"_links":{"self":[{"href":"https:\/\/www.diarioimagen.net\/index.php?rest_route=\/wp\/v2\/posts\/517292","targetHints":{"allow":["GET"]}}],"collection":[{"href":"https:\/\/www.diarioimagen.net\/index.php?rest_route=\/wp\/v2\/posts"}],"about":[{"href":"https:\/\/www.diarioimagen.net\/index.php?rest_route=\/wp\/v2\/types\/post"}],"author":[{"embeddable":true,"href":"https:\/\/www.diarioimagen.net\/index.php?rest_route=\/wp\/v2\/users\/3"}],"replies":[{"embeddable":true,"href":"https:\/\/www.diarioimagen.net\/index.php?rest_route=%2Fwp%2Fv2%2Fcomments&post=517292"}],"version-history":[{"count":0,"href":"https:\/\/www.diarioimagen.net\/index.php?rest_route=\/wp\/v2\/posts\/517292\/revisions"}],"wp:attachment":[{"href":"https:\/\/www.diarioimagen.net\/index.php?rest_route=%2Fwp%2Fv2%2Fmedia&parent=517292"}],"wp:term":[{"taxonomy":"category","embeddable":true,"href":"https:\/\/www.diarioimagen.net\/index.php?rest_route=%2Fwp%2Fv2%2Fcategories&post=517292"},{"taxonomy":"post_tag","embeddable":true,"href":"https:\/\/www.diarioimagen.net\/index.php?rest_route=%2Fwp%2Fv2%2Ftags&post=517292"}],"curies":[{"name":"wp","href":"https:\/\/api.w.org\/{rel}","templated":true}]}}