{"id":517295,"date":"2021-08-16T00:03:48","date_gmt":"2021-08-16T05:03:48","guid":{"rendered":"https:\/\/www.diarioimagen.net\/?p=517295"},"modified":"2021-08-16T03:27:55","modified_gmt":"2021-08-16T08:27:55","slug":"presencial-obligatoria-para-docentes-opcional-para-estudiantes","status":"publish","type":"post","link":"https:\/\/www.diarioimagen.net\/?p=517295","title":{"rendered":"Presencial: obligatoria para docentes, opcional para estudiantes"},"content":{"rendered":"<h2>Espacio Electoral<\/h2>\n<h5>Eleazar Flores<strong>\u00a0<\/strong><\/h5>\n<p>&nbsp;<\/p>\n<p><strong>HABR\u00c1 RESISTENCIAS-.<\/strong> A nivel interno y por medio de sus estructuras administrativas, la SEP y sus similares estatales han acordado obedecer el \u201cllueve, truene o relampaguee\u201d, sin el valor de decir claramente que lo PRESENCIAL del ciclo escolar ser\u00e1 obligatorio para el magisterio y lo optativo s\u00f3lo para el estudiantado.<\/p>\n<p>Fue la instrucci\u00f3n precisa de la titular de la SEP a los secretarios estatales de Educaci\u00f3n, dada en sus dos d\u00edas de la 53 Reuni\u00f3n Ordinaria del Consejo Nacional de Autoridades Educativas, Conaedu.<\/p>\n<p>Llegar a esta conclusi\u00f3n era urgente, pues a una semana del inicio del ciclo escolar 2021-2022 hab\u00eda incertidumbre y aunque usted no lo crea, sigue habiendo, por la operatividad real de planteles que no s\u00f3lo tienen carencias tan evidentes como matriculas con un promedio de 40 alumnos por grupo.<\/p>\n<p>Es esto \u00faltimo es lo riesgoso pues en un sal\u00f3n de 40 metros cuadrados ser\u00e1 dif\u00edcil albergar a 40 alumnos de preescolar, primaria o secundaria por cinco horas\u2026 pero por eso el gobierno negoci\u00f3 con la dirigencia nacional del Sindicato Nacional de Trabajadores de la Educaci\u00f3n, para aceptar todo.<\/p>\n<p>Doblegado el SNTE, vino la ret\u00f3rica segura y casi retadora del padre de la Cuarta Transformaci\u00f3n con su \u201ctruene, llueva o relampaguee\u201d, s\u00f3lo que algunas fracciones de la Coordinadora Nacional de Trabajadores de la Educaci\u00f3n, CNTE, mantienen sus postura de no a la educaci\u00f3n presencial.<\/p>\n<p>Se ventil\u00f3 una propuesta rechazada de alternar asistencias de alumnos para ir 20 por d\u00eda pero no se lleg\u00f3 a ninguna conclusi\u00f3n.<\/p>\n<p><strong>RESISTENCIAS Y \u00bfPROBLEMAS?-.<\/strong> Se mantiene viva la oposici\u00f3n de la CNTE por lo que podr\u00edan surgir problemas o simplemente ausentismo magisterial en entidades donde tiene mayor presencia y fuerza como Chiapas, Guerrero y sobre todo Michoac\u00e1n, donde la especialidad llega hasta bloquear v\u00edas f\u00e9rreas.<\/p>\n<p>Respecto a los \u201cdiez mandamientos educativos\u201d dados a conocer por la secretaria Delfina G\u00f3mez \u00c1lvarez, mejor cambiar de tema, pues terminar\u00e1n siendo las autoridades educativas estatales las que tomen las decisiones m\u00e1s adecuadas pensando en los alumnos pues la obediencia magisterial es ciega.<\/p>\n<p>En el Estado de M\u00e9xico por ejemplo, se ha ventilado la propuesta inicial de que los alumnos asistan entre cuatro a cinco horas a clases solamente.<\/p>\n<p>A escasa semana del inicio del ciclo escolar seguir\u00e1n escuch\u00e1ndose opiniones no s\u00f3lo de madres y padres de familia o magisterio, tambi\u00e9n de otros sectores cuyos ahorritos los tienen invertidos en planteles particulares.<\/p>\n<p><strong>SECUESTRO-.<\/strong> Preocupaci\u00f3n may\u00fascula por el secuestro expr\u00e9s de la periodista Teresa Monta\u00f1o, a s\u00f3lo 50 d\u00edas del asesinato del reportero Enrique Garc\u00eda sin que las autoridades den con \u00e9l o los culpables de este delito<\/p>\n<p>Ojal\u00e1 y paren estos altos \u00edndices de inseguridad.<\/p>\n<p><em><a href=\"mailto:elefa44@gmail.com\" target=\"_blank\" rel=\"noopener noreferrer\">elefa44@gmail.com<\/a><\/em><\/p>\n","protected":false},"excerpt":{"rendered":"<p><span style=\"color: #005497;\"><strong>Eleazar Flores<\/strong><\/span><\/p>\n","protected":false},"author":3,"featured_media":0,"comment_status":"open","ping_status":"open","sticky":false,"template":"","format":"standard","meta":{"_monsterinsights_skip_tracking":false,"_monsterinsights_sitenote_active":false,"_monsterinsights_sitenote_note":"","_monsterinsights_sitenote_category":0,"footnotes":""},"categories":[81743],"tags":[81744,81776,43674],"class_list":["post-517295","post","type-post","status-publish","format-standard","hentry","category-eleazar-flores","tag-eleazar-flores","tag-espacio-electoral","tag-opinion"],"_links":{"self":[{"href":"https:\/\/www.diarioimagen.net\/index.php?rest_route=\/wp\/v2\/posts\/517295","targetHints":{"allow":["GET"]}}],"collection":[{"href":"https:\/\/www.diarioimagen.net\/index.php?rest_route=\/wp\/v2\/posts"}],"about":[{"href":"https:\/\/www.diarioimagen.net\/index.php?rest_route=\/wp\/v2\/types\/post"}],"author":[{"embeddable":true,"href":"https:\/\/www.diarioimagen.net\/index.php?rest_route=\/wp\/v2\/users\/3"}],"replies":[{"embeddable":true,"href":"https:\/\/www.diarioimagen.net\/index.php?rest_route=%2Fwp%2Fv2%2Fcomments&post=517295"}],"version-history":[{"count":0,"href":"https:\/\/www.diarioimagen.net\/index.php?rest_route=\/wp\/v2\/posts\/517295\/revisions"}],"wp:attachment":[{"href":"https:\/\/www.diarioimagen.net\/index.php?rest_route=%2Fwp%2Fv2%2Fmedia&parent=517295"}],"wp:term":[{"taxonomy":"category","embeddable":true,"href":"https:\/\/www.diarioimagen.net\/index.php?rest_route=%2Fwp%2Fv2%2Fcategories&post=517295"},{"taxonomy":"post_tag","embeddable":true,"href":"https:\/\/www.diarioimagen.net\/index.php?rest_route=%2Fwp%2Fv2%2Ftags&post=517295"}],"curies":[{"name":"wp","href":"https:\/\/api.w.org\/{rel}","templated":true}]}}