{"id":517306,"date":"2021-08-16T00:08:49","date_gmt":"2021-08-16T05:08:49","guid":{"rendered":"https:\/\/www.diarioimagen.net\/?p=517306"},"modified":"2021-08-16T03:41:46","modified_gmt":"2021-08-16T08:41:46","slug":"conservadores-y-neoliberales-expulsados-de-la-universidad-para-el-bienestar","status":"publish","type":"post","link":"https:\/\/www.diarioimagen.net\/?p=517306","title":{"rendered":"Conservadores y neoliberales, expulsados de la Universidad para el Bienestar"},"content":{"rendered":"<h2>Clase Pol\u00edtica<\/h2>\n<h5>Miguel \u00c1ngel Rivera<\/h5>\n<p>&nbsp;<\/p>\n<p>La Universidad para el Bienestar Benito Ju\u00e1rez Garc\u00eda (UBBJ) es uno de los proyectos de la la llamada Cuarta Transformaci\u00f3n que han recibido una aprobaci\u00f3n generalizada, a pesar de que, por contrapartida, ha servido para justificar el recorte de las aportaciones federales a instituciones de educaci\u00f3n superior p\u00fablicas o privadas.<\/p>\n<p>La idea central, desde que la anunci\u00f3 el presidente Andr\u00e9s Manuel L\u00f3pez Obrador, consiste en solucionar el problema del rechazo, a\u00f1o con a\u00f1o, de miles de aspirantes que no encuentran sitio en las instituciones de educaci\u00f3n superior.<\/p>\n<p>De acuerdo con estimaciones de las autoridades de la UBBJG (en agosto de 2020), cada a\u00f1o se suman cerca de trescientos mil j\u00f3venes y adultos que aspiran sin \u00e9xito a ingresar en la educaci\u00f3n superior, pese a que obtuvieron certificados de bachillerato en instituciones p\u00fablicas o privadas.<\/p>\n<p>El problema, como la generalidad de los proyectos de gran alcance, es que una cosa es pensarlos y otra muy distinta ponerlos en pr\u00e1ctica y lograr que sean exitosos.<\/p>\n<p>La titular del Organismo Coordinador de Las Universidades para el Bienestar Benito Ju\u00e1rez Garc\u00eda (UBBJG), Raquel Sosa El\u00edzaga inform\u00f3 que la instituci\u00f3n tiene capacidad para atender a 80 mil estudiantes y se avanza en el proceso de construcci\u00f3n de 45 sedes m\u00e1s, con lo cual sumar\u00e1n 145 universidades.<\/p>\n<p>Lo que s\u00ed es un hecho es que hasta ahora no se ha graduado ning\u00fan alumno, simplemente por que no hay tiempo suficiente para concluir los estudios, pues esa instituci\u00f3n p\u00fablica de educaci\u00f3n superior fue creada por decreto del 30 de julio de 2019, es decir apenas han transcurrido escasos dos a\u00f1os desde su fundaci\u00f3n en el papel y todav\u00eda menos desde que se iniciaron las clases.<\/p>\n<p style=\"text-align: center;\"><strong>Los profesores no aceptan trabajar sin recibir un<br \/>\nsalario, ni seguir una sola l\u00ednea de pensamiento<\/strong><\/p>\n<p>A pesar de su corta vida, la UBBJG como gran parte de las instituciones de educaci\u00f3n superior de M\u00e9xico, lo que ya empez\u00f3 a experimentar es problemas laborales con su cuerpo de profesores.<\/p>\n<p>Apenas el pasado d\u00eda 12 del presente mes, un grupo de 70 docentes y asistentes acad\u00e9micos, fundadores de la Universidad para el Bienestar Benito Ju\u00e1rez (UBBJ), denunci\u00f3 despidos injustificados y violaciones laborales.<\/p>\n<p>Se trata de profesores y asistentes despedidos de Aguascalientes, Baja California, Ciudad de M\u00e9xico, Chiapas, Coahuila, Estado de M\u00e9xico, Guerrero, Hidalgo, Jalisco, Michoac\u00e1n, Oaxaca, Puebla, San Luis Potos\u00ed, Sinaloa, Sonora, Tabasco, Tlaxcala, Veracruz y Zacatecas, quienes manifestaron su inconformidad \u201csobre esta decisi\u00f3n unilateral y sin sustento por parte de la direcci\u00f3n general del Organismo Coordinador de las Universidades para el Bienestar Benito Ju\u00e1rez Garc\u00eda\u201d.<\/p>\n<p>En una carta p\u00fablica informaron que han experimentado violaciones laborales por parte de la direcci\u00f3n general, a cargo de Raquel Sosa El\u00edzaga, y la direcci\u00f3n acad\u00e9mica de las instituciones.<\/p>\n<p>\u201cA los trabajadores se nos ha obligado a firmar convenios de prestaciones por servicios educativos, con el objetivo de no reconocer nuestra condici\u00f3n de trabajadores y con ello negarnos nuestros derechos humanos y laborales establecidos en el art\u00edculo 123 de la Constituci\u00f3n. Esta serie de violaciones laborales han culminado en nuestro despido injustificado en plena pandemia Covid-19\u201d, denunciaron.<\/p>\n<p>En su declaraci\u00f3n p\u00fablica, los docentes tambi\u00e9n manifestaron \u201cnuestra inconformidad sobre esta decisi\u00f3n unilateral y sin sustento por parte de la direcci\u00f3n general del Organismo Coordinador de las Universidades para el Bienestar Benito Ju\u00e1rez Garc\u00eda\u201d.<\/p>\n<p>Asimismo, destacaron que no se trata de improvisados pues aprobaron un examen de admisi\u00f3n, y \u201cla mayor\u00eda de las y los trabajadores despedidos contamos con estudios de posgrado, 60 % tenemos estudios de maestr\u00eda, 24% estudios de doctorado y 6% pertenecemos al Sistema Nacional de Investigadores\u201d.<\/p>\n<p>\u201cAdem\u00e1s, contamos con experiencia en trabajo comunitario (organizaci\u00f3n, gesti\u00f3n y producci\u00f3n). Al momento de sumarnos al proyecto de las UBBJ lo hicimos convencidos de la necesidad de una educaci\u00f3n gratuita y transdisciplinaria basada en elementos t\u00e9cnicos y human\u00edsticos para los sectores m\u00e1s desprotegidos de la naci\u00f3n mexicana y es bajo este enfoque que hemos laborado ininterrumpidamente en nuestras sedes.<\/p>\n<p>\u201cDentro del \u00e1mbito de nuestro desempe\u00f1o profesional hemos cumplido cabalmente las funciones asignadas. A\u00fan m\u00e1s, hemos trabajado arduamente en m\u00faltiples funciones que trascienden nuestro perfil profesional, as\u00ed hemos realizado actividades complementarias de gesti\u00f3n, administraci\u00f3n y provisi\u00f3n de recursos\u201d, mencionaron.<\/p>\n<p>Los profesores inconformes piden reconocimiento a la relaci\u00f3n laboral, reinstalaci\u00f3n de todos los profesores y asistentes acad\u00e9micos despedidos, seguridad social, reconocimiento a su antig\u00fcedad y pago de la jornada laboral completa y el cumplimiento de otras demandas de tipo laboral.<\/p>\n<p>En este pliego petitorio sorprende que tambi\u00e9n demandan <strong><em>Libertad de c\u00e1tedra<\/em><\/strong>.<\/p>\n<p style=\"text-align: center;\"><strong>Las autoridades responden: \u201cno queremos conservadores ni neoliberales\u201d<\/strong><\/p>\n<p>Como se aprecia, el conflicto rebasa los l\u00edmites de lo estrictamente relacionado con asuntos laborales para entrar en el terreno de lo ideol\u00f3gico y lo pol\u00edtico.<\/p>\n<p>Lejos de rechazar la suposici\u00f3n de que se trata de imponer en la UBBJG una sola l\u00ednea de pensamiento, en su respuesta a las denuncias de los profesores, la titular del Organismo Coordinador de las Universidades para el Bienestar Benito Ju\u00e1rez Garc\u00eda, la intelectual Raquel Sosa El\u00edzaga, soci\u00f3loga, doctora en Historia, maestra en Estudios Latinoamericanos por la UNAM, quien fue senadora suplente por el PRD, confirm\u00f3 que no se aceptan profesores \u201cconservadores ni neoliberales\u201d.<\/p>\n<p>En cuanto a las protestas de los profesores, respondi\u00f3 que no existen despidos masivos, sino que se trata de renovaci\u00f3n de convenios cada seis meses como lo instruy\u00f3 la Secretar\u00eda de la Funci\u00f3n P\u00fablica (SFP), una de las cinco secretar\u00edas que integran el \u00f3rgano de gobierno de esa instituci\u00f3n.<\/p>\n<p>\u201cEl programa de nosotros, y eso lo saben todos los docentes que colaboran con nosotros, en todos los procesos de inducci\u00f3n se les se\u00f1ala, este es un programa \u00edntegramente constituido por subsidios. Entonces, no hay contratos, hay convenios. Y no podemos entregar prestaciones laborales a personas que est\u00e1n teniendo un subsidio. Esa es la condici\u00f3n de todo el programa\u201d, asegur\u00f3.<\/p>\n<p>Explic\u00f3 que \u201cno tenemos gastos de operaci\u00f3n, no tenemos ni personal administrativo ni de estructura en ninguna de las sedes. Funciona de esa manera y hasta ahora hemos funcionado afortunadamente muy bien\u201d.<\/p>\n<p>Tambi\u00e9n indic\u00f3 que, en tres a\u00f1os, no se han incrementado los recursos presupuestales, pese a lo cual \u201chemos podido construir los planteles y pagarles a los docentes, incluso durante toda la pandemia, estuvieran presentes o no, y les mantuvimos su retribuci\u00f3n de tiempo completo\u201d, asegur\u00f3 en entrevista con Laura Poy, de <strong><em>La Jornada<\/em><\/strong>.<\/p>\n<p>La titular de la UBBJG denunci\u00f3 \u201ccomportamientos impropios\u201d de docentes y coordinadores acad\u00e9micos, con casos de hostigamiento, discriminaci\u00f3n, autoritarismo e incapacidad para realizar trabajo colectivo.<\/p>\n<p>El diario <em>La Cr\u00f3nica<\/em>, en nota firmada por Mario D. Carrillo destaca que \u201clos despidos de docentes y asistentes acad\u00e9micos en las universidades de la 4T que se han registrado de forma masiva en semanas recientes, son respuesta a una orden de la coordinadora general de las UBBJ, Sosa El\u00edzaga, quien comunic\u00f3 en una reuni\u00f3n con los coordinadores de las 140 sedes, que se tomar\u00edan medidas contra quienes tuvieran carreras como Pedagog\u00eda, Psicolog\u00eda y Comunicaci\u00f3n, ya que, a su decir, tienen una formaci\u00f3n neoliberal que no tiene cabida en este proyecto educativo.<\/p>\n<p>\u201cCoordinadores acad\u00e9micos contactados por <em>La Cr\u00f3nica<\/em>, se\u00f1alaron que Raquel Sosa El\u00edzaga advirti\u00f3 sobre estas represalias durante la reuni\u00f3n semanal que de manera virtual sostuvieron con ella el lunes 19 de abril, audio del que este diario tiene una copia, y en donde adem\u00e1s de tratar otros asuntos referentes a la UBBJ, se destac\u00f3 el punto de que se tomar\u00edan medidas, entre ellas cesar a docentes y asistentes acad\u00e9micos que por su formaci\u00f3n educativa, diferente a la ideolog\u00eda de la coordinadora general de estas universidades, no deber\u00edan estar en este proyecto alternativo de educaci\u00f3n, pues son considerados como conservadores\u201d.<\/p>\n<p><a href=\"mailto:riparcangel@hotmail.com\" target=\"_blank\" rel=\"noopener noreferrer\"><em>riparcangel@hotmail.com<\/em><\/a><\/p>\n","protected":false},"excerpt":{"rendered":"<p><span style=\"color: #005497;\"><strong>Miguel \u00c1ngel Rivera<\/strong><\/span><\/p>\n","protected":false},"author":3,"featured_media":0,"comment_status":"open","ping_status":"open","sticky":false,"template":"","format":"standard","meta":{"_monsterinsights_skip_tracking":false,"_monsterinsights_sitenote_active":false,"_monsterinsights_sitenote_note":"","_monsterinsights_sitenote_category":0,"footnotes":""},"categories":[84119],"tags":[84120,84121,43674],"class_list":["post-517306","post","type-post","status-publish","format-standard","hentry","category-miguel-angel-rivera","tag-clase-politica","tag-miguel-angel-rivera","tag-opinion"],"_links":{"self":[{"href":"https:\/\/www.diarioimagen.net\/index.php?rest_route=\/wp\/v2\/posts\/517306","targetHints":{"allow":["GET"]}}],"collection":[{"href":"https:\/\/www.diarioimagen.net\/index.php?rest_route=\/wp\/v2\/posts"}],"about":[{"href":"https:\/\/www.diarioimagen.net\/index.php?rest_route=\/wp\/v2\/types\/post"}],"author":[{"embeddable":true,"href":"https:\/\/www.diarioimagen.net\/index.php?rest_route=\/wp\/v2\/users\/3"}],"replies":[{"embeddable":true,"href":"https:\/\/www.diarioimagen.net\/index.php?rest_route=%2Fwp%2Fv2%2Fcomments&post=517306"}],"version-history":[{"count":0,"href":"https:\/\/www.diarioimagen.net\/index.php?rest_route=\/wp\/v2\/posts\/517306\/revisions"}],"wp:attachment":[{"href":"https:\/\/www.diarioimagen.net\/index.php?rest_route=%2Fwp%2Fv2%2Fmedia&parent=517306"}],"wp:term":[{"taxonomy":"category","embeddable":true,"href":"https:\/\/www.diarioimagen.net\/index.php?rest_route=%2Fwp%2Fv2%2Fcategories&post=517306"},{"taxonomy":"post_tag","embeddable":true,"href":"https:\/\/www.diarioimagen.net\/index.php?rest_route=%2Fwp%2Fv2%2Ftags&post=517306"}],"curies":[{"name":"wp","href":"https:\/\/api.w.org\/{rel}","templated":true}]}}