{"id":517316,"date":"2021-08-16T00:15:41","date_gmt":"2021-08-16T05:15:41","guid":{"rendered":"https:\/\/www.diarioimagen.net\/?p=517316"},"modified":"2021-08-18T02:11:16","modified_gmt":"2021-08-18T07:11:16","slug":"a-quinientos-anos-de-la-caida-de-tenochtitlan","status":"publish","type":"post","link":"https:\/\/www.diarioimagen.net\/?p=517316","title":{"rendered":"A quinientos a\u00f1os de la ca\u00edda de Tenochtitl\u00e1n"},"content":{"rendered":"<h2>Por la Derecha..!<\/h2>\n<h5>Luis \u00c1ngel Garc\u00eda<\/h5>\n<p>&nbsp;<\/p>\n<p>Conmemoremos sin afanes patrioteros ni chauvinistas la ca\u00edda del Imperio Azteca y la fundaci\u00f3n de la Nueva Espa\u00f1a, origen de nuestro pa\u00eds. El 13 de agosto de 1521 capitularon los mexicas y se destruy\u00f3 La Gran Tenochtitl\u00e1n, as\u00ed comenzaron tres siglos de colonizaci\u00f3n espa\u00f1ola tras los cuales surge el M\u00e9xico Independiente.<\/p>\n<p>A doscientos a\u00f1os de vida soberana, las generaciones posrevolucionarias hemos crecido con una acendrada fobia hacia los espa\u00f1oles, alentada por un mal entendido nacionalismo que abrevamos de la historia oficial.<\/p>\n<p>En este sexenio especialmente se ha querido revivir ese a\u00f1ejo antagonismo, ese absurdo coraje contra los conquistadores que nos hace negar el sincretismo de nuestro mestizaje.<\/p>\n<p>La historia oficial se reescribe con m\u00e1s rencor, mitos e imprecisiones hist\u00f3ricas que exacerban un origen azteca recalcitrante que evita descubrirnos a nosotros mismos. En esta nueva embestida contra el mestizaje se incurre hasta en errores hist\u00f3ricos como decir que la Gran Tenochtitl\u00e1n se fund\u00f3 en 1321 para hacerlo coincidir con la consumaci\u00f3n de la Independencia y as\u00ed tener la posibilidad de mostrar nuestro resentimiento contra los gachupines.<\/p>\n<p>Los historiadores serios marcan la fecha de fundaci\u00f3n\u00a0 de Tenochtitl\u00e1n en 1325 \u2014pero entonces este gobierno no podr\u00eda conmemorar nada\u2014, a\u00f1o en que culmin\u00f3 la peregrinaci\u00f3n azteca que sali\u00f3 de Aztl\u00e1n dos siglos atr\u00e1s.<\/p>\n<p>El intento por borrar nuestro pasado de conquistados los ha hecho cambiar el nombre del \u00c1rbol de la Noche Triste, lugar donde llor\u00f3 Hern\u00e1n Cort\u00e9s su derrota all\u00e1 en Popotla, por el de la Noche Victoriosa, lo cual no dice nada a los chilangos ni reivindica una nueva batalla; o el quitarle la nomenclatura a la calle de Puente de Alvarado por el de la Gran Tenochtitl\u00e1n, que por cierto esa calle era un canal a las afueras de la ciudad, lugar donde se hundi\u00f3 el tesoro robado por el conquistador.<\/p>\n<p>Con motivo del aniversario de la ca\u00edda del Imperio Azteca -el cual sucumbi\u00f3 no s\u00f3lo por las armas espa\u00f1olas, sino por la alianza de los invasores con los enemigos locales de los mexicas, a quienes odiaban sus vecinos por los afanes expansionistas de los guerreros mexicas, as\u00ed como por los tributos que ten\u00edan que pagar los pueblos sojuzgados.<\/p>\n<p>No eran muy queridos los herederos de Huitzilopochtli\u2014, la actual administraci\u00f3n le quiere hacer una estatua a la int\u00e9rprete que utilizaron los tlaxcaltecas con Cort\u00e9s, La Malinche \u2014madre del mestizo Mart\u00edn Cort\u00e9s-, figura emblem\u00e1tica de la traici\u00f3n en M\u00e9xico. La acci\u00f3n reivindicatoria pretende resaltar la imagen de la mujer ind\u00edgena, pero esta decisi\u00f3n controvertida no satisface a la gente que aborrece el malinchismo. Los historiadores oficiales insisten en contar la versi\u00f3n de los vencidos, trabajo que les ahorr\u00f3 el gran Miguel Le\u00f3n Portilla, pero no es v\u00e1lido insistir en una visi\u00f3n maniquea de la conquista, tan sanguinarios fueron los hispanos como los aztecas e igual de imperialistas.<\/p>\n<p>Esta nueva actitud de exigir un perd\u00f3n por algo que no hicieron los ib\u00e9ricos contempor\u00e1neos, sobre todo cuando no exist\u00eda ni M\u00e9xico ni Espa\u00f1a es un contrasentido que polariza a la poblaci\u00f3n misma. Esa confrontaci\u00f3n es alentada por los testaferros del r\u00e9gimen que llegan al absurdo de proponer que en los terrenos del cancelado Aeropuerto de Texcoco se haga una reproducci\u00f3n a tama\u00f1o real de la Gran Tenochtitl\u00e1n y se explote como parque de diversiones tipo <em>Disneyland<\/em>. Por lo pronto ya hicieron una reproducci\u00f3n del Templo Mayor en el Z\u00f3calo para la magna ocasi\u00f3n.<\/p>\n<p>M\u00e1s all\u00e1 de fobias y filias, los mexicanos del siglo XXI deben estar orgullosos de su pasado ind\u00edgena y europeo, pero entender que el sincretismo de una nueva cultura est\u00e1 m\u00e1s all\u00e1 de sentirse conquistados. Efectivamente sufrimos tres siglos de dominaci\u00f3n, pero llevamos dos centurias de ser independientes y no somos la gran potencia que debi\u00e9ramos. Le quedamos mucho a deber a la naci\u00f3n, enterremos el pasado y forjemos el glorioso pa\u00eds a que estamos destinados.<\/p>\n","protected":false},"excerpt":{"rendered":"<p><span style=\"color: #005497;\"><strong>Luis \u00c1ngel Garc\u00eda<\/strong><\/span><br \/>\n<br \/>\nConmemoremos sin afanes patrioteros ni chauvinistas la ca\u00edda del Imperio Azteca y la fundaci\u00f3n de la Nueva Espa\u00f1a, origen de nuestro pa\u00eds. El 13 de agosto de 1521 capitularon los mexicas y se destruy\u00f3 La Gran Tenochtitl\u00e1n, as\u00ed comenzaron tres siglos de colonizaci\u00f3n espa\u00f1ola tras los cuales surge el M\u00e9xico Independiente.<\/p>\n","protected":false},"author":3,"featured_media":0,"comment_status":"open","ping_status":"open","sticky":false,"template":"","format":"standard","meta":{"_monsterinsights_skip_tracking":false,"_monsterinsights_sitenote_active":false,"_monsterinsights_sitenote_note":"","_monsterinsights_sitenote_category":0,"footnotes":""},"categories":[92115],"tags":[92117,43674,92116],"class_list":["post-517316","post","type-post","status-publish","format-standard","hentry","category-luis-angel-garcia","tag-luis-angel-garcia","tag-opinion","tag-por-la-derecha"],"_links":{"self":[{"href":"https:\/\/www.diarioimagen.net\/index.php?rest_route=\/wp\/v2\/posts\/517316","targetHints":{"allow":["GET"]}}],"collection":[{"href":"https:\/\/www.diarioimagen.net\/index.php?rest_route=\/wp\/v2\/posts"}],"about":[{"href":"https:\/\/www.diarioimagen.net\/index.php?rest_route=\/wp\/v2\/types\/post"}],"author":[{"embeddable":true,"href":"https:\/\/www.diarioimagen.net\/index.php?rest_route=\/wp\/v2\/users\/3"}],"replies":[{"embeddable":true,"href":"https:\/\/www.diarioimagen.net\/index.php?rest_route=%2Fwp%2Fv2%2Fcomments&post=517316"}],"version-history":[{"count":0,"href":"https:\/\/www.diarioimagen.net\/index.php?rest_route=\/wp\/v2\/posts\/517316\/revisions"}],"wp:attachment":[{"href":"https:\/\/www.diarioimagen.net\/index.php?rest_route=%2Fwp%2Fv2%2Fmedia&parent=517316"}],"wp:term":[{"taxonomy":"category","embeddable":true,"href":"https:\/\/www.diarioimagen.net\/index.php?rest_route=%2Fwp%2Fv2%2Fcategories&post=517316"},{"taxonomy":"post_tag","embeddable":true,"href":"https:\/\/www.diarioimagen.net\/index.php?rest_route=%2Fwp%2Fv2%2Ftags&post=517316"}],"curies":[{"name":"wp","href":"https:\/\/api.w.org\/{rel}","templated":true}]}}