{"id":517323,"date":"2021-08-16T00:00:22","date_gmt":"2021-08-16T05:00:22","guid":{"rendered":"https:\/\/www.diarioimagen.net\/?p=517323"},"modified":"2021-08-16T04:07:29","modified_gmt":"2021-08-16T09:07:29","slug":"el-world-meetings-forum-llegara-a-cancun-en-noviembre","status":"publish","type":"post","link":"https:\/\/www.diarioimagen.net\/?p=517323","title":{"rendered":"El World Meetings Forum llegar\u00e1 a Canc\u00fan en noviembre"},"content":{"rendered":"<h2>Hora 14<\/h2>\n<h5>Mauricio Conde Olivares<\/h5>\n<p>&nbsp;<\/p>\n<p>En noviembre pr\u00f3ximo tendr\u00e1 lugar en Canc\u00fan el World Meetings F\u00f3rum como parte de la reactivaci\u00f3n del sector de las exposiciones presenciales en M\u00e9xico que ya inici\u00f3 exitosamente los d\u00edas 10 al 12 de agosto con la 25 Expo El\u00e9ctrica Internacional, Expo El\u00e9ctrica Automatizaci\u00f3n y Expo El\u00e9ctrica Solar, en Expo Santa Fe M\u00e9xico, a la que asistieron con registro alrededor de 15 mil compradores profesionales.<\/p>\n<p>Este magno evento cerr\u00f3 con saldo blanco, pues todos sin excepci\u00f3n cumplieron y atendieron los protocolos de bioseguridad por la pandemia del COVID-19 dictadas por las autoridades de salud del gobierno capitalino y que sigui\u00f3 con eficiencia el comit\u00e9 organizador.<\/p>\n<p>Ning\u00fan contagio y el saldo fue en consecuencia exitoso y muy bueno, nos comentan.<\/p>\n<p>Con el evento presencial y masivo comenz\u00f3 la reactivaci\u00f3n de este importante sector econ\u00f3mico en M\u00e9xico. Se aplicaron todos los protocolos de bioseguridad para evitar contagios: Uso obligatorio de cubrebocas, aplicaci\u00f3n de gel antibacterial, ingreso por arcos sanitizantes y nebulizadores, toma de temperatura a trav\u00e9s de tecnolog\u00eda electr\u00f3nica y la presentaci\u00f3n al ingreso y salida del QR respectivo. Todo con estricto apego a la norma.<\/p>\n<p>El presidente y director del comit\u00e9 organizador de las expos El\u00e9ctrica Internacional, Automatizaci\u00f3n y Solar, Alberto Larios Segura, inform\u00f3 que el espacio de piso de exhibici\u00f3n fue superior los 20 mil metros cuadrados, en donde las 149 empresas exhibieron todo lo nuevo en materiales, productos y equipos de alta generaci\u00f3n para la Industria El\u00e9ctrica de baja tensi\u00f3n.<\/p>\n<p>Se concretaron miles de citas de negocios entre las 149 empresas con los alrededor de 15 mil compradores profesionales que asistieron a las expo El\u00e9ctrica, Automatizaci\u00f3n y Solar las cuales no se realizaban desde el a\u00f1o 2019, antes de que se decretara la pandemia del Covid-19.<\/p>\n<p>Afirm\u00f3 que los expositores y compradores confiaron estar muy contentos con los resultados positivos de las expos El\u00e9ctrica, Automatizaci\u00f3n y Solar que rebasaron todas las expectativas sobre todo por las condiciones sanitarias en las que se encuentra el pa\u00eds y la Ciudad de M\u00e9xico. No se llegaron a los n\u00fameros de asistentes acostumbrados que se registraron en el 2019 y que superaron los 30 mil, pero si se alcanzaron los niveles esperados luego de 26 meses de inactividad.<\/p>\n<p>Reiter\u00f3 que de \u00e9sta se sali\u00f3 bien y sobre todo se coadyuvo a reactivar al sector de las exposiciones, adem\u00e1s de demostrar que en situaciones tan complicadas con las actuales si se puede seguir trabajando con todos los cuidados para minimizar los riesgos.<\/p>\n<p>Las expos El\u00e9ctrica Internacional, Automatizaci\u00f3n y Solar forman parte de esta importante Industria para el desarrollo el\u00e9ctrico del pa\u00eds. Hubo paneles con m\u00e1s de 100 conferencias magistrales dictadas por destacados ponentes a nivel nacional e internacional; se analiz\u00f3 la situaci\u00f3n de la Industria El\u00e9ctrica actual y las expectativas que se tienen con el desarrollo de energ\u00edas limpias, entre otros temas de relevancia.<\/p>\n<p>Durante tres d\u00edas se vieron las \u00faltimas tendencias en iluminaci\u00f3n, eficiencia energ\u00e9tica, material y equipo el\u00e9ctrico, energ\u00edas renovables, soluciones para la calidad de la energ\u00eda y otros aspectos de mucha relevancia para la Industria El\u00e9ctrica.<\/p>\n<p>Las expos El\u00e9ctrica Internacional, Automatizaci\u00f3n y Solar, se consolidaron como la mejor plataforma de negocios en materia de iluminaci\u00f3n, control, automatizaci\u00f3n, material, equipo el\u00e9ctrico y energ\u00edas sustentables en donde las empresas fueron visitadas por compradores profesionales que est\u00e1n en busca de productos y soluciones. Encontraron lo \u00faltimo en tecnolog\u00eda de vanguardia, los visitantes se caracterizaron por el alto perfil en la toma de decisi\u00f3n. Fue el foro ideal para la presentaci\u00f3n y lanzamiento de nuevos productos y soluciones.<\/p>\n<p>Uno de los argumentos m\u00e1s importantes fue el amplio programa educativo, con cinco salones de conferencias t\u00e9cnicas, que fueron impartidas por los principales ponentes del sector en 100 conferencias magistrales.<\/p>\n<p>El abanico de productos y soluciones propuesto a los asistentes hace de Expo El\u00e9ctrica Internacional un certamen irrenunciable no solo para comerciantes y contratistas, sino tambi\u00e9n para la industria manufacturera.<\/p>\n<p>Las tres \u00e1reas tem\u00e1ticas principales fueron: material y equipo el\u00e9ctrico\/iluminaci\u00f3n, energ\u00eda fotovoltaica, industria, demuestran como Expo El\u00e9ctrica Internacional sabe renovarse y crecer, a\u00f1o tras a\u00f1o.<\/p>\n<p>Los visitantes a las expos El\u00e9ctrica Internacional, Automatizaci\u00f3n y Solar vinieron de Am\u00e9rica en un 77 por ciento; Europa, un 8 por ciento, y Asia, un 15 por ciento.<\/p>\n<p>El perfil del visitante especialista en su \u00e1rea cont\u00f3 con la capacidad de decisi\u00f3n en la compra de los productos que fueron exhibidos: Directores generales, Directores de obra, Ejecutivos de operaciones, Ingenieros civiles, Jefes de mantenimiento, Especialistas en proyectos de energ\u00eda solar, Comerciantes mayoristas, Dise\u00f1adores e ingenieros de iluminaci\u00f3n, Compradores del sector gobierno, Ingenieros corporativos e industriales, Ingenieros mec\u00e1nicos y electricistas, entre otros.<\/p>\n<p>Por otra parte, le informo que ante las consecuencias de la pandemia que inici\u00f3 en el 2020 y otros acontecimientos naturales, sociales y econ\u00f3micos, podemos darnos cuenta sobre la importancia de pensar antes que nada en el crecimiento sostenible y priorizar el futuro. En la construcci\u00f3n tambi\u00e9n es importante planificar, dise\u00f1ar y construir para el futuro, y es en donde la tecnolog\u00eda tiene un papel relevante en su b\u00fasqueda por mejorar, revolucionar y disminuir su impacto en el medio ambiente.<\/p>\n<p>Durante muchos a\u00f1os, el proceso Inteligente de Modelado en 3D para la Construcci\u00f3n (BIM) ha permitido que Amanco Wavin pueda contribuir para poder tener un rendimiento limpio, eficiente y sostenible en la construcci\u00f3n. La oferta de Amanco Wavin incluye las herramientas y programas BIM m\u00e1s comunes que existen, denominado \u2018Revit\u2019 y es adecuado tanto para edificios como para la infraestructura, carreteras, puentes, etc.<\/p>\n<p>\u00bfQu\u00e9 es el Modelado de Informaci\u00f3n de Construcci\u00f3n (BIM)?<\/p>\n<p>Es una metodolog\u00eda de trabajo colaborativo aplicada al sector de la construcci\u00f3n, que se compone de una colecci\u00f3n de datos de un edificio organizados para facilitar la gesti\u00f3n de proyectos de ingenier\u00eda, arquitectura y construcci\u00f3n, cuyo objetivo es obtener mejoras en el resultado y eficacia en los procesos. Todos los profesionales implicados en un proyecto de construcci\u00f3n pueden trabajar sobre un \u00fanico proyecto en tiempo real con acceso a la misma informaci\u00f3n. Todo el ciclo de vida de un proyecto se dise\u00f1a y se documenta mediante la metodolog\u00eda BIM, con la cual se puede crear una representaci\u00f3n digital 100% de las caracter\u00edsticas f\u00edsicas y funcionales de un proyecto de construcci\u00f3n antes de realizarse.<\/p>\n<p>BIM es una metodolog\u00eda para el modelado 3D, adem\u00e1s de poder experimentar con diferentes dise\u00f1os, una vez que el edificio est\u00e1 terminado, tambi\u00e9n ofrece posibilidades de an\u00e1lisis y mantenimiento de datos. Adem\u00e1s de eso, proporciona las herramientas para ayudar a todas las partes involucradas en todas las fases de un proyecto de construcci\u00f3n, desde el electricista hasta el plomero y el arquitecto, cada uno aportando su experiencia. Al trabajar con BIM, se crea una base s\u00f3lida para la toma de decisiones a lo largo del ciclo de vida de un proyecto.<\/p>\n<p>Un ejemplo del uso y beneficios de BIM es la construcci\u00f3n del nuevo Aeropuerto Internacional de Palmerola, en Honduras, este software permiti\u00f3 ejecutar una serie de herramientas tecnol\u00f3gicas para disminuir el impacto de la construcci\u00f3n de esta edificaci\u00f3n en el ambiente. El aeropuerto se encuentra rodeado de monta\u00f1as y se ve afectado por el paso de huracanes y tormentas tropicales que inundan la pista y los edificios de la terminal. Para evitarlo, se instal\u00f3 un eficiente sistema de drenaje pluvial sif\u00f3nico llamado QuickStream de Amanco Wavin, una soluci\u00f3n para desalojar el agua de lluvia en cubiertas y adecuada para grandes superficies como pistas de aeropuertos.<\/p>\n<p>El proyecto cont\u00f3 con el desarrollo de la metodolog\u00eda BIM, y permiti\u00f3 que un equipo de gerentes de productos globales, ingenieros t\u00e9cnicos y el equipo comercial de Wavin Honduras trabajaran juntos.<\/p>\n<p>De acuerdo con Joel Guzm\u00e1n, Arquitecto T\u00e9cnico, \u201cel avance de este proyecto ha sido fluido y puntual gracias a BIM. Tener los diferentes sistemas de productos utilizando la misma metodolog\u00eda de modelado de construcci\u00f3n es excelente\u201d.<\/p>\n<p>Uno de los principales beneficios del uso de estas herramientas tecnol\u00f3gicas fue un ahorro del 30% en el tiempo de instalaci\u00f3n, as\u00ed como una lista de materiales precisa y una interacci\u00f3n efectiva entre los especialistas gracias a la adopci\u00f3n de BIM.<\/p>\n<p>\u201cEn cada fase del ciclo de vida de un edificio, el uso de nuestros productos con el respaldo de BIM permite pr\u00e1cticas rentables, conscientes de los residuos y m\u00e1s respetuosas con el medio ambiente, es lo que hace que BIM sea m\u00e1s sostenible\u201d, coment\u00f3 Felipe Mier, director de Amanco Wavin M\u00e9xico.<\/p>\n<p>\u201cEs as\u00ed como continuamos con nuestra propuesta y compromiso de construir entornos saludables y sostenibles, y trabajar para lograr un mejor rendimiento de construcci\u00f3n\u201d, se\u00f1al\u00f3; empero, lo anterior ser\u00e1 motivo de posterior an\u00e1lisis en otra entrega de <strong><em>Hora 14<\/em><\/strong>.<\/p>\n<p><em><a href=\"mailto:%20mauricio_conde@msn.com\" target=\"_blank\" rel=\"noopener noreferrer\">mauricioconde59@outlook.com<\/a><\/em><br \/>\n<em><a href=\"https:\/\/twitter.com\/mauconde007\" target=\"_blank\" rel=\"noopener noreferrer\">@mauconde007<\/a> <\/em><br \/>\n<em><a href=\"https:\/\/mauriciocondeblog.wordpress.com\" target=\"_blank\" rel=\"noopener noreferrer\">https:\/\/mauriciocondeblog.wordpress.com<\/a><\/em><\/p>\n<p>&nbsp;<\/p>\n","protected":false},"excerpt":{"rendered":"<p><span style=\"color: #005497;\"><strong>Mauricio Conde Olivares<\/strong><\/span><\/p>\n","protected":false},"author":3,"featured_media":0,"comment_status":"open","ping_status":"open","sticky":false,"template":"","format":"standard","meta":{"_monsterinsights_skip_tracking":false,"_monsterinsights_sitenote_active":false,"_monsterinsights_sitenote_note":"","_monsterinsights_sitenote_category":0,"footnotes":""},"categories":[35889],"tags":[43712,43674,44860],"class_list":["post-517323","post","type-post","status-publish","format-standard","hentry","category-mauricio-conde-olivares","tag-mauricio-conde-olivares","tag-opinion","tag-hora-14"],"_links":{"self":[{"href":"https:\/\/www.diarioimagen.net\/index.php?rest_route=\/wp\/v2\/posts\/517323","targetHints":{"allow":["GET"]}}],"collection":[{"href":"https:\/\/www.diarioimagen.net\/index.php?rest_route=\/wp\/v2\/posts"}],"about":[{"href":"https:\/\/www.diarioimagen.net\/index.php?rest_route=\/wp\/v2\/types\/post"}],"author":[{"embeddable":true,"href":"https:\/\/www.diarioimagen.net\/index.php?rest_route=\/wp\/v2\/users\/3"}],"replies":[{"embeddable":true,"href":"https:\/\/www.diarioimagen.net\/index.php?rest_route=%2Fwp%2Fv2%2Fcomments&post=517323"}],"version-history":[{"count":0,"href":"https:\/\/www.diarioimagen.net\/index.php?rest_route=\/wp\/v2\/posts\/517323\/revisions"}],"wp:attachment":[{"href":"https:\/\/www.diarioimagen.net\/index.php?rest_route=%2Fwp%2Fv2%2Fmedia&parent=517323"}],"wp:term":[{"taxonomy":"category","embeddable":true,"href":"https:\/\/www.diarioimagen.net\/index.php?rest_route=%2Fwp%2Fv2%2Fcategories&post=517323"},{"taxonomy":"post_tag","embeddable":true,"href":"https:\/\/www.diarioimagen.net\/index.php?rest_route=%2Fwp%2Fv2%2Ftags&post=517323"}],"curies":[{"name":"wp","href":"https:\/\/api.w.org\/{rel}","templated":true}]}}