{"id":517397,"date":"2021-08-17T00:05:08","date_gmt":"2021-08-17T05:05:08","guid":{"rendered":"https:\/\/www.diarioimagen.net\/?p=517397"},"modified":"2021-08-18T07:27:24","modified_gmt":"2021-08-18T12:27:24","slug":"se-suma-uaem-a-la-deteccion-oportuna-de-casos-covid-19","status":"publish","type":"post","link":"https:\/\/www.diarioimagen.net\/?p=517397","title":{"rendered":"Se suma UAEM a la detecci\u00f3n oportuna de casos Covid-19"},"content":{"rendered":"<p><em>\u00a0<\/em><\/p>\n<ul>\n<li><strong><em>La explanada de los gimnasios \u201cLic. Adolfo L\u00f3pez Mateos\u201d de la UAEM se ha convertido en una de las sedes itinerantes de la Unidad M\u00f3vil de Pruebas R\u00e1pidas para Detecci\u00f3n de Covid-19 del ISEM<\/em><\/strong><\/li>\n<\/ul>\n<p>&nbsp;<\/p>\n<div id=\"attachment_517503\" style=\"width: 470px\" class=\"wp-caption aligncenter\"><a href=\"https:\/\/www.diarioimagen.net\/?attachment_id=517503\" rel=\"attachment wp-att-517503\"><img loading=\"lazy\" decoding=\"async\" aria-describedby=\"caption-attachment-517503\" class=\"size-full wp-image-517503\" src=\"https:\/\/www.diarioimagen.net\/wp-content\/uploads\/2021\/08\/uaem-8.jpg\" alt=\"\" width=\"460\" height=\"270\" \/><\/a><p id=\"caption-attachment-517503\" class=\"wp-caption-text\">La UAEM se convierte en una de las sedes itinerantes de la Unidad M\u00f3vil de Pruebas R\u00e1pidas para Detecci\u00f3n de Covid-19 del Instituto de Salud de la entidad (ISEM).<\/p><\/div>\n<p>&nbsp;<\/p>\n<p><strong>Toluca, Estado de M\u00e9xico.- <\/strong>La Universidad Aut\u00f3noma del Estado de M\u00e9xico (UAEM) se suma a las acciones para mitigar la propagaci\u00f3n del virus SARS-CoV-2 en la poblaci\u00f3n al convertirse en una de las sedes itinerantes de la Unidad M\u00f3vil de Pruebas R\u00e1pidas para Detecci\u00f3n de Covid-19 del Instituto de Salud de la entidad (ISEM).<\/p>\n<p>En la explanada de la Unidad Deportiva \u201cLic. Adolfo L\u00f3pez Mateos\u201d se instal\u00f3 durante los d\u00edas 12 de julio, el 9 y 16 de agosto infraestructura para recibir a la comunidad universitaria y p\u00fablico en general, con el prop\u00f3sito de aplicar de manera gratuita la prueba r\u00e1pida de ant\u00edgenos.<\/p>\n<p>Bajo estrictos protocolos sanitarios se obtuvieron en promedio 700 diagn\u00f3sticos por d\u00eda, en un horario de 9:00 a 14:00 horas. Los interesados ten\u00edan que portar cubrebocas, mantener distanciamiento social y acudir sin acompa\u00f1antes para evitar aglomeraciones. Los resultados una vez realizada la prueba se entregaban en un lapso menor a 15 minutos.<\/p>\n<p>Cabe mencionar que la prueba r\u00e1pida de ant\u00edgenos, la cual se realiza a trav\u00e9s de un hisopo, permite diagnosticar si una persona es portadora del virus SARS-CoV -2, con una especificidad y sensibilidad que alcanza el 80 por ciento, dependiendo de la etapa en la que el posible contagiado se haga el examen.<\/p>\n","protected":false},"excerpt":{"rendered":"<p>La Universidad Aut\u00f3noma del Estado de M\u00e9xico (UAEM) se suma a las acciones para mitigar la propagaci\u00f3n del virus SARS-CoV-2 en la poblaci\u00f3n al convertirse en una de las sedes itinerantes de la Unidad M\u00f3vil de Pruebas R\u00e1pidas para Detecci\u00f3n de Covid-19 del Instituto de Salud de la entidad (ISEM).\u00a0<\/p>\n","protected":false},"author":3,"featured_media":517503,"comment_status":"open","ping_status":"open","sticky":false,"template":"","format":"standard","meta":{"_monsterinsights_skip_tracking":false,"_monsterinsights_sitenote_active":false,"_monsterinsights_sitenote_note":"","_monsterinsights_sitenote_category":0,"footnotes":""},"categories":[5],"tags":[43675,13566,452],"class_list":["post-517397","post","type-post","status-publish","format-standard","has-post-thumbnail","hentry","category-estado-de-mexico","tag-estado-de-mexico","tag-isem","tag-toluca"],"_links":{"self":[{"href":"https:\/\/www.diarioimagen.net\/index.php?rest_route=\/wp\/v2\/posts\/517397","targetHints":{"allow":["GET"]}}],"collection":[{"href":"https:\/\/www.diarioimagen.net\/index.php?rest_route=\/wp\/v2\/posts"}],"about":[{"href":"https:\/\/www.diarioimagen.net\/index.php?rest_route=\/wp\/v2\/types\/post"}],"author":[{"embeddable":true,"href":"https:\/\/www.diarioimagen.net\/index.php?rest_route=\/wp\/v2\/users\/3"}],"replies":[{"embeddable":true,"href":"https:\/\/www.diarioimagen.net\/index.php?rest_route=%2Fwp%2Fv2%2Fcomments&post=517397"}],"version-history":[{"count":0,"href":"https:\/\/www.diarioimagen.net\/index.php?rest_route=\/wp\/v2\/posts\/517397\/revisions"}],"wp:featuredmedia":[{"embeddable":true,"href":"https:\/\/www.diarioimagen.net\/index.php?rest_route=\/wp\/v2\/media\/517503"}],"wp:attachment":[{"href":"https:\/\/www.diarioimagen.net\/index.php?rest_route=%2Fwp%2Fv2%2Fmedia&parent=517397"}],"wp:term":[{"taxonomy":"category","embeddable":true,"href":"https:\/\/www.diarioimagen.net\/index.php?rest_route=%2Fwp%2Fv2%2Fcategories&post=517397"},{"taxonomy":"post_tag","embeddable":true,"href":"https:\/\/www.diarioimagen.net\/index.php?rest_route=%2Fwp%2Fv2%2Ftags&post=517397"}],"curies":[{"name":"wp","href":"https:\/\/api.w.org\/{rel}","templated":true}]}}